{"id":42633,"date":"2025-06-02T15:39:18","date_gmt":"2025-06-02T18:39:18","guid":{"rendered":"https:\/\/somdepapo.com.br\/portal\/?p=42633"},"modified":"2025-06-02T15:39:18","modified_gmt":"2025-06-02T18:39:18","slug":"seducao-e-morte-no-judiciario","status":"publish","type":"post","link":"https:\/\/somdepapo.com.br\/portal\/seducao-e-morte-no-judiciario\/","title":{"rendered":"Sedu\u00e7\u00e3o e Morte no Judici\u00e1rio"},"content":{"rendered":"<p style=\"text-align: right;\">Por Reda\u00e7\u00e3o&nbsp;<\/p>\n<p>&nbsp;<\/p>\n<p style=\"text-align: justify;\">\u201cSedu\u00e7\u00e3o e Morte no Judici\u00e1rio\u201d: Livro de Wadih Habib ser\u00e1 lan\u00e7ado em Salvador<\/p>\n<p style=\"text-align: justify;\">O evento ser\u00e1 realizado no dia 17 de junho, \u00e0s 18H, no Salvador Shopping Business, no bairro do Caminho das \u00c1rvores<\/p>\n<p style=\"text-align: justify;\">Um advogado, com carreira s\u00f3lida e rotina previs\u00edvel, vive uma noite fora do comum no Rio Vermelho, em Salvador. Ao voltar para pegar o carro, ao sair de um bar, \u00e9 surpreendido por um estranho armado, obrigado a abrir o porta-malas e segurar uma arma. O homem desaparece t\u00e3o r\u00e1pido quanto surgiu. Horas depois, j\u00e1 em casa, ele decide abrir a mala. E o que encontra ali muda tudo! E agora? O que fazer diante de uma cena que mais parece sa\u00edda de um pesadelo? Esse \u00e9 o dilema enfrentado pelo personagem Severino, protagonista do livro \u201cSedu\u00e7\u00e3o e Morte no Judici\u00e1rio\u201d, do escritor e advogado Wadih Habib, que ser\u00e1 lan\u00e7ado no dia 17 de junho, \u00e0s 18h, no Audit\u00f3rio Torre Am\u00e9rica do Salvador Shopping Business, no bairro do Caminho das \u00c1rvores, na capital baiana.<\/p>\n<p style=\"text-align: justify;\">Nascido em Pil\u00e3o Arcado, Sert\u00e3o baiano, no final dos anos 70, Severino \u00e9 filho de Sr Severiano, que criava bodes e porcos para vender em uma barraca na feira da cidade, e de D. Maria, lavadeira, e teve uma inf\u00e2ncia humilde. Aos 12 anos, trabalhando na feira para colaborar financeiramente com a fam\u00edlia, v\u00ea um homem vestido de forma destoante dos demais e pergunta qual profiss\u00e3o exercia e ele responde que era advogado e defende os fracos e oprimidos, com a espada da lei. E ent\u00e3o surge o desejo em Severino de se tornar um advogado.&nbsp;<\/p>\n<p style=\"text-align: justify;\">No livro, o protagonista cursa direito, \u00e9 aprovado pela Ordem dos Advogados do Brasil (OAB) e se torna Juiz. Por\u00e9m, a vontade de defender as pessoas faz com que Severino decida mudar os rumos da vida e retomar a trajet\u00f3ria profissional como advogado. J\u00e1 com 42 anos e uma carreira estabilizada, a ida ao bar em rua deserta e escura do Rio Vermelho para reencontrar o amigo Valdir se torna um ponto de partida de uma hist\u00f3ria de fic\u00e7\u00e3o cheia de suspense.<\/p>\n<p style=\"text-align: justify;\">O processo criativo de \u201cSedu\u00e7\u00e3o e Morte no Judici\u00e1rio\u201d \u00e9 analisado pelo autor Wadih Habib. \u201cComecei a escrever o livro logo ap\u00f3s ter acabado de ler a obra \u201cQuando Nietzsche Chorou\u201d, escrito por Irvin D. Yalom, em 2015. A ideia surgiu inicialmente a partir do contexto da vida de Severino. Escrevi o primeiro cap\u00edtulo, que se chama \u2018O Dilema\u2019, e a hist\u00f3ria foi ganhando corpo\u201d, conta o autor. A partir da\u00ed, ele come\u00e7ou a dar vida aos personagens que comp\u00f5em a trama, como o advogado criminalista Valdir, tamb\u00e9m protagonista, a misteriosa Sofia e a m\u00e9dica Karina.<\/p>\n<p style=\"text-align: justify;\">Wadih Habib<\/p>\n<p style=\"text-align: justify;\">O escritor e advogado Wadih Habib \u00e9 nascido em Itabuna e atua na \u00e1rea do Direito h\u00e1 mais de 30 anos. Formado pela Universidade Estadual Santa Cruz (UESC), j\u00e1 foi coordenador do curso de Direito, diretor e membro do Conselho de Administra\u00e7\u00e3o do Centro Universit\u00e1rio Dom Pedro II (Unidompedro). Atualmente, \u00e9 s\u00f3cio-diretor da Habib Advocacia.<\/p>\n<p style=\"text-align: justify;\">Mais informa\u00e7\u00f5es:<\/p>\n<p style=\"text-align: justify;\">Evento: Lan\u00e7amento do livro &#8220;Sedu\u00e7\u00e3o e Morte no Judici\u00e1rio&#8221;, do escritor e advogado Wadih Habib.<\/p>\n<p style=\"text-align: justify;\">Data: 17 de junho (ter\u00e7a-feira).<\/p>\n<p style=\"text-align: justify;\">Hor\u00e1rio: 18h.<\/p>\n<p style=\"text-align: justify;\">Local: Audit\u00f3rio Torre Am\u00e9rica, Salvador Shopping Business, no Caminho das \u00c1rvores, em Salvador.<\/p>\n<p style=\"text-align: justify;\">Fonte: VOAH Comunica\u00e7\u00e3o e Branding<\/p>\n<p style=\"text-align: justify;\">&nbsp;<\/p>\n","protected":false},"excerpt":{"rendered":"<p>Por Reda\u00e7\u00e3o&nbsp; &nbsp; \u201cSedu\u00e7\u00e3o e Morte no Judici\u00e1rio\u201d: Livro de Wadih Habib ser\u00e1 lan\u00e7ado em Salvador O evento ser\u00e1 realizado no dia 17 de junho, \u00e0s 18H, no Salvador Shopping Business, no bairro do Caminho das \u00c1rvores Um advogado, com carreira s\u00f3lida e rotina previs\u00edvel, vive uma noite fora do comum no Rio Vermelho, em [&hellip;]<\/p>\n","protected":false},"author":1,"featured_media":42634,"comment_status":"open","ping_status":"open","sticky":false,"template":"","format":"standard","meta":{"ngg_post_thumbnail":0,"footnotes":""},"categories":[14,2,41],"tags":[],"class_list":["post-42633","post","type-post","status-publish","format-standard","has-post-thumbnail","hentry","category-arte-e-literatura","category-destaques","category-ultimasnoticias"],"_links":{"self":[{"href":"https:\/\/somdepapo.com.br\/portal\/wp-json\/wp\/v2\/posts\/42633","targetHints":{"allow":["GET"]}}],"collection":[{"href":"https:\/\/somdepapo.com.br\/portal\/wp-json\/wp\/v2\/posts"}],"about":[{"href":"https:\/\/somdepapo.com.br\/portal\/wp-json\/wp\/v2\/types\/post"}],"author":[{"embeddable":true,"href":"https:\/\/somdepapo.com.br\/portal\/wp-json\/wp\/v2\/users\/1"}],"replies":[{"embeddable":true,"href":"https:\/\/somdepapo.com.br\/portal\/wp-json\/wp\/v2\/comments?post=42633"}],"version-history":[{"count":1,"href":"https:\/\/somdepapo.com.br\/portal\/wp-json\/wp\/v2\/posts\/42633\/revisions"}],"predecessor-version":[{"id":42635,"href":"https:\/\/somdepapo.com.br\/portal\/wp-json\/wp\/v2\/posts\/42633\/revisions\/42635"}],"wp:featuredmedia":[{"embeddable":true,"href":"https:\/\/somdepapo.com.br\/portal\/wp-json\/wp\/v2\/media\/42634"}],"wp:attachment":[{"href":"https:\/\/somdepapo.com.br\/portal\/wp-json\/wp\/v2\/media?parent=42633"}],"wp:term":[{"taxonomy":"category","embeddable":true,"href":"https:\/\/somdepapo.com.br\/portal\/wp-json\/wp\/v2\/categories?post=42633"},{"taxonomy":"post_tag","embeddable":true,"href":"https:\/\/somdepapo.com.br\/portal\/wp-json\/wp\/v2\/tags?post=42633"}],"curies":[{"name":"wp","href":"https:\/\/api.w.org\/{rel}","templated":true}]}}