{"id":43443,"date":"2025-08-07T09:28:28","date_gmt":"2025-08-07T12:28:28","guid":{"rendered":"https:\/\/somdepapo.com.br\/portal\/?p=43443"},"modified":"2025-08-07T09:33:35","modified_gmt":"2025-08-07T12:33:35","slug":"pl-2159-21-e-o-papel-do-consultor-ambiental-responsabilidades-em-um-novo-cenario","status":"publish","type":"post","link":"https:\/\/somdepapo.com.br\/portal\/pl-2159-21-e-o-papel-do-consultor-ambiental-responsabilidades-em-um-novo-cenario\/","title":{"rendered":"PL 2159\/21 e o Papel do Consultor Ambiental: Responsabilidades em um novo cen\u00e1rio"},"content":{"rendered":"<p style=\"text-align: right;\">Por Andr\u00e9 Henrique&nbsp;<\/p>\n<p style=\"text-align: justify;\">A aprova\u00e7\u00e3o da PL 2159\/21 marca um ponto de inflex\u00e3o no licenciamento ambiental brasileiro. Ao propor uma reformula\u00e7\u00e3o ampla nas regras para concess\u00e3o de licen\u00e7as, a proposta transfere parte das obriga\u00e7\u00f5es hist\u00f3ricas do Estado para o setor privado, com destaque para o papel do consultor ambiental. Esse profissional, que antes atuava como apoio t\u00e9cnico aos processos, agora passa a ocupar uma posi\u00e7\u00e3o central, sendo respons\u00e1vel direto pela integridade de informa\u00e7\u00f5es, diagn\u00f3sticos e estudos apresentados aos \u00f3rg\u00e3os ambientais.<\/p>\n<p style=\"text-align: justify;\">O que \u00e9 a PL 2159\/21?<\/p>\n<p style=\"text-align: justify;\">A proposta de lei visa consolidar uma legisla\u00e7\u00e3o federal que unifique, simplifique e agilize os processos de licenciamento ambiental em todo o pa\u00eds. Entre as principais mudan\u00e7as est\u00e3o:<\/p>\n<p style=\"text-align: justify;\">Cria\u00e7\u00e3o da Licen\u00e7a por Ades\u00e3o e Compromisso (LAC), que dispensa an\u00e1lise t\u00e9cnica pr\u00e9via do \u00f3rg\u00e3o ambiental;<\/p>\n<p style=\"text-align: justify;\">Defini\u00e7\u00e3o de atividades que podem ser dispensadas de licenciamento;<\/p>\n<p style=\"text-align: justify;\">Redu\u00e7\u00e3o da participa\u00e7\u00e3o de \u00f3rg\u00e3os intervenientes e do Ibama em processos estaduais;<\/p>\n<p style=\"text-align: justify;\">Enxugamento dos prazos de an\u00e1lise e emiss\u00e3o de licen\u00e7as.<\/p>\n<p style=\"text-align: justify;\">Essas mudan\u00e7as tornam o processo mais c\u00e9lere e previs\u00edvel para os empreendedores, mas tamb\u00e9m aumentam os riscos de autodeclara\u00e7\u00f5es fraudulentas, omiss\u00f5es t\u00e9cnicas e impactos n\u00e3o previstos.<\/p>\n<p style=\"text-align: justify;\">O novo protagonismo do consultor ambiental<\/p>\n<p style=\"text-align: justify;\">Neste novo modelo, o consultor ambiental passa a ter papel estrat\u00e9gico e operacional fundamental. Ele \u00e9 o elo entre o empreendedor e o \u00f3rg\u00e3o licenciador, sendo respons\u00e1vel pela elabora\u00e7\u00e3o dos estudos, an\u00e1lise da legisla\u00e7\u00e3o aplic\u00e1vel e indica\u00e7\u00e3o das medidas mitigadoras.<\/p>\n<p style=\"text-align: justify;\">Se antes o consultor era um assessor t\u00e9cnico, hoje ele carrega parte do \u00f4nus da responsabilidade ambiental.&nbsp;<\/p>\n<p style=\"text-align: justify;\">Ele deve garantir que:<\/p>\n<p style=\"text-align: justify;\">As informa\u00e7\u00f5es apresentadas sejam verdadeiras, atualizadas e tecnicamente consistentes;<\/p>\n<p style=\"text-align: justify;\">Os impactos ambientais estejam adequadamente identificados, avaliados e mitigados;<\/p>\n<p style=\"text-align: justify;\">O empreendedor compreenda e siga todas as obriga\u00e7\u00f5es ambientais;<\/p>\n<p style=\"text-align: justify;\">Al\u00e9m disso, os consultores atuam como respons\u00e1veis t\u00e9cnicos registrados em conselhos como CREA ou CRBio, respondendo civil, administrativa e eticamente por suas a\u00e7\u00f5es e omiss\u00f5es.<\/p>\n<p style=\"text-align: justify;\">Riscos e cuidados<\/p>\n<p style=\"text-align: justify;\">O aumento de responsabilidade tamb\u00e9m traz riscos. Em caso de omiss\u00f5es, erros t\u00e9cnicos ou informa\u00e7\u00f5es fraudulentas, o consultor pode<\/p>\n<p style=\"text-align: justify;\">Ser responsabilizado por dano ambiental solidariamente com o empreendedor;<\/p>\n<p style=\"text-align: justify;\">Responder a processos administrativos, c\u00edveis e at\u00e9 penais;<\/p>\n<p style=\"text-align: justify;\">Ter san\u00e7\u00f5es profissionais aplicadas por seu conselho de classe.<\/p>\n<p style=\"text-align: justify;\">Isso exige do consultor atua\u00e7\u00e3o \u00e9tica, dom\u00ednio t\u00e9cnico, atualiza\u00e7\u00e3o constante e postura independente, mesmo frente \u00e0 press\u00e3o de clientes que desejam agilidade a qualquer custo.<\/p>\n<p style=\"text-align: justify;\">Conclus\u00e3o<\/p>\n<p style=\"text-align: justify;\">A PL 2159\/21 n\u00e3o elimina o licenciamento ambiental, mas reconfigura profundamente sua l\u00f3gica e responsabilidades. Nesse novo cen\u00e1rio, o consultor ambiental deixa de ser coadjuvante para se tornar pe\u00e7a-chave na governan\u00e7a ambiental brasileira.<\/p>\n<p style=\"text-align: justify;\">Por isso, \u00e9 fundamental que a sociedade valorize e fiscalize a atua\u00e7\u00e3o desses profissionais, garantindo que a pressa n\u00e3o ultrapasse os limites do conhecimento t\u00e9cnico e da \u00e9tica ambiental. O futuro da sustentabilidade no Brasil depender\u00e1, em grande parte, da seriedade com que os consultores ambientais exercer\u00e3o esse novo protagonismo.<\/p>\n<p style=\"text-align: justify;\">Se voc\u00ea deseja aprender mais sobre como iniciar na \u00e1rea ambiental, confira o eBook &#8220;Como Iniciar sua Consultoria Ambiental&#8221; dispon\u00edvel na Hotmart. Com ele, voc\u00ea ter\u00e1 um guia pr\u00e1tico para iniciar nas carreiras ambientais.<\/p>\n<p style=\"text-align: justify;\">Andr\u00e9 Henrique de Rezende Almeida<\/p>\n<p style=\"text-align: justify;\">@BIOLOGOANDREHENRIQUE<\/p>\n<p style=\"text-align: justify;\">Bi\u00f3logo CRBIO 02: 60.945<\/p>\n<p style=\"text-align: justify;\">Engenheiro Ambiental CREA: ES-055476\/D<\/p>\n<p style=\"text-align: justify;\">&nbsp;<\/p>\n<p style=\"text-align: justify;\">&nbsp;<\/p>\n","protected":false},"excerpt":{"rendered":"<p>Por Andr\u00e9 Henrique&nbsp; A aprova\u00e7\u00e3o da PL 2159\/21 marca um ponto de inflex\u00e3o no licenciamento ambiental brasileiro. Ao propor uma reformula\u00e7\u00e3o ampla nas regras para concess\u00e3o de licen\u00e7as, a proposta transfere parte das obriga\u00e7\u00f5es hist\u00f3ricas do Estado para o setor privado, com destaque para o papel do consultor ambiental. Esse profissional, que antes atuava como [&hellip;]<\/p>\n","protected":false},"author":1,"featured_media":43444,"comment_status":"open","ping_status":"open","sticky":false,"template":"","format":"standard","meta":{"ngg_post_thumbnail":0,"footnotes":""},"categories":[2,345,31],"tags":[],"class_list":["post-43443","post","type-post","status-publish","format-standard","has-post-thumbnail","hentry","category-destaques","category-meio-ambiente","category-noticias"],"_links":{"self":[{"href":"https:\/\/somdepapo.com.br\/portal\/wp-json\/wp\/v2\/posts\/43443","targetHints":{"allow":["GET"]}}],"collection":[{"href":"https:\/\/somdepapo.com.br\/portal\/wp-json\/wp\/v2\/posts"}],"about":[{"href":"https:\/\/somdepapo.com.br\/portal\/wp-json\/wp\/v2\/types\/post"}],"author":[{"embeddable":true,"href":"https:\/\/somdepapo.com.br\/portal\/wp-json\/wp\/v2\/users\/1"}],"replies":[{"embeddable":true,"href":"https:\/\/somdepapo.com.br\/portal\/wp-json\/wp\/v2\/comments?post=43443"}],"version-history":[{"count":1,"href":"https:\/\/somdepapo.com.br\/portal\/wp-json\/wp\/v2\/posts\/43443\/revisions"}],"predecessor-version":[{"id":43445,"href":"https:\/\/somdepapo.com.br\/portal\/wp-json\/wp\/v2\/posts\/43443\/revisions\/43445"}],"wp:featuredmedia":[{"embeddable":true,"href":"https:\/\/somdepapo.com.br\/portal\/wp-json\/wp\/v2\/media\/43444"}],"wp:attachment":[{"href":"https:\/\/somdepapo.com.br\/portal\/wp-json\/wp\/v2\/media?parent=43443"}],"wp:term":[{"taxonomy":"category","embeddable":true,"href":"https:\/\/somdepapo.com.br\/portal\/wp-json\/wp\/v2\/categories?post=43443"},{"taxonomy":"post_tag","embeddable":true,"href":"https:\/\/somdepapo.com.br\/portal\/wp-json\/wp\/v2\/tags?post=43443"}],"curies":[{"name":"wp","href":"https:\/\/api.w.org\/{rel}","templated":true}]}}