{"id":43504,"date":"2025-08-12T11:06:47","date_gmt":"2025-08-12T14:06:47","guid":{"rendered":"https:\/\/somdepapo.com.br\/portal\/?p=43504"},"modified":"2025-08-12T11:06:47","modified_gmt":"2025-08-12T14:06:47","slug":"os-cuidados-com-o-marketing-pessoal-nas-redes-sociais-o-que-ninguem-te-conta","status":"publish","type":"post","link":"https:\/\/somdepapo.com.br\/portal\/os-cuidados-com-o-marketing-pessoal-nas-redes-sociais-o-que-ninguem-te-conta\/","title":{"rendered":"Os cuidados com o Marketing Pessoal nas Redes Sociais: o que ningu\u00e9m te conta"},"content":{"rendered":"<p style=\"text-align: right;\">Por Isac Maciel<\/p>\n<p style=\"text-align: justify;\">Voc\u00ea j\u00e1 parou para pensar que, nas redes sociais, voc\u00ea \u00e9 a sua pr\u00f3pria vitrine?<\/p>\n<p style=\"text-align: justify;\">&nbsp;Seja para conquistar clientes, fechar parcerias ou at\u00e9 mesmo para se destacar no mercado de trabalho, a forma como voc\u00ea se posiciona online pode abrir portas\u2026 ou fech\u00e1-las.<\/p>\n<p style=\"text-align: justify;\">O marketing pessoal \u00e9 muito mais do que postar fotos bonitas ou frases motivacionais \u2014 ele \u00e9 sobre transmitir valor, credibilidade e autenticidade. E, como toda vitrine, ele precisa de cuidado.<\/p>\n<p style=\"text-align: justify;\">1. Sua imagem fala antes de voc\u00ea<\/p>\n<p style=\"text-align: justify;\">A primeira impress\u00e3o acontece em segundos.<\/p>\n<p style=\"text-align: justify;\">&nbsp;Foto de perfil, biografia, tom de voz nas legendas\u2026 tudo isso comunica quem voc\u00ea \u00e9.<\/p>\n<p style=\"text-align: justify;\">Prefira fotos n\u00edtidas, que transmitam profissionalismo (mesmo que sejam mais descontra\u00eddas).<\/p>\n<p style=\"text-align: justify;\">&nbsp;<\/p>\n<p style=\"text-align: justify;\">&nbsp;<\/p>\n<p style=\"text-align: justify;\">Deixe claro na bio o que voc\u00ea faz e como pode ajudar.<\/p>\n<p style=\"text-align: justify;\">&nbsp;<\/p>\n<p style=\"text-align: justify;\">&nbsp;<\/p>\n<p style=\"text-align: justify;\">2. Conte\u00fado: mais qualidade, menos quantidade<\/p>\n<p style=\"text-align: justify;\">Postar todos os dias sem prop\u00f3sito pode ser t\u00e3o prejudicial quanto n\u00e3o postar nada.<\/p>\n<p style=\"text-align: justify;\">&nbsp;Pergunte-se antes: Essa publica\u00e7\u00e3o refor\u00e7a minha autoridade? Gera conex\u00e3o? Traz valor real para meu p\u00fablico?<\/p>\n<p style=\"text-align: justify;\">&nbsp;Se a resposta for \u201cn\u00e3o\u201d, repense.<\/p>\n<p style=\"text-align: justify;\">3. Autenticidade \u00e9 o seu maior diferencial<\/p>\n<p style=\"text-align: justify;\">N\u00e3o tente ser uma c\u00f3pia de algu\u00e9m que j\u00e1 est\u00e1 no topo.<\/p>\n<p style=\"text-align: justify;\">&nbsp;As pessoas se conectam com hist\u00f3rias reais, bastidores, vulnerabilidades e conquistas de verdade.<\/p>\n<p style=\"text-align: justify;\">&nbsp;Lembre-se: quem tenta agradar todo mundo, n\u00e3o cria impacto em ningu\u00e9m.<\/p>\n<p style=\"text-align: justify;\">4. Cuidado com pol\u00eamicas<\/p>\n<p style=\"text-align: justify;\">Opini\u00f5es fortes geram engajamento, mas tamb\u00e9m podem queimar sua imagem.<\/p>\n<p style=\"text-align: justify;\">&nbsp;Antes de entrar em debates delicados, avalie se isso est\u00e1 alinhado com os valores que voc\u00ea quer transmitir.<\/p>\n<p style=\"text-align: justify;\">5. Consist\u00eancia constr\u00f3i confian\u00e7a<\/p>\n<p style=\"text-align: justify;\">Marketing pessoal n\u00e3o \u00e9 um \u201cgolpe de sorte\u201d. \u00c9 resultado de presen\u00e7a constante, coer\u00eancia e entrega de valor.<\/p>\n<p style=\"text-align: justify;\">&nbsp;N\u00e3o adianta postar um m\u00eas inteiro e depois sumir por tr\u00eas.<\/p>\n<p style=\"text-align: justify;\">&nbsp;<\/p>\n<p style=\"text-align: justify;\">&nbsp;As redes sociais s\u00e3o um palco, mas tamb\u00e9m um arquivo permanente. Tudo o que voc\u00ea posta pode ser lembrado, compartilhado e interpretado no futuro.<\/p>\n<p style=\"text-align: justify;\">&nbsp;Por isso, cuide do seu marketing pessoal como cuidaria da sua pr\u00f3pria reputa\u00e7\u00e3o: com estrat\u00e9gia, bom senso e autenticidade.<\/p>\n<p style=\"text-align: justify;\">Porque, no final das contas, n\u00e3o \u00e9 sobre aparecer \u2014 \u00e9 sobre ser lembrado pelas raz\u00f5es certas.<\/p>\n<p style=\"text-align: justify;\">&nbsp;<\/p>\n<p style=\"text-align: justify;\">&nbsp;<\/p>\n","protected":false},"excerpt":{"rendered":"<p>Por Isac Maciel Voc\u00ea j\u00e1 parou para pensar que, nas redes sociais, voc\u00ea \u00e9 a sua pr\u00f3pria vitrine? &nbsp;Seja para conquistar clientes, fechar parcerias ou at\u00e9 mesmo para se destacar no mercado de trabalho, a forma como voc\u00ea se posiciona online pode abrir portas\u2026 ou fech\u00e1-las. O marketing pessoal \u00e9 muito mais do que postar [&hellip;]<\/p>\n","protected":false},"author":1,"featured_media":43505,"comment_status":"open","ping_status":"open","sticky":false,"template":"","format":"standard","meta":{"ngg_post_thumbnail":0,"footnotes":""},"categories":[2,156,41],"tags":[],"class_list":["post-43504","post","type-post","status-publish","format-standard","has-post-thumbnail","hentry","category-destaques","category-marketing","category-ultimasnoticias"],"_links":{"self":[{"href":"https:\/\/somdepapo.com.br\/portal\/wp-json\/wp\/v2\/posts\/43504","targetHints":{"allow":["GET"]}}],"collection":[{"href":"https:\/\/somdepapo.com.br\/portal\/wp-json\/wp\/v2\/posts"}],"about":[{"href":"https:\/\/somdepapo.com.br\/portal\/wp-json\/wp\/v2\/types\/post"}],"author":[{"embeddable":true,"href":"https:\/\/somdepapo.com.br\/portal\/wp-json\/wp\/v2\/users\/1"}],"replies":[{"embeddable":true,"href":"https:\/\/somdepapo.com.br\/portal\/wp-json\/wp\/v2\/comments?post=43504"}],"version-history":[{"count":1,"href":"https:\/\/somdepapo.com.br\/portal\/wp-json\/wp\/v2\/posts\/43504\/revisions"}],"predecessor-version":[{"id":43506,"href":"https:\/\/somdepapo.com.br\/portal\/wp-json\/wp\/v2\/posts\/43504\/revisions\/43506"}],"wp:featuredmedia":[{"embeddable":true,"href":"https:\/\/somdepapo.com.br\/portal\/wp-json\/wp\/v2\/media\/43505"}],"wp:attachment":[{"href":"https:\/\/somdepapo.com.br\/portal\/wp-json\/wp\/v2\/media?parent=43504"}],"wp:term":[{"taxonomy":"category","embeddable":true,"href":"https:\/\/somdepapo.com.br\/portal\/wp-json\/wp\/v2\/categories?post=43504"},{"taxonomy":"post_tag","embeddable":true,"href":"https:\/\/somdepapo.com.br\/portal\/wp-json\/wp\/v2\/tags?post=43504"}],"curies":[{"name":"wp","href":"https:\/\/api.w.org\/{rel}","templated":true}]}}