{"id":43517,"date":"2025-08-13T12:19:03","date_gmt":"2025-08-13T15:19:03","guid":{"rendered":"https:\/\/somdepapo.com.br\/portal\/?p=43517"},"modified":"2025-08-13T12:19:03","modified_gmt":"2025-08-13T15:19:03","slug":"lei-n-15-090-2025-um-novo-marco-para-o-licenciamento-ambiental-no-brasil","status":"publish","type":"post","link":"https:\/\/somdepapo.com.br\/portal\/lei-n-15-090-2025-um-novo-marco-para-o-licenciamento-ambiental-no-brasil\/","title":{"rendered":"Lei n\u00b0 15.090\/2025: um novo marco para o Licenciamento Ambiental no Brasil"},"content":{"rendered":"<p style=\"text-align: right;\">Por Andr\u00e9 Henrique&nbsp;<\/p>\n<p style=\"text-align: justify;\">&nbsp;<\/p>\n<p style=\"text-align: justify;\">A Lei n\u00ba 15.090, sancionada em 8 de agosto de 2025, representa uma reformula\u00e7\u00e3o significativa no sistema de licenciamento ambiental brasileiro. Com o objetivo declarado de \u201cmodernizar\u201d e \u201cdesburocratizar\u201d os processos administrativos ambientais, a nova lei mant\u00e9m pontos centrais da legisla\u00e7\u00e3o ambiental vigente, enquanto introduz altera\u00e7\u00f5es que ampliam a participa\u00e7\u00e3o privada e flexibilizam exig\u00eancias t\u00e9cnicas, suscitando cr\u00edticas e olhares atentos sobre seus impactos.<\/p>\n<p style=\"text-align: justify;\">Objetivos oficiais da lei<\/p>\n<p style=\"text-align: justify;\">Instituir um marco legal nacional para o licenciamento ambiental, garantindo seguran\u00e7a jur\u00eddica, transpar\u00eancia e efici\u00eancia nas an\u00e1lises ambientais.<\/p>\n<p style=\"text-align: justify;\">Padroniza\u00e7\u00e3o do uso da Licen\u00e7a por Ades\u00e3o e Compromisso (LAC) em atividades de baixo impacto, com crit\u00e9rios unificados por todo o pa\u00eds.<\/p>\n<p style=\"text-align: justify;\">Principais mudan\u00e7as introduzidas<\/p>\n<p style=\"text-align: justify;\">Flexibiliza\u00e7\u00e3o para supress\u00e3o de vegeta\u00e7\u00e3o nativa<\/p>\n<p style=\"text-align: justify;\">A lei permite a dispensa da exig\u00eancia do Cadastro Ambiental Rural (CAR) em algumas situa\u00e7\u00f5es, reduzindo o controle sobre \u00e1reas potencialmente sens\u00edveis.<\/p>\n<p style=\"text-align: justify;\">Isen\u00e7\u00f5es mantidas para atividades agropecu\u00e1rias<\/p>\n<p style=\"text-align: justify;\">Atividades rurais, incluindo pecu\u00e1ria em diferentes portes, continuam dispensadas do licenciamento \u2014 um trecho que preocupa setores de conserva\u00e7\u00e3o ambiental.<\/p>\n<p style=\"text-align: justify;\">Licen\u00e7a Ambiental Especial (LAE)<\/p>\n<p style=\"text-align: justify;\">Introduzida para agilizar os empreendimentos considerados estrat\u00e9gicos, por\u00e9m com a exig\u00eancia de seguir o modelo tradicional em tr\u00eas fases \u2014 o veto excluiu a op\u00e7\u00e3o de aplicar a LAE em fase \u00fanica .<\/p>\n<p style=\"text-align: justify;\">Vetos presidenciais<\/p>\n<p style=\"text-align: justify;\">O presidente vetou 63 dispositivos da proposta original com o prop\u00f3sito de preservar crit\u00e9rios t\u00e9cnicos e padr\u00f5es nacionais, refor\u00e7ando que estados e DF devam seguir normas uniformes e mantendo a prote\u00e7\u00e3o especial para biomas como a Mata Atl\u00e2ntica.<\/p>\n<p style=\"text-align: justify;\">Avalia\u00e7\u00e3o cr\u00edtica<\/p>\n<p style=\"text-align: justify;\">Embora a nova lei traga avan\u00e7os desej\u00e1veis como previsibilidade legal e menor burocratiza\u00e7\u00e3o, seus aspectos controversos alertam para riscos reais:<\/p>\n<p style=\"text-align: justify;\">A manuten\u00e7\u00e3o de isen\u00e7\u00f5es amplas no setor agropecu\u00e1rio p\u00f5e em xeque a capacidade do Estado de controlar usos que geram significativa emiss\u00e3o de gases de efeito estufa e degrada\u00e7\u00e3o ambiental.<\/p>\n<p style=\"text-align: justify;\">A introdu\u00e7\u00e3o da LAE, mesmo com salvaguardas, pode resultar em licenciamento acelerado para projetos com alto potencial de impacto Brasil de Fato.<\/p>\n<p style=\"text-align: justify;\">Conclus\u00e3o<\/p>\n<p style=\"text-align: justify;\">A Lei n\u00ba 15.090\/2025 representa uma reformula\u00e7\u00e3o marcante do licenciamento ambiental no Brasil, buscando conciliar agilidade administrativa com prote\u00e7\u00e3o legal. Para que se torne mais do que um registro legal, ser\u00e1 essencial fortalecer os \u00f3rg\u00e3os ambientais, manter a participa\u00e7\u00e3o social ativa e garantir fiscaliza\u00e7\u00e3o eficaz.<\/p>\n<p style=\"text-align: justify;\">O desafio agora \u00e9 transformar os avan\u00e7os legais em realidade sustent\u00e1vel \u2014 em vez de brechas para retrocessos.<\/p>\n<p style=\"text-align: justify;\">Se voc\u00ea deseja aprender mais sobre como iniciar na \u00e1rea ambiental e fazer a diferen\u00e7a no mercado de trabalho, confira o eBook &#8220;Como Iniciar sua Consultoria Ambiental&#8221; dispon\u00edvel na Hotmart. Com ele, voc\u00ea ter\u00e1 um guia pr\u00e1tico para iniciar nas carreiras ambientais.<\/p>\n<p style=\"text-align: justify;\">Andr\u00e9 Henrique de Rezende Almeida<\/p>\n<p style=\"text-align: justify;\">@BIOLOGOANDREHENRIQUE<\/p>\n<p style=\"text-align: justify;\">Bi\u00f3logo CRBIO 02: 60.945<\/p>\n<p style=\"text-align: justify;\">Engenheiro Ambiental CREA: ES-055476\/D<\/p>\n<p style=\"text-align: justify;\">&nbsp;<\/p>\n<p style=\"text-align: justify;\">&nbsp;<\/p>\n","protected":false},"excerpt":{"rendered":"<p>Por Andr\u00e9 Henrique&nbsp; &nbsp; A Lei n\u00ba 15.090, sancionada em 8 de agosto de 2025, representa uma reformula\u00e7\u00e3o significativa no sistema de licenciamento ambiental brasileiro. Com o objetivo declarado de \u201cmodernizar\u201d e \u201cdesburocratizar\u201d os processos administrativos ambientais, a nova lei mant\u00e9m pontos centrais da legisla\u00e7\u00e3o ambiental vigente, enquanto introduz altera\u00e7\u00f5es que ampliam a participa\u00e7\u00e3o privada [&hellip;]<\/p>\n","protected":false},"author":1,"featured_media":43519,"comment_status":"open","ping_status":"open","sticky":false,"template":"","format":"standard","meta":{"ngg_post_thumbnail":0,"footnotes":""},"categories":[2,345,41],"tags":[],"class_list":["post-43517","post","type-post","status-publish","format-standard","has-post-thumbnail","hentry","category-destaques","category-meio-ambiente","category-ultimasnoticias"],"_links":{"self":[{"href":"https:\/\/somdepapo.com.br\/portal\/wp-json\/wp\/v2\/posts\/43517","targetHints":{"allow":["GET"]}}],"collection":[{"href":"https:\/\/somdepapo.com.br\/portal\/wp-json\/wp\/v2\/posts"}],"about":[{"href":"https:\/\/somdepapo.com.br\/portal\/wp-json\/wp\/v2\/types\/post"}],"author":[{"embeddable":true,"href":"https:\/\/somdepapo.com.br\/portal\/wp-json\/wp\/v2\/users\/1"}],"replies":[{"embeddable":true,"href":"https:\/\/somdepapo.com.br\/portal\/wp-json\/wp\/v2\/comments?post=43517"}],"version-history":[{"count":1,"href":"https:\/\/somdepapo.com.br\/portal\/wp-json\/wp\/v2\/posts\/43517\/revisions"}],"predecessor-version":[{"id":43520,"href":"https:\/\/somdepapo.com.br\/portal\/wp-json\/wp\/v2\/posts\/43517\/revisions\/43520"}],"wp:featuredmedia":[{"embeddable":true,"href":"https:\/\/somdepapo.com.br\/portal\/wp-json\/wp\/v2\/media\/43519"}],"wp:attachment":[{"href":"https:\/\/somdepapo.com.br\/portal\/wp-json\/wp\/v2\/media?parent=43517"}],"wp:term":[{"taxonomy":"category","embeddable":true,"href":"https:\/\/somdepapo.com.br\/portal\/wp-json\/wp\/v2\/categories?post=43517"},{"taxonomy":"post_tag","embeddable":true,"href":"https:\/\/somdepapo.com.br\/portal\/wp-json\/wp\/v2\/tags?post=43517"}],"curies":[{"name":"wp","href":"https:\/\/api.w.org\/{rel}","templated":true}]}}