{"id":43610,"date":"2025-08-20T16:25:32","date_gmt":"2025-08-20T19:25:32","guid":{"rendered":"https:\/\/somdepapo.com.br\/portal\/?p=43610"},"modified":"2025-08-20T16:25:32","modified_gmt":"2025-08-20T19:25:32","slug":"o-veto-presidencial-a-pl-2159-21-avanco-ou-meia-medida","status":"publish","type":"post","link":"https:\/\/somdepapo.com.br\/portal\/o-veto-presidencial-a-pl-2159-21-avanco-ou-meia-medida\/","title":{"rendered":"O Veto Presidencial \u00e0 PL 2159\/21: Avan\u00e7o ou Meia-Medida?"},"content":{"rendered":"<p style=\"text-align: right;\">Por Andr\u00e9 Henrique&nbsp;<\/p>\n<p style=\"text-align: justify;\">&nbsp;<\/p>\n<p style=\"text-align: justify;\">A recente san\u00e7\u00e3o da Lei n\u00ba 15.090\/2025, derivada da pol\u00eamica PL 2159\/21, trouxe \u00e0 tona um dos debates mais delicados do pa\u00eds: como conciliar o desenvolvimento econ\u00f4mico com a prote\u00e7\u00e3o ambiental. Ao sancionar a lei, o presidente vetou 63 dispositivos da proposta original, sob o argumento de preservar crit\u00e9rios t\u00e9cnicos e manter padr\u00f5es nacionais de prote\u00e7\u00e3o. Entretanto, apesar de tais vetos representarem um respiro frente ao desmonte legislativo que se desenhava, a decis\u00e3o ainda est\u00e1 longe de atender \u00e0s reais necessidades da conserva\u00e7\u00e3o ambiental no Brasil.<\/p>\n<p style=\"text-align: justify;\">O Que Foi Preservado<\/p>\n<p style=\"text-align: justify;\">\u00c9 verdade que os vetos impediram uma fragmenta\u00e7\u00e3o normativa perigosa, que permitiria a cada estado adotar crit\u00e9rios pr\u00f3prios de licenciamento, abrindo margem para uma \u201cguerra ambiental\u201d federativa. Tamb\u00e9m foi mantida a prote\u00e7\u00e3o especial para biomas sens\u00edveis como a Mata Atl\u00e2ntica, cuja biodiversidade \u00e9 patrim\u00f4nio nacional e exige salvaguardas rigorosas. Esses pontos positivos, no entanto, n\u00e3o podem obscurecer o fato de que muitas brechas continuam abertas.<\/p>\n<p style=\"text-align: justify;\">O Que Faltou Vetar<\/p>\n<p style=\"text-align: justify;\">A lei ainda carrega dispositivos que enfraquecem o processo de licenciamento ao ampliar as hip\u00f3teses de dispensa de licenciamento ambiental para atividades consideradas \u201cde baixo impacto\u201d. O problema \u00e9 que a classifica\u00e7\u00e3o de impacto \u00e9 muitas vezes subjetiva e sujeita a press\u00f5es pol\u00edticas e econ\u00f4micas. Atividades como obras de infraestrutura, dragagens e empreendimentos agropecu\u00e1rios podem gerar danos cumulativos s\u00e9rios, ainda que sejam enquadrados como de baixo risco.<\/p>\n<p style=\"text-align: justify;\">Ao manter tais pontos, o governo deixou de assumir uma postura mais contundente em defesa do meio ambiente. Se a inten\u00e7\u00e3o era preservar crit\u00e9rios t\u00e9cnicos, por que n\u00e3o vetar tamb\u00e9m os dispositivos que reduzem a participa\u00e7\u00e3o social, enfraquecem os \u00f3rg\u00e3os ambientais e facilitam o licenciamento autodeclarat\u00f3rio?<\/p>\n<p style=\"text-align: justify;\">Entre o Discurso e a Pr\u00e1tica<\/p>\n<p style=\"text-align: justify;\">O discurso oficial \u00e9 o de equil\u00edbrio entre economia e meio ambiente. Mas, na pr\u00e1tica, a lei cria um terreno f\u00e9rtil para a acelera\u00e7\u00e3o de obras e empreendimentos com avalia\u00e7\u00e3o ambiental reduzida. O resultado pode ser um retrocesso significativo, colocando em risco rios, florestas e popula\u00e7\u00f5es que dependem diretamente da integridade dos ecossistemas.<\/p>\n<p style=\"text-align: justify;\">Mais do que nunca, o Brasil precisa de um licenciamento robusto, que considere n\u00e3o apenas o impacto imediato, mas tamb\u00e9m o ac\u00famulo de danos ao longo do tempo. As mudan\u00e7as clim\u00e1ticas j\u00e1 batem \u00e0 porta, e flexibilizar o licenciamento pode acelerar um colapso ambiental.<\/p>\n<p style=\"text-align: justify;\">Conclus\u00e3o<\/p>\n<p style=\"text-align: justify;\">O veto parcial \u00e0 PL 2159\/21 foi, sem d\u00favida, uma vit\u00f3ria parcial para o meio ambiente. Mas foi tamb\u00e9m uma oportunidade perdida. O presidente poderia ter vetado muito mais, assegurando que a prote\u00e7\u00e3o ambiental permanecesse como prioridade absoluta, e n\u00e3o como moeda de troca para interesses econ\u00f4micos imediatistas.<\/p>\n<p style=\"text-align: justify;\">O Brasil n\u00e3o pode se dar ao luxo de adotar \u201cmeias-medidas\u201d. Preservar biomas estrat\u00e9gicos como a Amaz\u00f4nia e a Mata Atl\u00e2ntica exige coragem pol\u00edtica e compromisso integral com as futuras gera\u00e7\u00f5es. E, nesse ponto, os vetos ficaram aqu\u00e9m.<\/p>\n<p style=\"text-align: justify;\">Se voc\u00ea deseja aprender mais sobre como iniciar na \u00e1rea ambiental e fazer a diferen\u00e7a no mercado de trabalho, confira o eBook &#8220;Como Iniciar sua Consultoria Ambiental&#8221; dispon\u00edvel na Hotmart. Com ele, voc\u00ea ter\u00e1 um guia pr\u00e1tico para iniciar nas carreiras ambientais.<\/p>\n<p style=\"text-align: justify;\">Andr\u00e9 Henrique de Rezende Almeida<\/p>\n<p style=\"text-align: justify;\">@BIOLOGOANDREHENRIQUE<\/p>\n<p style=\"text-align: justify;\">Bi\u00f3logo CRBIO 02: 60.945<\/p>\n<p style=\"text-align: justify;\">Engenheiro Ambiental CREA: ES-055476\/D<\/p>\n<p style=\"text-align: justify;\">&nbsp;<\/p>\n<p style=\"text-align: justify;\">&nbsp;<\/p>\n","protected":false},"excerpt":{"rendered":"<p>Por Andr\u00e9 Henrique&nbsp; &nbsp; A recente san\u00e7\u00e3o da Lei n\u00ba 15.090\/2025, derivada da pol\u00eamica PL 2159\/21, trouxe \u00e0 tona um dos debates mais delicados do pa\u00eds: como conciliar o desenvolvimento econ\u00f4mico com a prote\u00e7\u00e3o ambiental. Ao sancionar a lei, o presidente vetou 63 dispositivos da proposta original, sob o argumento de preservar crit\u00e9rios t\u00e9cnicos e [&hellip;]<\/p>\n","protected":false},"author":1,"featured_media":43611,"comment_status":"open","ping_status":"open","sticky":false,"template":"","format":"standard","meta":{"ngg_post_thumbnail":0,"footnotes":""},"categories":[2,345,31,41],"tags":[],"class_list":["post-43610","post","type-post","status-publish","format-standard","has-post-thumbnail","hentry","category-destaques","category-meio-ambiente","category-noticias","category-ultimasnoticias"],"_links":{"self":[{"href":"https:\/\/somdepapo.com.br\/portal\/wp-json\/wp\/v2\/posts\/43610","targetHints":{"allow":["GET"]}}],"collection":[{"href":"https:\/\/somdepapo.com.br\/portal\/wp-json\/wp\/v2\/posts"}],"about":[{"href":"https:\/\/somdepapo.com.br\/portal\/wp-json\/wp\/v2\/types\/post"}],"author":[{"embeddable":true,"href":"https:\/\/somdepapo.com.br\/portal\/wp-json\/wp\/v2\/users\/1"}],"replies":[{"embeddable":true,"href":"https:\/\/somdepapo.com.br\/portal\/wp-json\/wp\/v2\/comments?post=43610"}],"version-history":[{"count":1,"href":"https:\/\/somdepapo.com.br\/portal\/wp-json\/wp\/v2\/posts\/43610\/revisions"}],"predecessor-version":[{"id":43612,"href":"https:\/\/somdepapo.com.br\/portal\/wp-json\/wp\/v2\/posts\/43610\/revisions\/43612"}],"wp:featuredmedia":[{"embeddable":true,"href":"https:\/\/somdepapo.com.br\/portal\/wp-json\/wp\/v2\/media\/43611"}],"wp:attachment":[{"href":"https:\/\/somdepapo.com.br\/portal\/wp-json\/wp\/v2\/media?parent=43610"}],"wp:term":[{"taxonomy":"category","embeddable":true,"href":"https:\/\/somdepapo.com.br\/portal\/wp-json\/wp\/v2\/categories?post=43610"},{"taxonomy":"post_tag","embeddable":true,"href":"https:\/\/somdepapo.com.br\/portal\/wp-json\/wp\/v2\/tags?post=43610"}],"curies":[{"name":"wp","href":"https:\/\/api.w.org\/{rel}","templated":true}]}}