{"id":43684,"date":"2025-08-27T07:30:05","date_gmt":"2025-08-27T10:30:05","guid":{"rendered":"https:\/\/somdepapo.com.br\/portal\/?p=43684"},"modified":"2025-08-27T07:30:05","modified_gmt":"2025-08-27T10:30:05","slug":"sustentabilidade-nas-escolas-como-educar-e-ser-reeducado","status":"publish","type":"post","link":"https:\/\/somdepapo.com.br\/portal\/sustentabilidade-nas-escolas-como-educar-e-ser-reeducado\/","title":{"rendered":"Sustentabilidade nas Escolas: Como Educar e ser Reeducado?"},"content":{"rendered":"<p style=\"text-align: right;\">Por Andr\u00e9 Henrique&nbsp;<\/p>\n<p style=\"text-align: justify;\">&nbsp;<\/p>\n<p style=\"text-align: justify;\">A palavra sustentabilidade deixou de ser apenas um conceito t\u00e9cnico para se tornar um imperativo social. Em um mundo que enfrenta mudan\u00e7as clim\u00e1ticas, crises h\u00eddricas e a degrada\u00e7\u00e3o de ecossistemas, pensar de forma sustent\u00e1vel \u00e9 urgente. E, nesse processo, a escola ocupa um papel essencial: n\u00e3o apenas como espa\u00e7o de forma\u00e7\u00e3o de alunos, mas tamb\u00e9m como local de reeduca\u00e7\u00e3o de toda a comunidade escolar.<\/p>\n<p style=\"text-align: justify;\">A Educa\u00e7\u00e3o para a Sustentabilidade<\/p>\n<p style=\"text-align: justify;\">Incluir a sustentabilidade no ambiente escolar n\u00e3o significa apenas promover aulas te\u00f3ricas sobre meio ambiente. \u00c9 necess\u00e1rio que ela esteja presente no curr\u00edculo, nas pr\u00e1ticas pedag\u00f3gicas e na gest\u00e3o da escola. O aprendizado precisa ser pr\u00e1tico e conectado \u00e0 realidade cotidiana.<\/p>\n<p style=\"text-align: justify;\">Atividades como a implanta\u00e7\u00e3o de hortas escolares, projetos de reciclagem de res\u00edduos, uso consciente da \u00e1gua e energia, e at\u00e9 a substitui\u00e7\u00e3o de materiais descart\u00e1veis por reutiliz\u00e1veis, permitem que os alunos vivenciem a sustentabilidade no dia a dia. Essa viv\u00eancia n\u00e3o s\u00f3 ensina, mas transforma h\u00e1bitos, tornando o conceito algo concreto.<\/p>\n<p style=\"text-align: justify;\">O Papel da Reeduca\u00e7\u00e3o<\/p>\n<p style=\"text-align: justify;\">Mais do que ensinar os estudantes, a escola tem tamb\u00e9m a miss\u00e3o de reeducar os adultos \u2014 professores, funcion\u00e1rios, fam\u00edlias e at\u00e9 a comunidade do entorno. Ao levar para casa as pr\u00e1ticas sustent\u00e1veis aprendidas, os alunos se tornam agentes multiplicadores. Pequenos gestos como separar o lixo, reduzir o desperd\u00edcio de \u00e1gua, reaproveitar materiais e optar por um consumo consciente podem ser disseminados para al\u00e9m dos muros escolares.<\/p>\n<p style=\"text-align: justify;\">Essa reeduca\u00e7\u00e3o \u00e9 fundamental porque muitos dos atuais problemas ambientais decorrem justamente de pr\u00e1ticas de gera\u00e7\u00f5es anteriores. Assim, a escola se torna espa\u00e7o de di\u00e1logo intergeracional, onde pais e filhos aprendem juntos a construir um futuro mais equilibrado.<\/p>\n<p style=\"text-align: justify;\">Sustentabilidade como Cultura<\/p>\n<p style=\"text-align: justify;\">O desafio \u00e9 transformar a sustentabilidade em cultura escolar. Isso significa integr\u00e1-la em todas as disciplinas, projetos e rotinas administrativas. Uma escola sustent\u00e1vel \u00e9 aquela que se preocupa com sua pegada ecol\u00f3gica, mas tamb\u00e9m que incentiva valores como solidariedade, responsabilidade coletiva e respeito pela vida.<\/p>\n<p style=\"text-align: justify;\">Conclus\u00e3o<\/p>\n<p style=\"text-align: justify;\">Educar e reeducar para a sustentabilidade \u00e9 um processo cont\u00ednuo, que exige comprometimento, inova\u00e7\u00e3o e, sobretudo, exemplo. Quando a escola assume esse papel, ela n\u00e3o apenas forma cidad\u00e3os mais conscientes, mas contribui para uma sociedade mais justa e preparada para enfrentar os desafios ambientais. Afinal, a sustentabilidade n\u00e3o \u00e9 apenas uma disciplina \u2014 \u00e9 um modo de viver.<\/p>\n<p style=\"text-align: justify;\">Se voc\u00ea deseja aprender mais sobre como iniciar na \u00e1rea ambiental e fazer a diferen\u00e7a no mercado de trabalho, confira o eBook &#8220;Como Iniciar sua Consultoria Ambiental&#8221; dispon\u00edvel na Hotmart. Com ele, voc\u00ea ter\u00e1 um guia pr\u00e1tico para iniciar nas carreiras ambientais.<\/p>\n<p style=\"text-align: justify;\">Andr\u00e9 Henrique de Rezende Almeida<\/p>\n<p style=\"text-align: justify;\">@BIOLOGOANDREHENRIQUE<\/p>\n<p style=\"text-align: justify;\">Bi\u00f3logo CRBIO 02: 60.945<\/p>\n<p style=\"text-align: justify;\">Engenheiro Ambiental CREA: ES-055476\/D<\/p>\n<p style=\"text-align: justify;\">&nbsp;<\/p>\n<p style=\"text-align: justify;\">&nbsp;<\/p>\n","protected":false},"excerpt":{"rendered":"<p>Por Andr\u00e9 Henrique&nbsp; &nbsp; A palavra sustentabilidade deixou de ser apenas um conceito t\u00e9cnico para se tornar um imperativo social. Em um mundo que enfrenta mudan\u00e7as clim\u00e1ticas, crises h\u00eddricas e a degrada\u00e7\u00e3o de ecossistemas, pensar de forma sustent\u00e1vel \u00e9 urgente. E, nesse processo, a escola ocupa um papel essencial: n\u00e3o apenas como espa\u00e7o de forma\u00e7\u00e3o [&hellip;]<\/p>\n","protected":false},"author":1,"featured_media":43685,"comment_status":"open","ping_status":"open","sticky":false,"template":"","format":"standard","meta":{"ngg_post_thumbnail":0,"footnotes":""},"categories":[2,345,31,41],"tags":[],"class_list":["post-43684","post","type-post","status-publish","format-standard","has-post-thumbnail","hentry","category-destaques","category-meio-ambiente","category-noticias","category-ultimasnoticias"],"_links":{"self":[{"href":"https:\/\/somdepapo.com.br\/portal\/wp-json\/wp\/v2\/posts\/43684","targetHints":{"allow":["GET"]}}],"collection":[{"href":"https:\/\/somdepapo.com.br\/portal\/wp-json\/wp\/v2\/posts"}],"about":[{"href":"https:\/\/somdepapo.com.br\/portal\/wp-json\/wp\/v2\/types\/post"}],"author":[{"embeddable":true,"href":"https:\/\/somdepapo.com.br\/portal\/wp-json\/wp\/v2\/users\/1"}],"replies":[{"embeddable":true,"href":"https:\/\/somdepapo.com.br\/portal\/wp-json\/wp\/v2\/comments?post=43684"}],"version-history":[{"count":1,"href":"https:\/\/somdepapo.com.br\/portal\/wp-json\/wp\/v2\/posts\/43684\/revisions"}],"predecessor-version":[{"id":43686,"href":"https:\/\/somdepapo.com.br\/portal\/wp-json\/wp\/v2\/posts\/43684\/revisions\/43686"}],"wp:featuredmedia":[{"embeddable":true,"href":"https:\/\/somdepapo.com.br\/portal\/wp-json\/wp\/v2\/media\/43685"}],"wp:attachment":[{"href":"https:\/\/somdepapo.com.br\/portal\/wp-json\/wp\/v2\/media?parent=43684"}],"wp:term":[{"taxonomy":"category","embeddable":true,"href":"https:\/\/somdepapo.com.br\/portal\/wp-json\/wp\/v2\/categories?post=43684"},{"taxonomy":"post_tag","embeddable":true,"href":"https:\/\/somdepapo.com.br\/portal\/wp-json\/wp\/v2\/tags?post=43684"}],"curies":[{"name":"wp","href":"https:\/\/api.w.org\/{rel}","templated":true}]}}