{"id":44044,"date":"2025-09-17T08:03:48","date_gmt":"2025-09-17T11:03:48","guid":{"rendered":"https:\/\/somdepapo.com.br\/portal\/?p=44044"},"modified":"2025-09-17T08:03:48","modified_gmt":"2025-09-17T11:03:48","slug":"o-que-e-correntao-e-como-ele-e-utilizado-na-agricultura","status":"publish","type":"post","link":"https:\/\/somdepapo.com.br\/portal\/o-que-e-correntao-e-como-ele-e-utilizado-na-agricultura\/","title":{"rendered":"O que \u00e9 Corrent\u00e3o e como ele \u00e9 utilizado na Agricultura"},"content":{"rendered":"<p style=\"text-align: right;\">Por Andr\u00e9 Henrique&nbsp;<\/p>\n<p style=\"text-align: justify;\">&nbsp;<\/p>\n<p style=\"text-align: justify;\">O Brasil \u00e9 um dos maiores produtores de alimentos do mundo, e para atender a essa demanda, pr\u00e1ticas de manejo da terra s\u00e3o constantemente utilizadas, muitas s\u00e3o tradicionais, outras muito pol\u00eamicas. Entre elas est\u00e1 o \u201ccorrent\u00e3o\u201d, um m\u00e9todo que chama a aten\u00e7\u00e3o tanto pela \u201cefici\u00eancia\u201d em limpar \u00e1reas quanto pelos severos impactos ambientais que pode gerar.<\/p>\n<p style=\"text-align: justify;\">O que \u00e9 o corrent\u00e3o?<\/p>\n<p style=\"text-align: justify;\">O corrent\u00e3o \u00e9 uma t\u00e9cnica de desmatamento ou limpeza de \u00e1reas rurais que consiste em prender uma enorme corrente de a\u00e7o entre dois tratores ou tratores de esteira. Ao se movimentarem lado a lado, as m\u00e1quinas arrastam a corrente pelo terreno, derrubando tudo o que estiver \u00e0 frente: \u00e1rvores, arbustos e at\u00e9 mesmo ra\u00edzes de grande porte.<\/p>\n<p style=\"text-align: justify;\">O objetivo principal do corrent\u00e3o \u00e9 abrir espa\u00e7o de forma mais r\u00e1pida, e com menos custos para atividades agr\u00edcolas, como plantio de gr\u00e3os, ou para formar \u00e1reas de pastoreio extensivo. \u00c9 considerado um m\u00e9todo eficiente, pois em pouco tempo consegue transformar centenas de hectares de vegeta\u00e7\u00e3o nativa em \u00e1reas \u201climpas\u201d para uso econ\u00f4mico.<\/p>\n<p style=\"text-align: justify;\">Por que \u00e9 usado na agricultura?<\/p>\n<p style=\"text-align: justify;\">A pr\u00e1tica se tornou comum em regi\u00f5es de fronteira agr\u00edcola, como no Cerrado e na Amaz\u00f4nia, onde o avan\u00e7o da produ\u00e7\u00e3o de soja, milho e pecu\u00e1ria demanda grandes extens\u00f5es de terra. Os principais fatores que levam ao uso do corrent\u00e3o s\u00e3o:<\/p>\n<p style=\"text-align: justify;\">Rapidez: um par de tratores com corrente pode derrubar em poucas horas o que levaria dias ou semanas em m\u00e9todos manuais.<\/p>\n<p style=\"text-align: justify;\">Custo reduzido: em compara\u00e7\u00e3o com desmatamento manual ou t\u00e9cnicas seletivas, o corrent\u00e3o tem menor custo operacional.<\/p>\n<p style=\"text-align: justify;\">Padroniza\u00e7\u00e3o da \u00e1rea: deixa o terreno aparentemente pronto para o uso agr\u00edcola ou pecu\u00e1rio, sem a necessidade de limpeza detalhada.<\/p>\n<p style=\"text-align: justify;\">Para produtores que precisam expandir rapidamente suas \u00e1reas, o corrent\u00e3o \u00e9 visto como uma ferramenta pr\u00e1tica e eficiente.<\/p>\n<p style=\"text-align: justify;\">Consequ\u00eancias ambientais do uso<\/p>\n<p style=\"text-align: justify;\">Apesar da efici\u00eancia, o corrent\u00e3o \u00e9 alvo de graves cr\u00edticas ambientais. A derrubada da vegeta\u00e7\u00e3o de forma indiscriminada causa:<\/p>\n<p style=\"text-align: justify;\">Perda da biodiversidade: \u00e1rvores centen\u00e1rias, vegeta\u00e7\u00e3o secund\u00e1ria e fauna associada s\u00e3o destru\u00eddas sem chance de regenera\u00e7\u00e3o imediata.<\/p>\n<p style=\"text-align: justify;\">Compacta\u00e7\u00e3o do solo: o peso das m\u00e1quinas e a passagem da corrente podem comprometer a estrutura do solo, reduzindo sua fertilidade.<\/p>\n<p style=\"text-align: justify;\">Emiss\u00e3o de carbono: o desmatamento em larga escala libera grandes quantidades de gases de efeito estufa.<\/p>\n<p style=\"text-align: justify;\">Desequil\u00edbrio hidrol\u00f3gico: a remo\u00e7\u00e3o da vegeta\u00e7\u00e3o aumenta a eros\u00e3o e reduz a infiltra\u00e7\u00e3o de \u00e1gua, afetando rios e nascentes.<\/p>\n<p style=\"text-align: justify;\">Morte de animais: a remo\u00e7\u00e3o por compacta\u00e7\u00e3o, toda a fauna no local \u00e9 morta sem a oportunidade de fuga, pois ela \u00e9 arrastada, compactada e depois incinerada.<\/p>\n<p style=\"text-align: justify;\">Por essas raz\u00f5es, o uso do corrent\u00e3o \u00e9 frequentemente associado ao desmatamento ilegal, j\u00e1 que em muitas regi\u00f5es a legisla\u00e7\u00e3o ambiental pro\u00edbe ou restringe essa pr\u00e1tica.<\/p>\n<p style=\"text-align: justify;\">Alternativas ao corrent\u00e3o<\/p>\n<p style=\"text-align: justify;\">Com o aumento da consci\u00eancia ambiental e a press\u00e3o por cadeias produtivas mais sustent\u00e1veis, surgem alternativas ao uso do corrent\u00e3o:<\/p>\n<p style=\"text-align: justify;\">Manejo florestal sustent\u00e1vel, que permite retirar madeira sem eliminar toda a cobertura vegetal.<\/p>\n<p style=\"text-align: justify;\">Integra\u00e7\u00e3o lavoura-pecu\u00e1ria-floresta (ILPF), que promove equil\u00edbrio entre produ\u00e7\u00e3o e preserva\u00e7\u00e3o.<\/p>\n<p style=\"text-align: justify;\">Tecnologias de agricultura de precis\u00e3o, que identificam \u00e1reas produtivas sem necessidade de devasta\u00e7\u00e3o em massa.<\/p>\n<p style=\"text-align: justify;\">Essas pr\u00e1ticas podem reduzir impactos ambientais e atender \u00e0s exig\u00eancias de mercados internacionais que cada vez mais rejeitam produtos oriundos de \u00e1reas desmatadas de forma ilegal ou predat\u00f3ria.<\/p>\n<p style=\"text-align: justify;\">Conclus\u00e3o<\/p>\n<p style=\"text-align: justify;\">O corrent\u00e3o \u00e9 um s\u00edmbolo das contradi\u00e7\u00f5es do agroneg\u00f3cio brasileiro: de um lado, uma t\u00e9cnica que atende \u00e0 necessidade de expans\u00e3o r\u00e1pida; de outro, uma pr\u00e1tica que carrega graves impactos ambientais e sociais. O desafio atual n\u00e3o \u00e9 apenas produzir mais, mas produzir com responsabilidade, conciliando produtividade com conserva\u00e7\u00e3o ambiental.<\/p>\n<p style=\"text-align: justify;\">O debate sobre o corrent\u00e3o, portanto, n\u00e3o \u00e9 apenas t\u00e9cnico \u00e9 tamb\u00e9m pol\u00edtico e \u00e9tico. Ele nos convida a refletir sobre o modelo de desenvolvimento que queremos: um modelo baseado no uso predat\u00f3rio da terra ou um modelo que valorize a sustentabilidade como caminho para o futuro.<\/p>\n<p style=\"text-align: justify;\">Se voc\u00ea deseja aprender mais sobre como iniciar na \u00e1rea ambiental e fazer a diferen\u00e7a no mercado de trabalho, confira o eBook &#8220;Como Iniciar sua Consultoria Ambiental&#8221; dispon\u00edvel na Hotmart. Com ele, voc\u00ea ter\u00e1 um guia pr\u00e1tico para iniciar nas carreiras ambientais.<\/p>\n<p style=\"text-align: justify;\">Andr\u00e9 Henrique de Rezende Almeida<\/p>\n<p style=\"text-align: justify;\">@BIOLOGOANDREHENRIQUE<\/p>\n<p style=\"text-align: justify;\">Bi\u00f3logo CRBIO 02: 60.945<\/p>\n<p style=\"text-align: justify;\">Engenheiro Ambiental CREA: ES-055476\/D<\/p>\n<p style=\"text-align: justify;\">&nbsp;<\/p>\n<p style=\"text-align: justify;\">&nbsp;<\/p>\n","protected":false},"excerpt":{"rendered":"<p>Por Andr\u00e9 Henrique&nbsp; &nbsp; O Brasil \u00e9 um dos maiores produtores de alimentos do mundo, e para atender a essa demanda, pr\u00e1ticas de manejo da terra s\u00e3o constantemente utilizadas, muitas s\u00e3o tradicionais, outras muito pol\u00eamicas. Entre elas est\u00e1 o \u201ccorrent\u00e3o\u201d, um m\u00e9todo que chama a aten\u00e7\u00e3o tanto pela \u201cefici\u00eancia\u201d em limpar \u00e1reas quanto pelos severos [&hellip;]<\/p>\n","protected":false},"author":1,"featured_media":44045,"comment_status":"open","ping_status":"open","sticky":false,"template":"","format":"standard","meta":{"ngg_post_thumbnail":0,"footnotes":""},"categories":[2,345,31,41],"tags":[],"class_list":["post-44044","post","type-post","status-publish","format-standard","has-post-thumbnail","hentry","category-destaques","category-meio-ambiente","category-noticias","category-ultimasnoticias"],"_links":{"self":[{"href":"https:\/\/somdepapo.com.br\/portal\/wp-json\/wp\/v2\/posts\/44044","targetHints":{"allow":["GET"]}}],"collection":[{"href":"https:\/\/somdepapo.com.br\/portal\/wp-json\/wp\/v2\/posts"}],"about":[{"href":"https:\/\/somdepapo.com.br\/portal\/wp-json\/wp\/v2\/types\/post"}],"author":[{"embeddable":true,"href":"https:\/\/somdepapo.com.br\/portal\/wp-json\/wp\/v2\/users\/1"}],"replies":[{"embeddable":true,"href":"https:\/\/somdepapo.com.br\/portal\/wp-json\/wp\/v2\/comments?post=44044"}],"version-history":[{"count":1,"href":"https:\/\/somdepapo.com.br\/portal\/wp-json\/wp\/v2\/posts\/44044\/revisions"}],"predecessor-version":[{"id":44046,"href":"https:\/\/somdepapo.com.br\/portal\/wp-json\/wp\/v2\/posts\/44044\/revisions\/44046"}],"wp:featuredmedia":[{"embeddable":true,"href":"https:\/\/somdepapo.com.br\/portal\/wp-json\/wp\/v2\/media\/44045"}],"wp:attachment":[{"href":"https:\/\/somdepapo.com.br\/portal\/wp-json\/wp\/v2\/media?parent=44044"}],"wp:term":[{"taxonomy":"category","embeddable":true,"href":"https:\/\/somdepapo.com.br\/portal\/wp-json\/wp\/v2\/categories?post=44044"},{"taxonomy":"post_tag","embeddable":true,"href":"https:\/\/somdepapo.com.br\/portal\/wp-json\/wp\/v2\/tags?post=44044"}],"curies":[{"name":"wp","href":"https:\/\/api.w.org\/{rel}","templated":true}]}}