{"id":44188,"date":"2025-09-24T07:26:54","date_gmt":"2025-09-24T10:26:54","guid":{"rendered":"https:\/\/somdepapo.com.br\/portal\/?p=44188"},"modified":"2025-09-24T07:27:57","modified_gmt":"2025-09-24T10:27:57","slug":"cop-30-e-a-devastacao-da-amazonia-o-paradoxo-ambiental-em-belem","status":"publish","type":"post","link":"https:\/\/somdepapo.com.br\/portal\/cop-30-e-a-devastacao-da-amazonia-o-paradoxo-ambiental-em-belem\/","title":{"rendered":"COP 30 e a Devasta\u00e7\u00e3o da Amaz\u00f4nia: O Paradoxo Ambiental em Bel\u00e9m"},"content":{"rendered":"<p style=\"text-align: right;\">Por Andr\u00e9 Henrique&nbsp;<\/p>\n<p style=\"text-align: justify;\">&nbsp;<\/p>\n<p style=\"text-align: justify;\">A escolha de Bel\u00e9m, no Par\u00e1, como sede da COP30 \u2013 Confer\u00eancia das Na\u00e7\u00f5es Unidas sobre Mudan\u00e7a do Clima de 2025, foi recebida com expectativa internacional. Realizar o evento que pretende debater solu\u00e7\u00f5es para a crise clim\u00e1tica em pleno cora\u00e7\u00e3o da Amaz\u00f4nia parece simb\u00f3lico: uma oportunidade de mostrar ao mundo tanto os desafios quanto as riquezas do bioma. Mas esse cen\u00e1rio tamb\u00e9m escancara um paradoxo preocupante: preparar Bel\u00e9m para acolher os participantes parece implicar, ao mesmo tempo, a\u00e7\u00f5es de infraestrutura que agravam a devasta\u00e7\u00e3o que a confer\u00eancia pretende combater.<\/p>\n<p style=\"text-align: justify;\">O que se sabe at\u00e9 agora<\/p>\n<p style=\"text-align: justify;\">O Par\u00e1 tem liderado o desmatamento no Brasil nos \u00faltimos anos \u2014 de 2019 a 2024, foram mais de 2 milh\u00f5es de hectares desmatados somente nesse estado.&nbsp;<\/p>\n<p style=\"text-align: justify;\">Uma das obras mais criticadas \u00e9 a Avenida Liberdade, estrada de quatro pistas com cerca de 13 km, constru\u00edda para melhorar mobilidade urbana em Bel\u00e9m, mas que atravessa zonas protegidas da floresta Amaz\u00f4nica.&nbsp;<\/p>\n<p style=\"text-align: justify;\">Tamb\u00e9m se destacam den\u00fancias de destrui\u00e7\u00e3o de vegeta\u00e7\u00e3o nos arredores da cidade para outras obras urbanas: por exemplo, foram destru\u00eddos equivalentes a 107 campos de futebol de floresta para obras da Avenida Liberdade em APA Bel\u00e9m \u2014 \u00c1rea de Prote\u00e7\u00e3o Ambiental da Regi\u00e3o Metropolitana.&nbsp;<\/p>\n<p style=\"text-align: justify;\">Ind\u00edgenas, comunidades tradicionais e sociedade civil apontam que n\u00e3o foram devidamente consultadas em muitas dessas interven\u00e7\u00f5es, contrariando princ\u00edpios de participa\u00e7\u00e3o e prote\u00e7\u00e3o ambiental.&nbsp;<\/p>\n<p style=\"text-align: justify;\">Paradoxo entre discurso e pr\u00e1tica&nbsp;<\/p>\n<p style=\"text-align: justify;\">A realiza\u00e7\u00e3o da COP30 em Bel\u00e9m \u00e9 anunciada como uma demonstra\u00e7\u00e3o de compromisso do Brasil com a preserva\u00e7\u00e3o da Amaz\u00f4nia, com participa\u00e7\u00e3o de comunidades ind\u00edgenas e ambientalistas, e com promessas de melhoria de pol\u00edticas p\u00fablicas para enfrentamento do desmatamento.&nbsp;<\/p>\n<p style=\"text-align: justify;\">No entanto, ao mesmo tempo em que se preparam com slogans e discursos de prote\u00e7\u00e3o ambiental, ocorrem obras que contradizem diretamente os prop\u00f3sitos clim\u00e1ticos:<\/p>\n<p style=\"text-align: justify;\">Estradas cortando florestas;<\/p>\n<p style=\"text-align: justify;\">Vegeta\u00e7\u00e3o nativa sendo removida sem crit\u00e9rios claros de compensa\u00e7\u00e3o;<\/p>\n<p style=\"text-align: justify;\">Impactos sobre rios, fauna e modo de vida de comunidades ribeirinhas.<\/p>\n<p style=\"text-align: justify;\">&nbsp;<\/p>\n<p style=\"text-align: justify;\">Esse descompasso exp\u00f5e uma falha comum em grandes eventos clim\u00e1ticos: a tend\u00eancia de construir infraestrutura para impressionar visitantes ou atender demandas de log\u00edstica, mas com baixo rigor ambiental e participa\u00e7\u00e3o social.<\/p>\n<p style=\"text-align: justify;\">Consequ\u00eancias ambientais e sociais<\/p>\n<p style=\"text-align: justify;\">Ambientais<\/p>\n<p style=\"text-align: justify;\">Fragmenta\u00e7\u00e3o de habitats, que leva \u00e0 perda de esp\u00e9cies e dificulta sua movimenta\u00e7\u00e3o natural.<\/p>\n<p style=\"text-align: justify;\">Aumento da emiss\u00e3o de gases de efeito estufa, tanto pela remo\u00e7\u00e3o de vegeta\u00e7\u00e3o quanto pela perturba\u00e7\u00e3o do solo e da cascata de carbono armazenado.<\/p>\n<p style=\"text-align: justify;\">Altera\u00e7\u00e3o de regimes h\u00eddricos, degrada\u00e7\u00e3o de solos, eros\u00e3o e impactos sobre as nascentes que abastecem popula\u00e7\u00f5es locais.<\/p>\n<p style=\"text-align: justify;\">Sociais<\/p>\n<p style=\"text-align: justify;\">Comunidades ind\u00edgenas e ribeirinhas frequentemente t\u00eam seus territ\u00f3rios invadidos ou afetados sem consulta ou compensa\u00e7\u00e3o adequada.<\/p>\n<p style=\"text-align: justify;\">Perda de modos tradicionais de vida, como coleta de frutos ou plantas, pesca local, agricultura de subsist\u00eancia.<\/p>\n<p style=\"text-align: justify;\">Aumento de desigualdades, frente ao fato de que boa parte dos benef\u00edcios das obras de infraestrutura tende a atender interesses tur\u00edsticos, diplom\u00e1ticos ou de elites urbanas, e n\u00e3o necessariamente da popula\u00e7\u00e3o local.<\/p>\n<p style=\"text-align: justify;\">O que deveria ser feito<\/p>\n<p style=\"text-align: justify;\">Para que a COP30 em Bel\u00e9m n\u00e3o seja apenas um \u201cevento de fachada\u201d \u2014 declama\u00e7\u00e3o de boas inten\u00e7\u00f5es com destrui\u00e7\u00e3o silenciosa \u2014, algumas a\u00e7\u00f5es urgentes se imp\u00f5em:<\/p>\n<p style=\"text-align: justify;\">&nbsp;<\/p>\n<p style=\"text-align: justify;\">Avalia\u00e7\u00e3o ambiental rigorosa e participativa: auditorias independentes, consulta \u00e0s comunidades locais antes do in\u00edcio de qualquer obra.<\/p>\n<p style=\"text-align: justify;\">Compensa\u00e7\u00f5es ambientais reais: n\u00e3o basta plantar mudas; \u00e9 preciso restaurar ecossistemas degradados e garantir conectividade entre fragmentos florestais.<\/p>\n<p style=\"text-align: justify;\">Transpar\u00eancia total nas obras e nos impactos: divulga\u00e7\u00e3o clara dos mapas, dos estudos de impacto, dos custos, dos prazos.<\/p>\n<p style=\"text-align: justify;\">Prote\u00e7\u00e3o legal e fiscaliza\u00e7\u00e3o: que as normas ambientais, estaduais, federais e ind\u00edgenas sejam respeitadas, sem exce\u00e7\u00f5es.<\/p>\n<p style=\"text-align: justify;\">Legado sustent\u00e1vel: que as constru\u00e7\u00f5es e melhorias deixem benef\u00edcios permanentes para Bel\u00e9m e para o Par\u00e1 \u2014 melhoria urbana, saneamento, transporte p\u00fablico, servi\u00e7os sociais \u2014 e n\u00e3o se convertam em elefantes brancos ou preju\u00edzo ambiental.<\/p>\n<p style=\"text-align: justify;\">Conclus\u00e3o<\/p>\n<p style=\"text-align: justify;\">A COP30 pode ser uma vitrine global da Amaz\u00f4nia ou um palco de hipocrisia ambiental. Est\u00e1 nas decis\u00f5es que o Brasil est\u00e1 tomando agora. Se obras de infraestrutura que destroem floresta forem mantidas sem freios, se comunidades continuarem sendo ignoradas, se as promessas s\u00f3 forem ret\u00f3ricas, o que vir\u00e1 n\u00e3o ser\u00e1 legado, mas cicatriz ecol\u00f3gica.<\/p>\n<p style=\"text-align: justify;\">Bel\u00e9m deveria ser o lugar em que o mundo v\u00ea a floresta viva, n\u00e3o uma Amaz\u00f4nia mutilada pelas obras para receber diplomatas. O tempo para escolher \u00e9 agora e \u00e9 urgente que as escolhas reflitam n\u00e3o o poder da imagem, mas o poder da preserva\u00e7\u00e3o.<\/p>\n<p style=\"text-align: justify;\">Se voc\u00ea deseja aprender mais sobre como iniciar na \u00e1rea ambiental e fazer a diferen\u00e7a no mercado de trabalho, confira o eBook &#8220;Como Iniciar sua Consultoria Ambiental&#8221; dispon\u00edvel na Hotmart. Com ele, voc\u00ea ter\u00e1 um guia pr\u00e1tico para iniciar nas carreiras ambientais.<\/p>\n<p style=\"text-align: justify;\">Andr\u00e9 Henrique de Rezende Almeida<\/p>\n<p style=\"text-align: justify;\">@BIOLOGOANDREHENRIQUE<\/p>\n<p style=\"text-align: justify;\">Bi\u00f3logo CRBIO 02: 60.945<\/p>\n<p style=\"text-align: justify;\">Engenheiro Ambiental CREA: ES-055476\/D<\/p>\n<p style=\"text-align: justify;\">&nbsp;<\/p>\n<p style=\"text-align: justify;\">&nbsp;<\/p>\n","protected":false},"excerpt":{"rendered":"<p>Por Andr\u00e9 Henrique&nbsp; &nbsp; A escolha de Bel\u00e9m, no Par\u00e1, como sede da COP30 \u2013 Confer\u00eancia das Na\u00e7\u00f5es Unidas sobre Mudan\u00e7a do Clima de 2025, foi recebida com expectativa internacional. Realizar o evento que pretende debater solu\u00e7\u00f5es para a crise clim\u00e1tica em pleno cora\u00e7\u00e3o da Amaz\u00f4nia parece simb\u00f3lico: uma oportunidade de mostrar ao mundo tanto [&hellip;]<\/p>\n","protected":false},"author":1,"featured_media":44190,"comment_status":"open","ping_status":"open","sticky":false,"template":"","format":"standard","meta":{"ngg_post_thumbnail":0,"footnotes":""},"categories":[2,345,41],"tags":[],"class_list":["post-44188","post","type-post","status-publish","format-standard","has-post-thumbnail","hentry","category-destaques","category-meio-ambiente","category-ultimasnoticias"],"_links":{"self":[{"href":"https:\/\/somdepapo.com.br\/portal\/wp-json\/wp\/v2\/posts\/44188","targetHints":{"allow":["GET"]}}],"collection":[{"href":"https:\/\/somdepapo.com.br\/portal\/wp-json\/wp\/v2\/posts"}],"about":[{"href":"https:\/\/somdepapo.com.br\/portal\/wp-json\/wp\/v2\/types\/post"}],"author":[{"embeddable":true,"href":"https:\/\/somdepapo.com.br\/portal\/wp-json\/wp\/v2\/users\/1"}],"replies":[{"embeddable":true,"href":"https:\/\/somdepapo.com.br\/portal\/wp-json\/wp\/v2\/comments?post=44188"}],"version-history":[{"count":1,"href":"https:\/\/somdepapo.com.br\/portal\/wp-json\/wp\/v2\/posts\/44188\/revisions"}],"predecessor-version":[{"id":44189,"href":"https:\/\/somdepapo.com.br\/portal\/wp-json\/wp\/v2\/posts\/44188\/revisions\/44189"}],"wp:featuredmedia":[{"embeddable":true,"href":"https:\/\/somdepapo.com.br\/portal\/wp-json\/wp\/v2\/media\/44190"}],"wp:attachment":[{"href":"https:\/\/somdepapo.com.br\/portal\/wp-json\/wp\/v2\/media?parent=44188"}],"wp:term":[{"taxonomy":"category","embeddable":true,"href":"https:\/\/somdepapo.com.br\/portal\/wp-json\/wp\/v2\/categories?post=44188"},{"taxonomy":"post_tag","embeddable":true,"href":"https:\/\/somdepapo.com.br\/portal\/wp-json\/wp\/v2\/tags?post=44188"}],"curies":[{"name":"wp","href":"https:\/\/api.w.org\/{rel}","templated":true}]}}