{"id":44246,"date":"2025-09-26T15:01:29","date_gmt":"2025-09-26T18:01:29","guid":{"rendered":"https:\/\/somdepapo.com.br\/portal\/?p=44246"},"modified":"2025-09-26T15:01:29","modified_gmt":"2025-09-26T18:01:29","slug":"o-poder-do-nao","status":"publish","type":"post","link":"https:\/\/somdepapo.com.br\/portal\/o-poder-do-nao\/","title":{"rendered":"O poder do n\u00e3o"},"content":{"rendered":"<p style=\"text-align: right;\">Por Thiago Alves Eduardo &#8211; Psic\u00f3logo&nbsp;<\/p>\n<p style=\"text-align: right;\">@thiagoalvespsic<\/p>\n<p style=\"text-align: justify;\">Desde a inf\u00e2ncia, aprendemos, muitas vezes de forma impl\u00edcita, a colocar as necessidades dos outros \u00e0 frente das nossas pr\u00f3prias. Com frequ\u00eancia, somos levados a situa\u00e7\u00f5es onde nossa vontade ou opini\u00e3o \u00e9 deixada de lado em prol do bem-estar alheio. Exemplos disso s\u00e3o comuns, como quando somos incentivados a:<\/p>\n<p style=\"text-align: justify;\">&#8220;Deixe ele brincar com o seu brinquedo por mais tempo.&#8221;<\/p>\n<p style=\"text-align: justify;\">&#8220;V\u00e1 l\u00e1 conversar com aquela pessoa.&#8221;<\/p>\n<p style=\"text-align: justify;\">&#8220;Voc\u00ea n\u00e3o pode ficar bravo por isso.&#8221;<\/p>\n<p style=\"text-align: justify;\">Essas experi\u00eancias, aparentemente inofensivas, v\u00e3o moldando a forma como vemos nossas pr\u00f3prias vontades e limites. Com o tempo, internalizamos a ideia de que nossas necessidades s\u00f3 podem ser atendidas se n\u00e3o causarem desconforto ou insatisfa\u00e7\u00e3o no outro. Esse processo de aprendizagem durante a inf\u00e2ncia pode gerar adultos com s\u00e9rias dificuldades em estabelecer limites e, consequentemente, em dizer &#8220;n\u00e3o&#8221;.<\/p>\n<p style=\"text-align: justify;\">O &#8220;n\u00e3o&#8221;, apesar de ser uma palavra comum em nosso vocabul\u00e1rio, muitas vezes \u00e9 subestimada em sua import\u00e2ncia. Em muitos casos, o ato de recusar algo \u00e9 visto como uma forma de ser rude ou ego\u00edsta. No entanto, a capacidade de dizer &#8220;n\u00e3o&#8221; \u00e9 fundamental para a preserva\u00e7\u00e3o da sa\u00fade emocional e mental. Pergunte a si mesmo: quando foi a \u00faltima vez que voc\u00ea disse &#8220;n\u00e3o&#8221;? Voc\u00ea se lembra? O que te motivou a tomar essa decis\u00e3o? E, mais importante ainda, qual foi a relev\u00e2ncia desse &#8220;n\u00e3o&#8221; para sua vida?<\/p>\n<p style=\"text-align: justify;\">Essa reflex\u00e3o nos leva a outro questionamento: qual foi a \u00faltima vez em que voc\u00ea gostaria de ter dito &#8220;n\u00e3o&#8221;, mas teve dificuldade? Quais foram os impactos dessa dificuldade em sua vida? Espero que voc\u00ea tenha dificuldade em encontrar situa\u00e7\u00f5es como essas.<\/p>\n<p style=\"text-align: justify;\">&nbsp;O &#8220;n\u00e3o&#8221; \u00e9 uma palavra afirmativa poderosa que precisa ser reconhecida em sua import\u00e2ncia.<\/p>\n<p style=\"text-align: justify;\">Quando dizemos &#8220;n\u00e3o&#8221; para os outros, estamos, simultaneamente, dizendo &#8220;sim&#8221; para n\u00f3s mesmos. Isso pode ser visto, por exemplo, nas seguintes situa\u00e7\u00f5es:<\/p>\n<p style=\"text-align: justify;\">&#8220;Eu n\u00e3o vou \u00e0quela festa.&#8221;<\/p>\n<p style=\"text-align: justify;\">&nbsp;(Voc\u00ea est\u00e1 dizendo &#8220;sim&#8221; para suas prefer\u00eancias e necessidades pessoais.)<\/p>\n<p style=\"text-align: justify;\">&#8220;Eu n\u00e3o aceito ser tratado dessa forma.&#8221;<\/p>\n<p style=\"text-align: justify;\">&nbsp;(Voc\u00ea est\u00e1 dizendo &#8220;sim&#8221; para seu autocuidado e respeito pr\u00f3prio.)<\/p>\n<p style=\"text-align: justify;\">Esses exemplos ilustram como o &#8220;n\u00e3o&#8221; se torna um importante mecanismo de prote\u00e7\u00e3o da nossa sa\u00fade emocional, f\u00edsica e mental. Ao impor limites, estamos cuidando de nosso bem-estar. Quando, por algum motivo, n\u00e3o conseguimos estabelecer esses limites, podemos sofrer com a invas\u00e3o de nossos espa\u00e7os e necessidades, o que gera impactos negativos em nossa sa\u00fade psicol\u00f3gica.<\/p>\n<p style=\"text-align: justify;\">\u00c9 natural sentir d\u00favida ao decidir se devemos ou n\u00e3o refor\u00e7ar um limite com um &#8220;n\u00e3o&#8221;. Se esse for o seu caso, fa\u00e7a as seguintes perguntas a si mesmo:<\/p>\n<p style=\"text-align: justify;\">Por que eu quero dizer &#8220;n\u00e3o&#8221;?<\/p>\n<p style=\"text-align: justify;\">O que pode acontecer se eu n\u00e3o me posicionar?<\/p>\n<p style=\"text-align: justify;\">Como vou me sentir caso eu aceite o que n\u00e3o quero?<\/p>\n<p style=\"text-align: justify;\">Lembre-se de que ningu\u00e9m viver\u00e1 as consequ\u00eancias das suas escolhas por voc\u00ea. Agradar os outros em detrimento de si mesmo n\u00e3o \u00e9 um ato de gentileza, mas sim uma forma de crueldade consigo pr\u00f3prio (Goleman, 2006). Por mais dif\u00edcil que seja no in\u00edcio, \u00e9 fundamental aprender a se colocar em primeiro lugar. Ao fazer isso, \u00e9 poss\u00edvel viver com mais equil\u00edbrio emocional, sem culpa, sem medo e sem a necessidade de justificar suas decis\u00f5es.<\/p>\n<p style=\"text-align: justify;\">Dizer &#8220;n\u00e3o&#8221; n\u00e3o requer explica\u00e7\u00f5es excessivas. O simples fato de afirmar &#8220;n\u00e3o, eu n\u00e3o vou&#8221;, &#8220;n\u00e3o, eu n\u00e3o quero&#8221; ou &#8220;n\u00e3o, eu n\u00e3o posso&#8221; \u00e9 o suficiente.&nbsp;<\/p>\n<p style=\"text-align: justify;\">Ao dizer &#8220;sim&#8221; para os outros sem querer, voc\u00ea est\u00e1, de fato, dizendo &#8220;n\u00e3o&#8221; para si mesmo.<\/p>\n<p style=\"text-align: justify;\">Busque ajuda sempre que sentir que o sim est\u00e1 sendo mais presente do que deveria em sua vida e est\u00e1 te impedindo de impor limites e resguardar seu bem estar, se quiser saber mais sobre esse tema ou conversar, voc\u00ea pode me encontrar nas redes sociais ser\u00e1 um prazer te ouvir e acolher suas d\u00favidas e te ajudar a ter a coragem para viver uma vida mais leve e com qualidade.&nbsp;<\/p>\n<p style=\"text-align: justify;\">Refer\u00eancias Bibliogr\u00e1ficas<\/p>\n<p style=\"text-align: justify;\">&nbsp;GOLEMAN, Daniel. Intelig\u00eancia Emocional. Rio de Janeiro: Objetiva, 2006.<\/p>\n<p style=\"text-align: justify;\">&nbsp;SILVA, Maria L\u00facia. A Psicologia dos Limites: Como Definir e Manter Fronteiras Saud\u00e1veis. S\u00e3o Paulo: Editora PsicoBem, 2015.<\/p>\n<p style=\"text-align: justify;\">&nbsp;<\/p>\n<p style=\"text-align: justify;\">&nbsp;<\/p>\n","protected":false},"excerpt":{"rendered":"<p>Por Thiago Alves Eduardo &#8211; Psic\u00f3logo&nbsp; @thiagoalvespsic Desde a inf\u00e2ncia, aprendemos, muitas vezes de forma impl\u00edcita, a colocar as necessidades dos outros \u00e0 frente das nossas pr\u00f3prias. Com frequ\u00eancia, somos levados a situa\u00e7\u00f5es onde nossa vontade ou opini\u00e3o \u00e9 deixada de lado em prol do bem-estar alheio. Exemplos disso s\u00e3o comuns, como quando somos incentivados [&hellip;]<\/p>\n","protected":false},"author":1,"featured_media":44249,"comment_status":"open","ping_status":"open","sticky":false,"template":"","format":"standard","meta":{"ngg_post_thumbnail":0,"footnotes":""},"categories":[2,352,41],"tags":[],"class_list":["post-44246","post","type-post","status-publish","format-standard","has-post-thumbnail","hentry","category-destaques","category-terapias","category-ultimasnoticias"],"_links":{"self":[{"href":"https:\/\/somdepapo.com.br\/portal\/wp-json\/wp\/v2\/posts\/44246","targetHints":{"allow":["GET"]}}],"collection":[{"href":"https:\/\/somdepapo.com.br\/portal\/wp-json\/wp\/v2\/posts"}],"about":[{"href":"https:\/\/somdepapo.com.br\/portal\/wp-json\/wp\/v2\/types\/post"}],"author":[{"embeddable":true,"href":"https:\/\/somdepapo.com.br\/portal\/wp-json\/wp\/v2\/users\/1"}],"replies":[{"embeddable":true,"href":"https:\/\/somdepapo.com.br\/portal\/wp-json\/wp\/v2\/comments?post=44246"}],"version-history":[{"count":1,"href":"https:\/\/somdepapo.com.br\/portal\/wp-json\/wp\/v2\/posts\/44246\/revisions"}],"predecessor-version":[{"id":44250,"href":"https:\/\/somdepapo.com.br\/portal\/wp-json\/wp\/v2\/posts\/44246\/revisions\/44250"}],"wp:featuredmedia":[{"embeddable":true,"href":"https:\/\/somdepapo.com.br\/portal\/wp-json\/wp\/v2\/media\/44249"}],"wp:attachment":[{"href":"https:\/\/somdepapo.com.br\/portal\/wp-json\/wp\/v2\/media?parent=44246"}],"wp:term":[{"taxonomy":"category","embeddable":true,"href":"https:\/\/somdepapo.com.br\/portal\/wp-json\/wp\/v2\/categories?post=44246"},{"taxonomy":"post_tag","embeddable":true,"href":"https:\/\/somdepapo.com.br\/portal\/wp-json\/wp\/v2\/tags?post=44246"}],"curies":[{"name":"wp","href":"https:\/\/api.w.org\/{rel}","templated":true}]}}