{"id":44275,"date":"2025-09-28T12:09:39","date_gmt":"2025-09-28T15:09:39","guid":{"rendered":"https:\/\/somdepapo.com.br\/portal\/?p=44275"},"modified":"2025-09-28T16:09:07","modified_gmt":"2025-09-28T19:09:07","slug":"papulas-nigricas-pequenas-mas-que-fazem-diferenca-na-autoestima","status":"publish","type":"post","link":"https:\/\/somdepapo.com.br\/portal\/papulas-nigricas-pequenas-mas-que-fazem-diferenca-na-autoestima\/","title":{"rendered":"Dermatose papulosa nigra (DNP) ou P\u00e1pulas N\u00edgras: pequenas mas que fazem diferen\u00e7a na autoestima"},"content":{"rendered":"<p style=\"text-align: right;\">Por: Dra. Alessandra Guilger<\/p>\n<p style=\"text-align: right;\">&nbsp; &nbsp; &nbsp; &nbsp; &nbsp; &nbsp; &nbsp; &nbsp; &nbsp; &nbsp; &nbsp; &nbsp; &nbsp;Especialista Sa\u00fade Est\u00e9tica&nbsp;<\/p>\n<p style=\"text-align: right;\">&nbsp; &nbsp; &nbsp; &nbsp; &nbsp; &nbsp; &nbsp; &nbsp; &nbsp;@donalesaudeestetica<\/p>\n<p style=\"text-align: justify;\">&nbsp;<\/p>\n<p style=\"text-align: justify;\">\ud83d\udccc Voc\u00ea j\u00e1 percebeu pequenas bolinhas escuras no rosto ou no pesco\u00e7o que parecem n\u00e3o sair nunca?<\/p>\n<p style=\"text-align: justify;\">Essas marquinhas t\u00eam nome: P\u00e1pulas N\u00edgras. N\u00e3o fazem mal \u00e0 sa\u00fade, mas podem incomodar muito no espelho.<\/p>\n<p style=\"text-align: justify;\"><img fetchpriority=\"high\" decoding=\"async\" class=\"alignnone size-full wp-image-44278\" src=\"https:\/\/somdepapo.com.br\/portal\/wp-content\/uploads\/2025\/09\/dermatose-papulosa-nigra-2.webp\" alt=\"\" width=\"778\" height=\"519\" srcset=\"https:\/\/somdepapo.com.br\/portal\/wp-content\/uploads\/2025\/09\/dermatose-papulosa-nigra-2.webp 778w, https:\/\/somdepapo.com.br\/portal\/wp-content\/uploads\/2025\/09\/dermatose-papulosa-nigra-2-300x200.webp 300w, https:\/\/somdepapo.com.br\/portal\/wp-content\/uploads\/2025\/09\/dermatose-papulosa-nigra-2-768x512.webp 768w, https:\/\/somdepapo.com.br\/portal\/wp-content\/uploads\/2025\/09\/dermatose-papulosa-nigra-2-150x100.webp 150w, https:\/\/somdepapo.com.br\/portal\/wp-content\/uploads\/2025\/09\/dermatose-papulosa-nigra-2-750x500.webp 750w\" sizes=\"(max-width: 778px) 100vw, 778px\" \/><\/p>\n<p style=\"text-align: justify;\">\ud83d\udd0e O que s\u00e3o?<\/p>\n<p style=\"text-align: justify;\">S\u00e3o pequenas eleva\u00e7\u00f5es da pele, arredondadas e geralmente mais escuras. Costumam aparecer:<\/p>\n<p style=\"text-align: justify;\">\u2022 Ap\u00f3s os 30 anos<\/p>\n<p style=\"text-align: justify;\">\u2022 Em pessoas com hist\u00f3rico familiar<\/p>\n<p style=\"text-align: justify;\">\u2022 Em peles mais morenas<\/p>\n<p style=\"text-align: justify;\">\u2728 Importante: S\u00e3o benignas, n\u00e3o representam risco, mas afetam a est\u00e9tica.<\/p>\n<p style=\"text-align: justify;\">\ud83d\udcac O impacto na autoestima<\/p>\n<p style=\"text-align: justify;\">&#8220;N\u00e3o \u00e9 apenas uma quest\u00e3o de pele, mas de como a gente se enxerga.&#8221;<\/p>\n<p style=\"text-align: justify;\">As p\u00e1pulas n\u00edgrias atrapalham a maquiagem, chamam aten\u00e7\u00e3o em fotos e podem gerar inseguran\u00e7a. \u00c9 por isso que tantas pessoas procuram solu\u00e7\u00f5es est\u00e9ticas para trat\u00e1-las.<\/p>\n<p style=\"text-align: justify;\"><img decoding=\"async\" class=\"alignnone size-full wp-image-44277\" src=\"https:\/\/somdepapo.com.br\/portal\/wp-content\/uploads\/2025\/09\/papulas-nigras.jpeg\" alt=\"\" width=\"202\" height=\"250\" srcset=\"https:\/\/somdepapo.com.br\/portal\/wp-content\/uploads\/2025\/09\/papulas-nigras.jpeg 202w, https:\/\/somdepapo.com.br\/portal\/wp-content\/uploads\/2025\/09\/papulas-nigras-150x186.jpeg 150w\" sizes=\"(max-width: 202px) 100vw, 202px\" \/><\/p>\n<p style=\"text-align: justify;\">\ud83d\udca1 Tratamentos mais buscados<\/p>\n<p style=\"text-align: justify;\">\u2022 Jato de Plasma \u2192 precis\u00e3o e r\u00e1pida recupera\u00e7\u00e3o<\/p>\n<p style=\"text-align: justify;\">\u2022 Laser \u2192 resultados naturais e uniformes<\/p>\n<p style=\"text-align: justify;\">\u2022 Crioterapia ou eletrocaut\u00e9rio \u2192 op\u00e7\u00f5es seguras, indicadas conforme o caso<\/p>\n<p style=\"text-align: justify;\">\ud83d\udc69\u200d\u2695\ufe0f Dica da especialista: sempre fa\u00e7a avalia\u00e7\u00e3o antes de escolher o tratamento.<\/p>\n<p style=\"text-align: justify;\">\ud83c\udf38 Beleza \u00e9 confian\u00e7a<\/p>\n<p style=\"text-align: justify;\">Cuidar das p\u00e1pulas n\u00edgras vai al\u00e9m da est\u00e9tica: \u00e9 sobre recuperar a autoconfian\u00e7a. Quando a pele reflete bem-estar, o sorriso diante do espelho vem naturalmente.<\/p>\n<p style=\"text-align: justify;\">\ud83d\udc49 Box Curiosidade<\/p>\n<p style=\"text-align: justify;\">Sabia que as p\u00e1pulas n\u00edgras s\u00e3o mais comuns do que voc\u00ea imagina? Muitas celebridades j\u00e1 trataram discretamente essas pequenas les\u00f5es para manter a pele uniforme nas c\u00e2meras!<\/p>\n<p style=\"text-align: justify;\">&nbsp;<\/p>\n","protected":false},"excerpt":{"rendered":"<p>Por: Dra. Alessandra Guilger &nbsp; &nbsp; &nbsp; &nbsp; &nbsp; &nbsp; &nbsp; &nbsp; &nbsp; &nbsp; &nbsp; &nbsp; &nbsp;Especialista Sa\u00fade Est\u00e9tica&nbsp; &nbsp; &nbsp; &nbsp; &nbsp; &nbsp; &nbsp; &nbsp; &nbsp; &nbsp;@donalesaudeestetica &nbsp; \ud83d\udccc Voc\u00ea j\u00e1 percebeu pequenas bolinhas escuras no rosto ou no pesco\u00e7o que parecem n\u00e3o sair nunca? Essas marquinhas t\u00eam nome: P\u00e1pulas N\u00edgras. N\u00e3o fazem mal [&hellip;]<\/p>\n","protected":false},"author":1,"featured_media":44276,"comment_status":"open","ping_status":"open","sticky":false,"template":"","format":"standard","meta":{"ngg_post_thumbnail":0,"footnotes":""},"categories":[2,32,41],"tags":[],"class_list":["post-44275","post","type-post","status-publish","format-standard","has-post-thumbnail","hentry","category-destaques","category-estetica","category-ultimasnoticias"],"_links":{"self":[{"href":"https:\/\/somdepapo.com.br\/portal\/wp-json\/wp\/v2\/posts\/44275","targetHints":{"allow":["GET"]}}],"collection":[{"href":"https:\/\/somdepapo.com.br\/portal\/wp-json\/wp\/v2\/posts"}],"about":[{"href":"https:\/\/somdepapo.com.br\/portal\/wp-json\/wp\/v2\/types\/post"}],"author":[{"embeddable":true,"href":"https:\/\/somdepapo.com.br\/portal\/wp-json\/wp\/v2\/users\/1"}],"replies":[{"embeddable":true,"href":"https:\/\/somdepapo.com.br\/portal\/wp-json\/wp\/v2\/comments?post=44275"}],"version-history":[{"count":4,"href":"https:\/\/somdepapo.com.br\/portal\/wp-json\/wp\/v2\/posts\/44275\/revisions"}],"predecessor-version":[{"id":44296,"href":"https:\/\/somdepapo.com.br\/portal\/wp-json\/wp\/v2\/posts\/44275\/revisions\/44296"}],"wp:featuredmedia":[{"embeddable":true,"href":"https:\/\/somdepapo.com.br\/portal\/wp-json\/wp\/v2\/media\/44276"}],"wp:attachment":[{"href":"https:\/\/somdepapo.com.br\/portal\/wp-json\/wp\/v2\/media?parent=44275"}],"wp:term":[{"taxonomy":"category","embeddable":true,"href":"https:\/\/somdepapo.com.br\/portal\/wp-json\/wp\/v2\/categories?post=44275"},{"taxonomy":"post_tag","embeddable":true,"href":"https:\/\/somdepapo.com.br\/portal\/wp-json\/wp\/v2\/tags?post=44275"}],"curies":[{"name":"wp","href":"https:\/\/api.w.org\/{rel}","templated":true}]}}