{"id":44394,"date":"2025-10-02T15:31:18","date_gmt":"2025-10-02T18:31:18","guid":{"rendered":"https:\/\/somdepapo.com.br\/portal\/?p=44394"},"modified":"2025-10-02T15:31:18","modified_gmt":"2025-10-02T18:31:18","slug":"morre-jane-goodall-um-legado-que-ultrapassa-tempos-e-fronteiras","status":"publish","type":"post","link":"https:\/\/somdepapo.com.br\/portal\/morre-jane-goodall-um-legado-que-ultrapassa-tempos-e-fronteiras\/","title":{"rendered":"Morre Jane Goodall: Um Legado que ultrapassa Tempos e Fronteiras"},"content":{"rendered":"<p style=\"text-align: right;\">Por Andr\u00e9 Henrique&nbsp;<\/p>\n<p style=\"text-align: justify;\">&nbsp;<\/p>\n<p style=\"text-align: justify;\">Em 1\u00ba de outubro de 2025, o mundo cient\u00edfico e ambiental perdeu uma de suas figuras mais proeminentes: Dame Jane Goodall, que faleceu aos 91 anos, de causas naturais, enquanto participava de uma turn\u00ea de palestras nos Estados Unidos.&nbsp;<\/p>\n<p style=\"text-align: justify;\">Uma Vida Dedicada \u00e0 Ci\u00eancia e \u00e0 Natureza<\/p>\n<p style=\"text-align: justify;\">Nascida em Londres em 3 de abril de 1934, Goodall dedicou grande parte da sua vida ao estudo dos chimpanz\u00e9s no Parque Nacional de Gombe, na Tanz\u00e2nia. Contrariando paradigmas da \u00e9poca, ela demonstrou que esses primatas utilizam ferramentas, possuem la\u00e7os sociais complexos e manifestam comportamentos emocionais, destruindo a barreira r\u00edgida entre \u201canimal\u201d e \u201chumano\u201d.&nbsp;<\/p>\n<p style=\"text-align: justify;\">A partir de sua pesquisa pioneira, Goodall fundou o Jane Goodall Institute em 1977, e tamb\u00e9m o programa Roots &amp; Shoots, que incentiva jovens em todo o mundo a atuarem pela conserva\u00e7\u00e3o e melhoria ambiental. Sua voz se tornou eco global como defensora da biodiversidade, do habitat dos chimpanz\u00e9s e da interdepend\u00eancia entre humanos, animais e natureza.<\/p>\n<p style=\"text-align: justify;\">A Morte, o Luto e as Repercuss\u00f5es<\/p>\n<p style=\"text-align: justify;\">A not\u00edcia de sua morte imediatamente repercutiu em ve\u00edculos mundiais e comoventes tributos foram feitos por l\u00edderes, cientistas e movimentos ambientais. Ela morreu nos Estados Unidos, durante sua agenda de palestras, demonstrando at\u00e9 o final seu compromisso com a causa ambiental.&nbsp;<\/p>\n<p style=\"text-align: justify;\">O mundo, em choque, n\u00e3o apenas lamenta a partida de uma cientista singular, mas reconhece o vazio que sua aus\u00eancia deixar\u00e1 nas discuss\u00f5es sobre a conserva\u00e7\u00e3o planet\u00e1ria e no ativismo ambiental.<\/p>\n<p style=\"text-align: justify;\">O Legado que Persiste<\/p>\n<p style=\"text-align: justify;\">Mesmo ap\u00f3s sua morte, a obra de Goodall continua viva e atuante:<\/p>\n<p style=\"text-align: justify;\">Transforma\u00e7\u00e3o cient\u00edfica: Sua metodologia de observa\u00e7\u00e3o participante mudou a etologia e abriu novos caminhos para estudos de comportamento animal.<\/p>\n<p style=\"text-align: justify;\">Educa\u00e7\u00e3o ambiental: O programa Roots &amp; Shoots mobiliza milhares de jovens em mais de 60 pa\u00edses, mostrando que qualquer pessoa, em qualquer lugar, pode agir pelo planeta.<\/p>\n<p style=\"text-align: justify;\">Ativismo global: Goodall foi Mensageira da Paz da ONU, defensora de causas como os direitos dos animais e o combate \u00e0s mudan\u00e7as clim\u00e1ticas.<\/p>\n<p style=\"text-align: justify;\">Inspira\u00e7\u00e3o para gera\u00e7\u00f5es: Sua pr\u00f3pria trajet\u00f3ria \u2014 come\u00e7ando como uma jovem promissora sem forma\u00e7\u00e3o formal em biologia \u2014 mostrou que paix\u00e3o, persist\u00eancia e empatia s\u00e3o capazes de moldar o mundo.<\/p>\n<p style=\"text-align: justify;\">Reflex\u00e3o Final<\/p>\n<p style=\"text-align: justify;\">A partida de Jane Goodall nos convida a revisitar algo que ela sempre enfatizou: cada a\u00e7\u00e3o conta, cada voz importa. Em tempos de crises clim\u00e1tica, perda de biodiversidade e desigualdades sociais com impacto ambiental, sua vida nos lembra que ci\u00eancia e ativismo devem caminhar juntos.<\/p>\n<p style=\"text-align: justify;\">Perdemos uma pioneira, mas n\u00e3o perdemos o rumo. O desafio agora \u00e9 manter acesa a chama da curiosidade, da responsabilidade e do amor pela natureza que Goodall espalhou por meio s\u00e9culo. Que suas li\u00e7\u00f5es continuem a inspirar pesquisadores, estudantes e cidad\u00e3os a manter a luta pela preserva\u00e7\u00e3o da vida humana e n\u00e3o humana, em cada canto do planeta.<\/p>\n<p style=\"text-align: justify;\">Andr\u00e9 Henrique de Rezende Almeida<\/p>\n<p style=\"text-align: justify;\">@BIOLOGOANDREHENRIQUE<\/p>\n<p style=\"text-align: justify;\">Bi\u00f3logo CRBIO 02: 60.945<\/p>\n<p style=\"text-align: justify;\">Engenheiro Ambiental CREA: ES-055476\/D<\/p>\n<p style=\"text-align: justify;\">&nbsp;<\/p>\n<p style=\"text-align: justify;\">&nbsp;<\/p>\n","protected":false},"excerpt":{"rendered":"<p>Por Andr\u00e9 Henrique&nbsp; &nbsp; Em 1\u00ba de outubro de 2025, o mundo cient\u00edfico e ambiental perdeu uma de suas figuras mais proeminentes: Dame Jane Goodall, que faleceu aos 91 anos, de causas naturais, enquanto participava de uma turn\u00ea de palestras nos Estados Unidos.&nbsp; Uma Vida Dedicada \u00e0 Ci\u00eancia e \u00e0 Natureza Nascida em Londres em [&hellip;]<\/p>\n","protected":false},"author":1,"featured_media":44395,"comment_status":"open","ping_status":"open","sticky":false,"template":"","format":"standard","meta":{"ngg_post_thumbnail":0,"footnotes":""},"categories":[2,345,31,41],"tags":[],"class_list":["post-44394","post","type-post","status-publish","format-standard","has-post-thumbnail","hentry","category-destaques","category-meio-ambiente","category-noticias","category-ultimasnoticias"],"_links":{"self":[{"href":"https:\/\/somdepapo.com.br\/portal\/wp-json\/wp\/v2\/posts\/44394","targetHints":{"allow":["GET"]}}],"collection":[{"href":"https:\/\/somdepapo.com.br\/portal\/wp-json\/wp\/v2\/posts"}],"about":[{"href":"https:\/\/somdepapo.com.br\/portal\/wp-json\/wp\/v2\/types\/post"}],"author":[{"embeddable":true,"href":"https:\/\/somdepapo.com.br\/portal\/wp-json\/wp\/v2\/users\/1"}],"replies":[{"embeddable":true,"href":"https:\/\/somdepapo.com.br\/portal\/wp-json\/wp\/v2\/comments?post=44394"}],"version-history":[{"count":1,"href":"https:\/\/somdepapo.com.br\/portal\/wp-json\/wp\/v2\/posts\/44394\/revisions"}],"predecessor-version":[{"id":44396,"href":"https:\/\/somdepapo.com.br\/portal\/wp-json\/wp\/v2\/posts\/44394\/revisions\/44396"}],"wp:featuredmedia":[{"embeddable":true,"href":"https:\/\/somdepapo.com.br\/portal\/wp-json\/wp\/v2\/media\/44395"}],"wp:attachment":[{"href":"https:\/\/somdepapo.com.br\/portal\/wp-json\/wp\/v2\/media?parent=44394"}],"wp:term":[{"taxonomy":"category","embeddable":true,"href":"https:\/\/somdepapo.com.br\/portal\/wp-json\/wp\/v2\/categories?post=44394"},{"taxonomy":"post_tag","embeddable":true,"href":"https:\/\/somdepapo.com.br\/portal\/wp-json\/wp\/v2\/tags?post=44394"}],"curies":[{"name":"wp","href":"https:\/\/api.w.org\/{rel}","templated":true}]}}