{"id":44403,"date":"2025-10-03T11:01:54","date_gmt":"2025-10-03T14:01:54","guid":{"rendered":"https:\/\/somdepapo.com.br\/portal\/?p=44403"},"modified":"2025-10-03T11:01:54","modified_gmt":"2025-10-03T14:01:54","slug":"a-coragem-da-vulnerabilidade","status":"publish","type":"post","link":"https:\/\/somdepapo.com.br\/portal\/a-coragem-da-vulnerabilidade\/","title":{"rendered":"A Coragem da Vulnerabilidade"},"content":{"rendered":"<p style=\"text-align: right;\">Por Thiago Alves Eduardo- Psic\u00f3logo.<\/p>\n<p style=\"text-align: right;\">@thiagoalvespsic<\/p>\n<p style=\"text-align: justify;\">Na sociedade atual, a vulnerabilidade costuma ser interpretada como fraqueza. Crescemos ouvindo frases como \u201cn\u00e3o chore\u201d, \u201cengole o choro\u201d ou \u201cseja forte\u201d, que acabam moldando nossa forma de lidar com sentimentos dif\u00edceis. O resultado \u00e9 um modelo de vida em que expor fragilidades \u00e9 visto como algo arriscado, quase perigoso, e onde muitas vezes tentamos nos proteger escondendo emo\u00e7\u00f5es. Mas ser\u00e1 que negar a vulnerabilidade realmente nos fortalece?<\/p>\n<p style=\"text-align: justify;\">Na psicologia, compreendemos a vulnerabilidade como a capacidade de reconhecer e compartilhar aquilo que \u00e9 mais humano em n\u00f3s: nossas d\u00favidas, medos, dores e inseguran\u00e7as. Longe de ser um sinal de fraqueza, ela representa coragem. Coragem de mostrar-se por inteiro, sem m\u00e1scaras ou defesas excessivas. Esse movimento \u00e9 essencial para qualquer processo de autoconhecimento e, sobretudo, para o crescimento dentro da terapia.<\/p>\n<p style=\"text-align: justify;\">A vulnerabilidade como ponto de encontro<\/p>\n<p style=\"text-align: justify;\">Quando uma pessoa decide procurar ajuda psicol\u00f3gica, geralmente chega carregada de sentimentos que foram, por muito tempo, abafados ou evitados. O espa\u00e7o terap\u00eautico se torna, ent\u00e3o, um lugar seguro para que esses conte\u00fados venham \u00e0 tona. \u00c9 nesse momento que a vulnerabilidade aparece como um elo entre paciente e terapeuta.<\/p>\n<p style=\"text-align: justify;\">Ser vulner\u00e1vel permite que o indiv\u00edduo fale sobre seus conflitos mais \u00edntimos, suas falhas percebidas e at\u00e9 mesmo sobre a sensa\u00e7\u00e3o de n\u00e3o saber por onde come\u00e7ar. Esse ato abre caminho para a constru\u00e7\u00e3o de uma rela\u00e7\u00e3o terap\u00eautica baseada em confian\u00e7a e autenticidade. Sem essa abertura, o trabalho tende a ficar superficial, limitado apenas ao que a pessoa considera aceit\u00e1vel compartilhar.<\/p>\n<p style=\"text-align: justify;\">O risco de negar a vulnerabilidade<\/p>\n<p style=\"text-align: justify;\">Negar-se a ser vulner\u00e1vel pode trazer uma falsa sensa\u00e7\u00e3o de controle. Muitas pessoas acreditam que \u201cdar conta de tudo sozinhas\u201d \u00e9 sin\u00f4nimo de maturidade ou for\u00e7a. Por\u00e9m, o pre\u00e7o disso costuma ser alto: ansiedade elevada, dificuldade em estabelecer v\u00ednculos profundos e at\u00e9 sintomas f\u00edsicos decorrentes da repress\u00e3o emocional.<\/p>\n<p style=\"text-align: justify;\">Na pr\u00e1tica cl\u00ednica, vemos que a resist\u00eancia em se abrir gera um ciclo de isolamento. Ao esconder as fragilidades, a pessoa se afasta de quem poderia acolher e compreender sua dor, refor\u00e7ando a ideia de que \u201cningu\u00e9m pode me ajudar\u201d. Essa cren\u00e7a n\u00e3o apenas sustenta o sofrimento, como impede a experi\u00eancia de ser cuidado, algo fundamental para a sa\u00fade emocional.<\/p>\n<p style=\"text-align: justify;\">Vulnerabilidade como ferramenta de transforma\u00e7\u00e3o<\/p>\n<p style=\"text-align: justify;\">Ser vulner\u00e1vel n\u00e3o significa expor-se a qualquer pessoa ou em qualquer contexto. Pelo contr\u00e1rio, \u00e9 um ato de escolha consciente: abrir-se diante de quem pode oferecer acolhimento e respeito. Dentro da terapia, essa postura tem um potencial transformador.<\/p>\n<p style=\"text-align: justify;\">Quando um paciente consegue dizer em voz alta algo que antes era segredo, o que acontece n\u00e3o \u00e9 apenas a descarga emocional, mas a ressignifica\u00e7\u00e3o daquela experi\u00eancia. O olhar n\u00e3o julgador do terapeuta funciona como um espelho que devolve ao paciente a mensagem de que \u00e9 poss\u00edvel ser aceito mesmo com imperfei\u00e7\u00f5es. Essa viv\u00eancia promove autocompaix\u00e3o e amplia a capacidade de se relacionar com o mundo de maneira mais genu\u00edna.<\/p>\n<p style=\"text-align: justify;\">Do ponto de vista psicol\u00f3gico, assumir vulnerabilidades fortalece a resili\u00eancia. Paradoxalmente, ao reconhecer aquilo que nos faz fr\u00e1geis, aumentamos nossa for\u00e7a interna, pois aprendemos a lidar com limita\u00e7\u00f5es e a buscar apoio quando necess\u00e1rio. Esse movimento tamb\u00e9m contribui para rela\u00e7\u00f5es mais saud\u00e1veis: quanto mais nos mostramos como somos, maiores as chances de construir la\u00e7os verdadeiros, baseados em confian\u00e7a m\u00fatua.<\/p>\n<p style=\"text-align: justify;\">Uma pr\u00e1tica di\u00e1ria<\/p>\n<p style=\"text-align: justify;\">Aprender a ser vulner\u00e1vel \u00e9 um exerc\u00edcio cont\u00ednuo. Envolve aceitar que n\u00e3o temos todas as respostas, admitir quando precisamos de ajuda e permitir-se sentir sem censura. Esse processo n\u00e3o acontece de um dia para o outro; trata-se de uma pr\u00e1tica que exige paci\u00eancia e gentileza consigo mesmo.<\/p>\n<p style=\"text-align: justify;\">No cotidiano, pequenos gestos j\u00e1 representam passos importantes nessa dire\u00e7\u00e3o. Reconhecer quando algo d\u00f3i, pedir apoio a um amigo, admitir um erro ou simplesmente permitir-se descansar em um dia dif\u00edcil s\u00e3o exemplos concretos de vulnerabilidade saud\u00e1vel.<\/p>\n<p style=\"text-align: justify;\">Conclus\u00e3o<\/p>\n<p style=\"text-align: justify;\">Ser vulner\u00e1vel n\u00e3o \u00e9 abrir m\u00e3o da for\u00e7a, mas descobrir uma for\u00e7a diferente: a que nasce da autenticidade. Na terapia, essa postura \u00e9 o que torna poss\u00edvel o mergulho profundo em si mesmo, facilitando mudan\u00e7as duradouras e promovendo maior bem-estar emocional.<\/p>\n<p style=\"text-align: justify;\">Num mundo que valoriza m\u00e1scaras e perfei\u00e7\u00e3o, escolher ser vulner\u00e1vel \u00e9 um ato revolucion\u00e1rio. \u00c9 reconhecer que, por tr\u00e1s das defesas, todos somos humanos \u2014 e que \u00e9 justamente nesse ponto de encontro, onde mostramos nossas fragilidades, que encontramos a possibilidade de transforma\u00e7\u00e3o real.<\/p>\n<p style=\"text-align: justify;\">Refer\u00eancia<\/p>\n<p style=\"text-align: justify;\">BROWN, B. A coragem de ser imperfeito: como aceitar a pr\u00f3pria vulnerabilidade, vencer a vergonha e ousar ser quem voc\u00ea \u00e9. Rio de Janeiro: Sextante, 2013.<\/p>\n<p style=\"text-align: justify;\">&nbsp;<\/p>\n","protected":false},"excerpt":{"rendered":"<p>Por Thiago Alves Eduardo- Psic\u00f3logo. @thiagoalvespsic Na sociedade atual, a vulnerabilidade costuma ser interpretada como fraqueza. Crescemos ouvindo frases como \u201cn\u00e3o chore\u201d, \u201cengole o choro\u201d ou \u201cseja forte\u201d, que acabam moldando nossa forma de lidar com sentimentos dif\u00edceis. O resultado \u00e9 um modelo de vida em que expor fragilidades \u00e9 visto como algo arriscado, quase [&hellip;]<\/p>\n","protected":false},"author":1,"featured_media":44404,"comment_status":"open","ping_status":"open","sticky":false,"template":"","format":"standard","meta":{"ngg_post_thumbnail":0,"footnotes":""},"categories":[2,352,41],"tags":[],"class_list":["post-44403","post","type-post","status-publish","format-standard","has-post-thumbnail","hentry","category-destaques","category-terapias","category-ultimasnoticias"],"_links":{"self":[{"href":"https:\/\/somdepapo.com.br\/portal\/wp-json\/wp\/v2\/posts\/44403","targetHints":{"allow":["GET"]}}],"collection":[{"href":"https:\/\/somdepapo.com.br\/portal\/wp-json\/wp\/v2\/posts"}],"about":[{"href":"https:\/\/somdepapo.com.br\/portal\/wp-json\/wp\/v2\/types\/post"}],"author":[{"embeddable":true,"href":"https:\/\/somdepapo.com.br\/portal\/wp-json\/wp\/v2\/users\/1"}],"replies":[{"embeddable":true,"href":"https:\/\/somdepapo.com.br\/portal\/wp-json\/wp\/v2\/comments?post=44403"}],"version-history":[{"count":1,"href":"https:\/\/somdepapo.com.br\/portal\/wp-json\/wp\/v2\/posts\/44403\/revisions"}],"predecessor-version":[{"id":44405,"href":"https:\/\/somdepapo.com.br\/portal\/wp-json\/wp\/v2\/posts\/44403\/revisions\/44405"}],"wp:featuredmedia":[{"embeddable":true,"href":"https:\/\/somdepapo.com.br\/portal\/wp-json\/wp\/v2\/media\/44404"}],"wp:attachment":[{"href":"https:\/\/somdepapo.com.br\/portal\/wp-json\/wp\/v2\/media?parent=44403"}],"wp:term":[{"taxonomy":"category","embeddable":true,"href":"https:\/\/somdepapo.com.br\/portal\/wp-json\/wp\/v2\/categories?post=44403"},{"taxonomy":"post_tag","embeddable":true,"href":"https:\/\/somdepapo.com.br\/portal\/wp-json\/wp\/v2\/tags?post=44403"}],"curies":[{"name":"wp","href":"https:\/\/api.w.org\/{rel}","templated":true}]}}