{"id":44430,"date":"2025-10-04T13:17:39","date_gmt":"2025-10-04T16:17:39","guid":{"rendered":"https:\/\/somdepapo.com.br\/portal\/?p=44430"},"modified":"2025-10-11T08:52:44","modified_gmt":"2025-10-11T11:52:44","slug":"idosos-com-70-anos-ou-mais-podem-escolher-o-regime-de-bens-no-casamento-ou-na-uniao-estavel","status":"publish","type":"post","link":"https:\/\/somdepapo.com.br\/portal\/idosos-com-70-anos-ou-mais-podem-escolher-o-regime-de-bens-no-casamento-ou-na-uniao-estavel\/","title":{"rendered":"Idosos com 70 anos ou mais podem escolher o Regime de Bens no Casamento ou na Uni\u00e3o Est\u00e1vel?"},"content":{"rendered":"<p style=\"text-align: right;\">Por Gilanio Calixto.<\/p>\n<p style=\"text-align: justify;\">&nbsp;Neste artigo de hoje destaco um tema interessante que muitos idosos ao se casar novamente ou celebrar uma Uni\u00e3o Est\u00e1vel se deparam com certas limita\u00e7\u00f5es impostas pela lei, por\u00e9m trago novidades. Fica comigo que em dois minutos resumidamente citarei as informa\u00e7\u00f5es.<\/p>\n<p style=\"text-align: justify;\">&nbsp;Pois bem, agora um idoso com mais de 70 anos pode decidir sobre o regime de bens de seu casamento, pois o Supremo Tribunal Federal (STF) decidiu que essa obrigatoriedade de regime de separa\u00e7\u00e3o de bens foi superada, permitindo que o casal escolha livremente o regime de bens atrav\u00e9s de um pacto antenupcial.<\/p>\n<p style=\"text-align: justify;\">&nbsp;Essa decis\u00e3o reconhece a autonomia e dignidade da pessoa idosa, abandonando a presun\u00e7\u00e3o de incapacidade que existia no C\u00f3digo Civil. Anteriormente o regime era de separa\u00e7\u00e3o obrigat\u00f3ria que ainda \u00e9, porque pelo c\u00f3digo civil pessoas com mais de 70 anos eram obrigadas a adotar o regime da separa\u00e7\u00e3o de bens ao se casarem.<\/p>\n<p style=\"text-align: justify;\">&nbsp;O STF entendeu que a imposi\u00e7\u00e3o do regime da separa\u00e7\u00e3o de bens violava a autodetermina\u00e7\u00e3o do indiv\u00edduo, permitindo assim que casais onde um dos c\u00f4njuges tem mais de 70 anos escolha o regime de bens, seja a comunh\u00e3o parcial, comunh\u00e3o universal, ou o regime convencional de separa\u00e7\u00e3o. Para afastar a separa\u00e7\u00e3o obrigat\u00f3ria, as partes devem se manifestar expressamente e escolher outro regime por meio de um pacto antenupcial.<\/p>\n<p style=\"text-align: justify;\">&nbsp;Vale salientar que, N\u00c3O \u00e9 que deixou de valer a regra de separa\u00e7\u00e3o obrigat\u00f3ria \u2013 artigo 1.614, Inciso II do C\u00f3digo Civil, ela continua valendo, por\u00e9m atrav\u00e9s de um Pacto Antenupcial (ou um contrato de uni\u00e3o est\u00e1vel), feito por escritura p\u00fablica no Cart\u00f3rio de Notas, onde ambos manifestam sua vontade de escolher outro regime (como a Comunh\u00e3o Parcial ou a Separa\u00e7\u00e3o Convencional) o regime obrigat\u00f3rio poder\u00e1 ser afastado antes da celebra\u00e7\u00e3o do casamento.<\/p>\n<p style=\"text-align: justify;\">&nbsp;Para realizar a altera\u00e7\u00e3o do regime de bens, \u00e9 necess\u00e1rio manifestar esse desejo por meio de escritura p\u00fablica, firmada em cart\u00f3rio. Casais acima de 70 anos que j\u00e1 estejam casados ou em uni\u00e3o est\u00e1vel tamb\u00e9m podem alterar o regime de bens, mediante autoriza\u00e7\u00e3o judicial ou manifesta\u00e7\u00e3o em escritura p\u00fablica, produzindo efeitos patrimoniais apenas para o futuro.<\/p>\n<p style=\"text-align: justify;\">&nbsp;A proposta de modula\u00e7\u00e3o feita pelo STF visa garantir a seguran\u00e7a jur\u00eddica, assegurando que a mudan\u00e7a no regime de bens s\u00f3 tenha efeitos prospectivos, sem afetar situa\u00e7\u00f5es jur\u00eddicas j\u00e1 definitivamente constitu\u00eddas.<\/p>\n<p style=\"text-align: justify;\">&nbsp;Gostou da abordagem?<\/p>\n<p style=\"text-align: justify;\">Fonte da imagem: Internet \u2013 JUS BRASIL.<\/p>\n<p style=\"text-align: justify;\">&nbsp; &nbsp; Quer saber mais sobre estes assuntos e outros? Me segue nas redes sociais e l\u00e1 ter\u00e1s mais dicas e informa\u00e7\u00f5es. @gilaniocalixtoadv; @mcrereser.<\/p>\n<p style=\"text-align: justify;\">Gilanio Calixto Velez<\/p>\n<p style=\"text-align: justify;\">Advogado e Professor<\/p>\n<p style=\"text-align: justify;\">\uf0fc Advogado especialista em Direito Previdenci\u00e1rio e em Direito de Familia<\/p>\n<p style=\"text-align: justify;\">\uf0fc Professor Universit\u00e1rio em Direitos Humanos e Educa\u00e7\u00e3o Emocional<\/p>\n<p style=\"text-align: justify;\">\uf0fc Palestrante Motivacional e de Carreira Profissional<\/p>\n<p style=\"text-align: justify;\">\uf0fc Fundador do Instituto de Desenvolvimento Humano &#8211; Crer &amp; Ser \u2013 Metodologia e Projeto de Vida &#8211; Campina Grande \u2013 PB e Queimadas \u2013 PB<\/p>\n<p style=\"text-align: justify;\">\uf0fc Perfil no Instagram: @gilaniocalixtoadv; @mcrereser<\/p>\n<p style=\"text-align: justify;\">\uf0fc Email: gcalixtoadvocacia@gmail.com ; fone: (83).9.9866.3639<\/p>\n<p style=\"text-align: justify;\">&nbsp;<\/p>\n<p>&nbsp;<\/p>\n<p>&nbsp;<\/p>\n<p>&nbsp;<\/p>\n<p>&nbsp;<\/p>\n<p>&nbsp;<\/p>\n<p>&nbsp;<\/p>\n<p>&nbsp;<\/p>\n<p>&nbsp;<\/p>\n<p>&nbsp;<\/p>\n<p>&nbsp;<\/p>\n","protected":false},"excerpt":{"rendered":"<p>Por Gilanio Calixto. &nbsp;Neste artigo de hoje destaco um tema interessante que muitos idosos ao se casar novamente ou celebrar uma Uni\u00e3o Est\u00e1vel se deparam com certas limita\u00e7\u00f5es impostas pela lei, por\u00e9m trago novidades. Fica comigo que em dois minutos resumidamente citarei as informa\u00e7\u00f5es. &nbsp;Pois bem, agora um idoso com mais de 70 anos pode [&hellip;]<\/p>\n","protected":false},"author":1,"featured_media":44431,"comment_status":"open","ping_status":"open","sticky":false,"template":"","format":"standard","meta":{"ngg_post_thumbnail":0,"footnotes":""},"categories":[225,2,382,41],"tags":[],"class_list":["post-44430","post","type-post","status-publish","format-standard","has-post-thumbnail","hentry","category-cidadania","category-destaques","category-familia-e-sucessoes","category-ultimasnoticias"],"_links":{"self":[{"href":"https:\/\/somdepapo.com.br\/portal\/wp-json\/wp\/v2\/posts\/44430","targetHints":{"allow":["GET"]}}],"collection":[{"href":"https:\/\/somdepapo.com.br\/portal\/wp-json\/wp\/v2\/posts"}],"about":[{"href":"https:\/\/somdepapo.com.br\/portal\/wp-json\/wp\/v2\/types\/post"}],"author":[{"embeddable":true,"href":"https:\/\/somdepapo.com.br\/portal\/wp-json\/wp\/v2\/users\/1"}],"replies":[{"embeddable":true,"href":"https:\/\/somdepapo.com.br\/portal\/wp-json\/wp\/v2\/comments?post=44430"}],"version-history":[{"count":1,"href":"https:\/\/somdepapo.com.br\/portal\/wp-json\/wp\/v2\/posts\/44430\/revisions"}],"predecessor-version":[{"id":44432,"href":"https:\/\/somdepapo.com.br\/portal\/wp-json\/wp\/v2\/posts\/44430\/revisions\/44432"}],"wp:featuredmedia":[{"embeddable":true,"href":"https:\/\/somdepapo.com.br\/portal\/wp-json\/wp\/v2\/media\/44431"}],"wp:attachment":[{"href":"https:\/\/somdepapo.com.br\/portal\/wp-json\/wp\/v2\/media?parent=44430"}],"wp:term":[{"taxonomy":"category","embeddable":true,"href":"https:\/\/somdepapo.com.br\/portal\/wp-json\/wp\/v2\/categories?post=44430"},{"taxonomy":"post_tag","embeddable":true,"href":"https:\/\/somdepapo.com.br\/portal\/wp-json\/wp\/v2\/tags?post=44430"}],"curies":[{"name":"wp","href":"https:\/\/api.w.org\/{rel}","templated":true}]}}