{"id":44441,"date":"2025-10-05T08:01:31","date_gmt":"2025-10-05T11:01:31","guid":{"rendered":"https:\/\/somdepapo.com.br\/portal\/?p=44441"},"modified":"2025-10-05T08:06:36","modified_gmt":"2025-10-05T11:06:36","slug":"beleza-de-dentro-pra-fora-por-que-o-intestino-e-o-segredo-dos-tratamentos-esteticos-bem-sucedidos","status":"publish","type":"post","link":"https:\/\/somdepapo.com.br\/portal\/beleza-de-dentro-pra-fora-por-que-o-intestino-e-o-segredo-dos-tratamentos-esteticos-bem-sucedidos\/","title":{"rendered":"Beleza de Dentro pra Fora: Por que o intestino \u00e9 o Segredo dos Tratamentos Est\u00e9ticos Bem-Sucedidos"},"content":{"rendered":"<p style=\"text-align: right;\">Por Dra. Alessandra Guilger<\/p>\n<p style=\"text-align: right;\">&nbsp;@donalesaudeestetica<\/p>\n<p style=\"text-align: justify;\">Quando falamos de beleza e est\u00e9tica, a primeira imagem que vem \u00e0 cabe\u00e7a costuma ser de cremes, procedimentos faciais, massagens modeladoras ou tecnologias avan\u00e7adas como laser e radiofrequ\u00eancia. Mas a verdadeira transforma\u00e7\u00e3o est\u00e9tica come\u00e7a antes de qualquer sess\u00e3o em cl\u00ednica: ela come\u00e7a no intestino.<\/p>\n<p style=\"text-align: justify;\">Sim, o seu intestino pode ser o grande aliado (ou sabotador) dos seus resultados est\u00e9ticos.<\/p>\n<p><img fetchpriority=\"high\" decoding=\"async\" class=\"alignnone size-full wp-image-44445\" src=\"https:\/\/somdepapo.com.br\/portal\/wp-content\/uploads\/2025\/10\/Screenshot_20251005-080147_Gmail.jpg\" alt=\"\" width=\"1080\" height=\"1114\" srcset=\"https:\/\/somdepapo.com.br\/portal\/wp-content\/uploads\/2025\/10\/Screenshot_20251005-080147_Gmail.jpg 1080w, https:\/\/somdepapo.com.br\/portal\/wp-content\/uploads\/2025\/10\/Screenshot_20251005-080147_Gmail-291x300.jpg 291w, https:\/\/somdepapo.com.br\/portal\/wp-content\/uploads\/2025\/10\/Screenshot_20251005-080147_Gmail-993x1024.jpg 993w, https:\/\/somdepapo.com.br\/portal\/wp-content\/uploads\/2025\/10\/Screenshot_20251005-080147_Gmail-768x792.jpg 768w, https:\/\/somdepapo.com.br\/portal\/wp-content\/uploads\/2025\/10\/Screenshot_20251005-080147_Gmail-150x155.jpg 150w, https:\/\/somdepapo.com.br\/portal\/wp-content\/uploads\/2025\/10\/Screenshot_20251005-080147_Gmail-750x774.jpg 750w\" sizes=\"(max-width: 1080px) 100vw, 1080px\" \/><\/p>\n<p style=\"text-align: justify;\">\ud83e\udde0 Intestino: o segundo c\u00e9rebro \u2014 e o centro da beleza<\/p>\n<p style=\"text-align: justify;\">O intestino \u00e9 muito mais do que um \u00f3rg\u00e3o digestivo. Ele abriga cerca de 70% da nossa imunidade, participa da produ\u00e7\u00e3o de neurotransmissores como a serotonina (o horm\u00f4nio do bem-estar) e abriga trilh\u00f5es de bact\u00e9rias que comp\u00f5em a microbiota intestinal.<\/p>\n<p style=\"text-align: justify;\">Quando essa microbiota est\u00e1 equilibrada, o corpo funciona em harmonia. Mas quando est\u00e1 desregulada (condi\u00e7\u00e3o conhecida como disbiose intestinal), surgem sinais claros no espelho:<\/p>\n<p style=\"text-align: justify;\">Pele acneica ou sem vi\u00e7o<\/p>\n<p style=\"text-align: justify;\">Queda de cabelo<\/p>\n<p style=\"text-align: justify;\">Reten\u00e7\u00e3o de l\u00edquido e incha\u00e7o<\/p>\n<p style=\"text-align: justify;\">Celulite mais aparente<\/p>\n<p style=\"text-align: justify;\">Envelhecimento precoce<\/p>\n<p style=\"text-align: justify;\">Ou seja, a sa\u00fade do intestino reflete diretamente na sua est\u00e9tica.<\/p>\n<p style=\"text-align: justify;\">\ud83d\udd25 Inflama\u00e7\u00e3o oculta: a sabotagem silenciosa da beleza<\/p>\n<p style=\"text-align: justify;\">A m\u00e1 alimenta\u00e7\u00e3o, o estresse cr\u00f4nico, o excesso de industrializados e o uso cont\u00ednuo de medicamentos, como antibi\u00f3ticos e anti-inflamat\u00f3rios, causam microinflama\u00e7\u00f5es no intestino. Com isso, ocorre uma permeabilidade intestinal aumentada, fazendo com que toxinas passem para a corrente sangu\u00ednea.<\/p>\n<p style=\"text-align: justify;\">Essas toxinas inflamam o corpo, sobrecarregam o f\u00edgado e os rins, e a pele entra em a\u00e7\u00e3o como \u00f3rg\u00e3o de elimina\u00e7\u00e3o \u2014 resultando em espinhas, manchas, olheiras e uma apar\u00eancia cansada.<\/p>\n<p style=\"text-align: justify;\">\ud83d\udc86\u200d\u2640 O intestino potencializa seus tratamentos est\u00e9ticos<\/p>\n<p style=\"text-align: justify;\">Quer potencializar os resultados dos seus procedimentos est\u00e9ticos? Comece cuidando da sa\u00fade intestinal. Um intestino saud\u00e1vel:<\/p>\n<p style=\"text-align: justify;\">Absorve melhor os nutrientes e ativos orais (como col\u00e1geno, vitaminas e antioxidantes)<\/p>\n<p style=\"text-align: justify;\">Reduz o incha\u00e7o abdominal e a reten\u00e7\u00e3o de l\u00edquidos<\/p>\n<p style=\"text-align: justify;\">Melhora o humor e a qualidade do sono (que impactam diretamente na pele)<\/p>\n<p style=\"text-align: justify;\">Contribui para o equil\u00edbrio hormonal<\/p>\n<p style=\"text-align: justify;\">Aumenta a disposi\u00e7\u00e3o para o treino e autocuidado<\/p>\n<p style=\"text-align: justify;\">Tudo isso influencia diretamente a efic\u00e1cia de tratamentos como limpeza de pele, bioestimuladores, drenagem linf\u00e1tica, radiofrequ\u00eancia, entre outros.<\/p>\n<p style=\"text-align: justify;\">\u2705 5 h\u00e1bitos para um intestino saud\u00e1vel e uma est\u00e9tica equilibrada<\/p>\n<p style=\"text-align: justify;\">Aposte em fibras<\/p>\n<p style=\"text-align: justify;\">Inclua frutas, verduras, legumes e gr\u00e3os integrais na sua rotina. Eles ajudam no tr\u00e2nsito intestinal e na nutri\u00e7\u00e3o das boas bact\u00e9rias.<\/p>\n<p style=\"text-align: justify;\">Use e abuse de prebi\u00f3ticos e probi\u00f3ticos<\/p>\n<p style=\"text-align: justify;\">Iogurtes naturais, kefir, kombucha e alimentos ricos em fibras prebi\u00f3ticas (como banana, alho e aveia) s\u00e3o grandes aliados.<\/p>\n<p style=\"text-align: justify;\">Beba bastante \u00e1gua<\/p>\n<p style=\"text-align: justify;\">A hidrata\u00e7\u00e3o ajuda o intestino a funcionar bem e mant\u00e9m a pele mais vi\u00e7osa.<\/p>\n<p style=\"text-align: justify;\">Evite alimentos inflamat\u00f3rios<\/p>\n<p style=\"text-align: justify;\">Reduza o consumo de a\u00e7\u00facar, embutidos, frituras e alimentos ultraprocessados. Eles desregulam a microbiota.<\/p>\n<p style=\"text-align: justify;\">Busque orienta\u00e7\u00e3o profissional<\/p>\n<p style=\"text-align: justify;\">Nutricionistas e nutr\u00f3logos podem montar um plano alimentar e suplementar personalizado para o seu caso.<\/p>\n<p style=\"text-align: justify;\">\ud83d\udca1 Conclus\u00e3o: est\u00e9tica n\u00e3o \u00e9 s\u00f3 o que se v\u00ea \u2014 \u00e9 o que se vive<\/p>\n<p style=\"text-align: justify;\">A beleza verdadeira \u00e9 um reflexo da sa\u00fade. Cuidar do intestino \u00e9 uma estrat\u00e9gia poderosa, muitas vezes negligenciada, mas que pode transformar os resultados dos seus tratamentos est\u00e9ticos.<\/p>\n<p style=\"text-align: justify;\">Antes de mudar sua pele, cuide do que alimenta seu corpo. Porque quando o intestino est\u00e1 bem, o resto floresce.<\/p>\n<p style=\"text-align: justify;\">\ud83d\udce9 Quer saber mais sobre como alinhar est\u00e9tica e sa\u00fade intestinal?<\/p>\n<p style=\"text-align: justify;\">Conhe\u00e7a o m\u00e9todo DNA DETOX, criado e desenvolvido pela especialista, Dra. Alessandra Guilger , ap\u00f3s mais de 5 anos de preparo especialmente para desenvolver este protocolo, j\u00e1 transformou a vida de mais de 2mil pacientes no Brasil e na Europa, agende uma consulta com nossa equipe especializada em sa\u00fade est\u00e9tica avan\u00e7ada. Vamos te ajudar a alcan\u00e7ar seus objetivos de dentro pra fora.<\/p>\n<p style=\"text-align: justify;\">&nbsp;<\/p>\n<p>Fonte da Imagem: D Dona&#8217;le<\/p>\n","protected":false},"excerpt":{"rendered":"<p>Por Dra. Alessandra Guilger &nbsp;@donalesaudeestetica Quando falamos de beleza e est\u00e9tica, a primeira imagem que vem \u00e0 cabe\u00e7a costuma ser de cremes, procedimentos faciais, massagens modeladoras ou tecnologias avan\u00e7adas como laser e radiofrequ\u00eancia. Mas a verdadeira transforma\u00e7\u00e3o est\u00e9tica come\u00e7a antes de qualquer sess\u00e3o em cl\u00ednica: ela come\u00e7a no intestino. Sim, o seu intestino pode ser [&hellip;]<\/p>\n","protected":false},"author":1,"featured_media":44443,"comment_status":"open","ping_status":"open","sticky":false,"template":"","format":"standard","meta":{"ngg_post_thumbnail":0,"footnotes":""},"categories":[2,32,41],"tags":[],"class_list":["post-44441","post","type-post","status-publish","format-standard","has-post-thumbnail","hentry","category-destaques","category-estetica","category-ultimasnoticias"],"_links":{"self":[{"href":"https:\/\/somdepapo.com.br\/portal\/wp-json\/wp\/v2\/posts\/44441","targetHints":{"allow":["GET"]}}],"collection":[{"href":"https:\/\/somdepapo.com.br\/portal\/wp-json\/wp\/v2\/posts"}],"about":[{"href":"https:\/\/somdepapo.com.br\/portal\/wp-json\/wp\/v2\/types\/post"}],"author":[{"embeddable":true,"href":"https:\/\/somdepapo.com.br\/portal\/wp-json\/wp\/v2\/users\/1"}],"replies":[{"embeddable":true,"href":"https:\/\/somdepapo.com.br\/portal\/wp-json\/wp\/v2\/comments?post=44441"}],"version-history":[{"count":4,"href":"https:\/\/somdepapo.com.br\/portal\/wp-json\/wp\/v2\/posts\/44441\/revisions"}],"predecessor-version":[{"id":44447,"href":"https:\/\/somdepapo.com.br\/portal\/wp-json\/wp\/v2\/posts\/44441\/revisions\/44447"}],"wp:featuredmedia":[{"embeddable":true,"href":"https:\/\/somdepapo.com.br\/portal\/wp-json\/wp\/v2\/media\/44443"}],"wp:attachment":[{"href":"https:\/\/somdepapo.com.br\/portal\/wp-json\/wp\/v2\/media?parent=44441"}],"wp:term":[{"taxonomy":"category","embeddable":true,"href":"https:\/\/somdepapo.com.br\/portal\/wp-json\/wp\/v2\/categories?post=44441"},{"taxonomy":"post_tag","embeddable":true,"href":"https:\/\/somdepapo.com.br\/portal\/wp-json\/wp\/v2\/tags?post=44441"}],"curies":[{"name":"wp","href":"https:\/\/api.w.org\/{rel}","templated":true}]}}