{"id":44509,"date":"2025-10-08T09:17:33","date_gmt":"2025-10-08T12:17:33","guid":{"rendered":"https:\/\/somdepapo.com.br\/portal\/?p=44509"},"modified":"2025-10-08T09:17:33","modified_gmt":"2025-10-08T12:17:33","slug":"inundacoes-urbanas-e-impermeabilizacao-do-solo","status":"publish","type":"post","link":"https:\/\/somdepapo.com.br\/portal\/inundacoes-urbanas-e-impermeabilizacao-do-solo\/","title":{"rendered":"Inunda\u00e7\u00f5es Urbanas e Impermeabiliza\u00e7\u00e3o do Solo"},"content":{"rendered":"<p style=\"text-align: right;\">Por Andr\u00e9 Henrique&nbsp;<\/p>\n<p style=\"text-align: justify;\">O pre\u00e7o da falta de planejamento urbano frente \u00e0s mudan\u00e7as clim\u00e1ticas.<\/p>\n<p style=\"text-align: justify;\">Nos \u00faltimos anos, cidades brasileiras e de todo o mundo t\u00eam sido palco de cenas recorrentes de ruas alagadas, casas destru\u00eddas e fam\u00edlias desabrigadas. Muitas vezes, esses epis\u00f3dios s\u00e3o tratados como \u201cfen\u00f4menos naturais inevit\u00e1veis\u201d, mas a verdade \u00e9 que a maioria das chamadas inunda\u00e7\u00f5es urbanas est\u00e1 diretamente relacionada \u00e0 falta de planejamento urbano e ao crescimento desordenado das cidades. Soma-se a isso o agravamento causado pelas mudan\u00e7as clim\u00e1ticas, que tornam os eventos de chuvas intensas cada vez mais frequentes e extremos.<\/p>\n<p style=\"text-align: justify;\">Enchente x Inunda\u00e7\u00e3o: \u00e9 a mesma coisa?<\/p>\n<p style=\"text-align: justify;\">Antes de avan\u00e7armos na discuss\u00e3o, \u00e9 essencial diferenciar dois termos muitas vezes confundidos: enchente e inunda\u00e7\u00e3o.<\/p>\n<p style=\"text-align: justify;\">\u2022 Enchente ocorre quando o n\u00edvel do rio ou de um curso d\u2019\u00e1gua ultrapassa sua calha natural, mas ainda dentro da din\u00e2mica natural do sistema h\u00eddrico. \u00c9 um processo recorrente e esperado, ligado ao ciclo das \u00e1guas.<\/p>\n<p style=\"text-align: justify;\">\u2022 Inunda\u00e7\u00e3o, por outro lado, acontece quando a \u00e1gua extravasa para \u00e1reas ocupadas pelo ser humano, invadindo ruas, resid\u00eancias e estabelecimentos. Ela n\u00e3o \u00e9 apenas natural, mas resultado da ocupa\u00e7\u00e3o irregular do solo, da impermeabiliza\u00e7\u00e3o excessiva e da aus\u00eancia de infraestrutura adequada de drenagem.<\/p>\n<p style=\"text-align: justify;\">Ou seja, a enchente \u00e9 um fen\u00f4meno natural, mas a inunda\u00e7\u00e3o \u00e9 uma trag\u00e9dia socialmente constru\u00edda.<\/p>\n<p style=\"text-align: justify;\">A impermeabiliza\u00e7\u00e3o do solo e seus impactos<\/p>\n<p style=\"text-align: justify;\">Nas cidades, o processo de urbaniza\u00e7\u00e3o sem crit\u00e9rios ambientais cria um cen\u00e1rio prop\u00edcio para inunda\u00e7\u00f5es. Asfalto, cal\u00e7adas de concreto, telhados e constru\u00e7\u00f5es impermeabilizam o solo, impedindo a infiltra\u00e7\u00e3o natural da \u00e1gua da chuva. Essa \u00e1gua, sem ter para onde escoar, se acumula rapidamente, sobrecarregando sistemas de drenagem j\u00e1 prec\u00e1rios ou inexistentes.<\/p>\n<p style=\"text-align: justify;\">Al\u00e9m disso, a falta de \u00e1reas verdes, a canaliza\u00e7\u00e3o de c\u00f3rregos e a ocupa\u00e7\u00e3o irregular de v\u00e1rzeas, que s\u00e3o regi\u00f5es naturalmente alag\u00e1veis, agravam o problema. O que antes eram espa\u00e7os de absor\u00e7\u00e3o e dissipa\u00e7\u00e3o da \u00e1gua s\u00e3o transformados em bairros e loteamentos. A consequ\u00eancia \u00e9 previs\u00edvel: qualquer chuva mais intensa vira risco de desastre.<\/p>\n<p style=\"text-align: justify;\">O papel das mudan\u00e7as clim\u00e1ticas<\/p>\n<p style=\"text-align: justify;\">As mudan\u00e7as clim\u00e1ticas t\u00eam intensificado o problema. A eleva\u00e7\u00e3o das temperaturas globais aumenta a evapora\u00e7\u00e3o da \u00e1gua e gera chuvas mais concentradas em curtos per\u00edodos de tempo. O que antes era uma chuva de ver\u00e3o se transforma em tempestades capazes de paralisar cidades inteiras.<\/p>\n<p style=\"text-align: justify;\">Essa nova realidade exige que o planejamento urbano se adapte \u00e0 resili\u00eancia clim\u00e1tica, com sistemas de drenagem mais robustos, preserva\u00e7\u00e3o de \u00e1reas de v\u00e1rzea, incentivo a solu\u00e7\u00f5es baseadas na natureza (como telhados verdes e pavimentos perme\u00e1veis) e pol\u00edticas habitacionais que evitem a ocupa\u00e7\u00e3o de \u00e1reas de risco.<\/p>\n<p style=\"text-align: justify;\">O pre\u00e7o do descaso urbano<\/p>\n<p style=\"text-align: justify;\">As inunda\u00e7\u00f5es urbanas n\u00e3o s\u00e3o apenas um problema ambiental: elas representam um alt\u00edssimo custo social e econ\u00f4mico. Perdas materiais, danos \u00e0 sa\u00fade p\u00fablica (pela dissemina\u00e7\u00e3o de doen\u00e7as de veicula\u00e7\u00e3o h\u00eddrica), destrui\u00e7\u00e3o de infraestrutura e, infelizmente, vidas perdidas.<\/p>\n<p style=\"text-align: justify;\">\u00c9 um c\u00edrculo vicioso: a popula\u00e7\u00e3o mais pobre, que ocupa \u00e1reas mais fr\u00e1geis e desprovidas de infraestrutura, \u00e9 a mais atingida. O poder p\u00fablico, por sua vez, age de forma reativa, gastando milh\u00f5es em a\u00e7\u00f5es emergenciais que poderiam ser evitadas com planejamento urbano preventivo.<\/p>\n<p style=\"text-align: justify;\">Conclus\u00e3o<\/p>\n<p style=\"text-align: justify;\">As inunda\u00e7\u00f5es urbanas n\u00e3o s\u00e3o desastres naturais, mas resultado direto da combina\u00e7\u00e3o de m\u00e1 gest\u00e3o urbana, aus\u00eancia de pol\u00edticas p\u00fablicas eficazes e intensifica\u00e7\u00e3o das mudan\u00e7as clim\u00e1ticas. Diferenciar enchente de inunda\u00e7\u00e3o \u00e9 fundamental para compreender que a natureza n\u00e3o \u00e9 a vil\u00e3: o vil\u00e3o \u00e9 o modelo de ocupa\u00e7\u00e3o que insiste em desafiar seus limites.<\/p>\n<p style=\"text-align: justify;\">Se queremos cidades seguras e resilientes, \u00e9 urgente repensar a forma como planejamos e constru\u00edmos nossos espa\u00e7os urbanos. Isso significa valorizar a permeabilidade do solo, preservar \u00e1reas verdes, investir em drenagem e integrar a vari\u00e1vel clim\u00e1tica em todas as pol\u00edticas p\u00fablicas.<\/p>\n<p style=\"text-align: justify;\">Afinal, n\u00e3o podemos mais pagar o pre\u00e7o da falta de planejamento: ele custa caro, custa vidas e compromete o futuro sustent\u00e1vel das nossas cidades.<\/p>\n<p style=\"text-align: justify;\">Andr\u00e9 Henrique de Rezende Almeida<\/p>\n<p style=\"text-align: justify;\">@BIOLOGOANDREHENRIQUE<\/p>\n<p style=\"text-align: justify;\">Bi\u00f3logo CRBIO 02: 60.945<\/p>\n<p style=\"text-align: justify;\">Engenheiro Ambiental CREA: ES-055476\/D<\/p>\n<p style=\"text-align: justify;\">&nbsp;<\/p>\n<p>&nbsp;<\/p>\n<p>&nbsp;<\/p>\n<p>&nbsp;<\/p>\n<p>&nbsp;<\/p>\n<p>&nbsp;<\/p>\n<p>&nbsp;<\/p>\n<p>&nbsp;<\/p>\n<p>&nbsp;<\/p>\n<p>&nbsp;<\/p>\n<p>&nbsp;<\/p>\n<p>&nbsp;<\/p>\n<p>&nbsp;<\/p>\n<p>&nbsp;<\/p>\n<p>&nbsp;<\/p>\n<p>&nbsp;<\/p>\n<p>&nbsp;<\/p>\n<p>&nbsp;<\/p>\n","protected":false},"excerpt":{"rendered":"<p>Por Andr\u00e9 Henrique&nbsp; O pre\u00e7o da falta de planejamento urbano frente \u00e0s mudan\u00e7as clim\u00e1ticas. Nos \u00faltimos anos, cidades brasileiras e de todo o mundo t\u00eam sido palco de cenas recorrentes de ruas alagadas, casas destru\u00eddas e fam\u00edlias desabrigadas. Muitas vezes, esses epis\u00f3dios s\u00e3o tratados como \u201cfen\u00f4menos naturais inevit\u00e1veis\u201d, mas a verdade \u00e9 que a maioria [&hellip;]<\/p>\n","protected":false},"author":1,"featured_media":44510,"comment_status":"open","ping_status":"open","sticky":false,"template":"","format":"standard","meta":{"ngg_post_thumbnail":0,"footnotes":""},"categories":[2,345,31,41],"tags":[],"class_list":["post-44509","post","type-post","status-publish","format-standard","has-post-thumbnail","hentry","category-destaques","category-meio-ambiente","category-noticias","category-ultimasnoticias"],"_links":{"self":[{"href":"https:\/\/somdepapo.com.br\/portal\/wp-json\/wp\/v2\/posts\/44509","targetHints":{"allow":["GET"]}}],"collection":[{"href":"https:\/\/somdepapo.com.br\/portal\/wp-json\/wp\/v2\/posts"}],"about":[{"href":"https:\/\/somdepapo.com.br\/portal\/wp-json\/wp\/v2\/types\/post"}],"author":[{"embeddable":true,"href":"https:\/\/somdepapo.com.br\/portal\/wp-json\/wp\/v2\/users\/1"}],"replies":[{"embeddable":true,"href":"https:\/\/somdepapo.com.br\/portal\/wp-json\/wp\/v2\/comments?post=44509"}],"version-history":[{"count":1,"href":"https:\/\/somdepapo.com.br\/portal\/wp-json\/wp\/v2\/posts\/44509\/revisions"}],"predecessor-version":[{"id":44511,"href":"https:\/\/somdepapo.com.br\/portal\/wp-json\/wp\/v2\/posts\/44509\/revisions\/44511"}],"wp:featuredmedia":[{"embeddable":true,"href":"https:\/\/somdepapo.com.br\/portal\/wp-json\/wp\/v2\/media\/44510"}],"wp:attachment":[{"href":"https:\/\/somdepapo.com.br\/portal\/wp-json\/wp\/v2\/media?parent=44509"}],"wp:term":[{"taxonomy":"category","embeddable":true,"href":"https:\/\/somdepapo.com.br\/portal\/wp-json\/wp\/v2\/categories?post=44509"},{"taxonomy":"post_tag","embeddable":true,"href":"https:\/\/somdepapo.com.br\/portal\/wp-json\/wp\/v2\/tags?post=44509"}],"curies":[{"name":"wp","href":"https:\/\/api.w.org\/{rel}","templated":true}]}}