{"id":44545,"date":"2025-10-10T08:11:48","date_gmt":"2025-10-10T11:11:48","guid":{"rendered":"https:\/\/somdepapo.com.br\/portal\/?p=44545"},"modified":"2025-10-10T08:13:49","modified_gmt":"2025-10-10T11:13:49","slug":"ressignificar-para-recomecar-a-forca-silenciosa-da-resiliencia","status":"publish","type":"post","link":"https:\/\/somdepapo.com.br\/portal\/ressignificar-para-recomecar-a-forca-silenciosa-da-resiliencia\/","title":{"rendered":"Ressignificar para Recome\u00e7ar: A For\u00e7a Silenciosa da Resili\u00eancia"},"content":{"rendered":"<p style=\"text-align: right;\">Por Thiago Alves Eduardo<\/p>\n<p style=\"text-align: right;\">Psic\u00f3logo&nbsp;<\/p>\n<p style=\"text-align: right;\">@thiagoalvespsic<\/p>\n<p style=\"text-align: justify;\">A vida, com sua imprevisibilidade e ritmo pr\u00f3prio, nos convida constantemente a lidar com mudan\u00e7as, perdas e frustra\u00e7\u00f5es. Em meio a esses desafios, surge um conceito que se torna essencial para o bem-estar emocional: a resili\u00eancia. Mais do que resistir \u00e0s adversidades, ser resiliente \u00e9 transformar o impacto das quedas em impulso para seguir em frente. \u00c9 a arte de se curvar sem quebrar, de se permitir sentir sem se perder.<\/p>\n<p style=\"text-align: justify;\">A resili\u00eancia n\u00e3o \u00e9 uma qualidade inata \u2014 n\u00e3o \u00e9 privil\u00e9gio dos fortes ou dos otimistas. Ela \u00e9, antes de tudo, uma constru\u00e7\u00e3o psicol\u00f3gica e emocional, que nasce da forma como nos relacionamos com nossas pr\u00f3prias dores e com o sentido que damos \u00e0s experi\u00eancias dif\u00edceis. Viktor Frankl, psiquiatra e sobrevivente dos campos de concentra\u00e7\u00e3o, dizia que \u201cquando n\u00e3o podemos mais mudar uma situa\u00e7\u00e3o, somos desafiados a mudar a n\u00f3s mesmos\u201d. Essa \u00e9, talvez, a ess\u00eancia mais pura da resili\u00eancia: a transforma\u00e7\u00e3o interna diante do incontrol\u00e1vel.<\/p>\n<p style=\"text-align: justify;\">Resili\u00eancia n\u00e3o \u00e9 aus\u00eancia de sofrimento<\/p>\n<p style=\"text-align: justify;\">Existe um equ\u00edvoco comum em associar resili\u00eancia \u00e0 capacidade de n\u00e3o se abalar. Mas a verdade \u00e9 que a dor faz parte do processo. Ser resiliente n\u00e3o significa negar o sofrimento, mas acolh\u00ea-lo como parte da travessia. \u00c9 reconhecer que a vulnerabilidade n\u00e3o \u00e9 fraqueza, mas um portal para o crescimento emocional. Em terapia, aprendemos que o sofrimento, quando elaborado com cuidado, pode se tornar um ponto de virada \u2014 o momento em que deixamos de apenas sobreviver e passamos a viver com mais consci\u00eancia.<\/p>\n<p style=\"text-align: justify;\">A verdadeira for\u00e7a n\u00e3o est\u00e1 em suportar tudo em sil\u00eancio, mas em reconhecer os pr\u00f3prios limites e buscar apoio. O psic\u00f3logo que escuta, o amigo que acolhe, a pr\u00e1tica que acalma a mente \u2014 todos esses elementos s\u00e3o fios que costuram a teia da resili\u00eancia. O isolamento endurece, mas o v\u00ednculo fortalece.<\/p>\n<p style=\"text-align: justify;\">Flexibilidade emocional: o cora\u00e7\u00e3o da resili\u00eancia<\/p>\n<p style=\"text-align: justify;\">Um dos pilares da resili\u00eancia \u00e9 a flexibilidade emocional. A vida n\u00e3o segue um roteiro fixo, e aprender a lidar com o inesperado requer uma mente que saiba se adaptar. Quando insistimos em controlar o que est\u00e1 al\u00e9m de n\u00f3s, nos desgastamos; quando aceitamos que o fluxo da vida inclui mudan\u00e7as e rupturas, ganhamos leveza.<\/p>\n<p style=\"text-align: justify;\">&nbsp;Ser flex\u00edvel \u00e9 compreender que cada fim pode ser o in\u00edcio de algo novo \u2014 mesmo que ainda n\u00e3o saibamos o que \u00e9.<\/p>\n<p style=\"text-align: justify;\">Essa flexibilidade n\u00e3o surge de um dia para o outro. Ela \u00e9 cultivada com autoconhecimento, paci\u00eancia e, muitas vezes, com ajuda profissional. Em terapia, o processo de ressignifica\u00e7\u00e3o ajuda o indiv\u00edduo a encontrar novos sentidos para as experi\u00eancias dif\u00edceis, reorganizando o que antes parecia insuport\u00e1vel. O trauma n\u00e3o desaparece, mas deixa de ser uma pris\u00e3o para se tornar um territ\u00f3rio de aprendizado.<\/p>\n<p style=\"text-align: justify;\">Esperan\u00e7a ativa: o combust\u00edvel da supera\u00e7\u00e3o<\/p>\n<p style=\"text-align: justify;\">A resili\u00eancia tamb\u00e9m se alimenta de um ingrediente silencioso, mas poderoso: a esperan\u00e7a. N\u00e3o aquela esperan\u00e7a ing\u00eanua que espera que tudo se resolva sozinho, mas uma esperan\u00e7a ativa \u2014 a que move, a que busca, a que insiste mesmo quando a luz parece distante. \u00c9 a escolha de continuar caminhando, mesmo com o cora\u00e7\u00e3o cansado.<\/p>\n<p style=\"text-align: justify;\">&nbsp;Quando cultivamos esperan\u00e7a, criamos espa\u00e7o para o poss\u00edvel, e \u00e9 nesse espa\u00e7o que a vida volta a florescer.<\/p>\n<p style=\"text-align: justify;\">Resili\u00eancia \u00e9 tamb\u00e9m sobre reconhecer o pr\u00f3prio progresso. Muitas vezes, crescemos sem perceber. O que antes parecia insuport\u00e1vel, hoje \u00e9 apenas uma lembran\u00e7a. O que um dia nos paralisou, agora nos ensina. Esse olhar de gratid\u00e3o e aprendizado transforma a dor em sabedoria \u2014 e \u00e9 isso que nos torna emocionalmente mais inteiros.<\/p>\n<p style=\"text-align: justify;\">Um convite \u00e0 reconstru\u00e7\u00e3o<\/p>\n<p style=\"text-align: justify;\">Vivemos tempos de incerteza, e talvez mais do que nunca precisemos fortalecer essa capacidade de renascer. A resili\u00eancia n\u00e3o \u00e9 o fim da dor, mas o in\u00edcio de uma nova forma de caminhar com ela.<\/p>\n<p style=\"text-align: justify;\">&nbsp;Em cada recome\u00e7o, existe uma chance de reconectar-se com o essencial, de olhar para si com mais gentileza e reconhecer que, mesmo diante das tempestades, seguimos inteiros \u2014 ainda que um pouco diferentes, ainda que com cicatrizes.<\/p>\n<p style=\"text-align: justify;\">Que possamos lembrar: as cicatrizes n\u00e3o diminuem quem somos \u2014 elas contam a hist\u00f3ria de quem sobreviveu.<\/p>\n<p style=\"text-align: justify;\">Se voc\u00ea tem interesse em entender melhor como ser mais resiliente perante os desafios da vida, sinta-se \u00e0 vontade para entrar em contato para que possamos conversar melhor sobre essa tem\u00e1tica.&nbsp;<\/p>\n<p style=\"text-align: justify;\">Refer\u00eancia Bibliogr\u00e1fica<\/p>\n<p style=\"text-align: justify;\">&nbsp;Frankl, V. E. (2008). Em busca de sentido: um psic\u00f3logo no campo de concentra\u00e7\u00e3o. Petr\u00f3polis: Vozes.<\/p>\n<p style=\"text-align: justify;\">&nbsp;<\/p>\n<p style=\"text-align: justify;\">&nbsp;<\/p>\n","protected":false},"excerpt":{"rendered":"<p>Por Thiago Alves Eduardo Psic\u00f3logo&nbsp; @thiagoalvespsic A vida, com sua imprevisibilidade e ritmo pr\u00f3prio, nos convida constantemente a lidar com mudan\u00e7as, perdas e frustra\u00e7\u00f5es. Em meio a esses desafios, surge um conceito que se torna essencial para o bem-estar emocional: a resili\u00eancia. Mais do que resistir \u00e0s adversidades, ser resiliente \u00e9 transformar o impacto das [&hellip;]<\/p>\n","protected":false},"author":1,"featured_media":44547,"comment_status":"open","ping_status":"open","sticky":false,"template":"","format":"standard","meta":{"ngg_post_thumbnail":0,"footnotes":""},"categories":[2,352,41],"tags":[],"class_list":["post-44545","post","type-post","status-publish","format-standard","has-post-thumbnail","hentry","category-destaques","category-terapias","category-ultimasnoticias"],"_links":{"self":[{"href":"https:\/\/somdepapo.com.br\/portal\/wp-json\/wp\/v2\/posts\/44545","targetHints":{"allow":["GET"]}}],"collection":[{"href":"https:\/\/somdepapo.com.br\/portal\/wp-json\/wp\/v2\/posts"}],"about":[{"href":"https:\/\/somdepapo.com.br\/portal\/wp-json\/wp\/v2\/types\/post"}],"author":[{"embeddable":true,"href":"https:\/\/somdepapo.com.br\/portal\/wp-json\/wp\/v2\/users\/1"}],"replies":[{"embeddable":true,"href":"https:\/\/somdepapo.com.br\/portal\/wp-json\/wp\/v2\/comments?post=44545"}],"version-history":[{"count":1,"href":"https:\/\/somdepapo.com.br\/portal\/wp-json\/wp\/v2\/posts\/44545\/revisions"}],"predecessor-version":[{"id":44546,"href":"https:\/\/somdepapo.com.br\/portal\/wp-json\/wp\/v2\/posts\/44545\/revisions\/44546"}],"wp:featuredmedia":[{"embeddable":true,"href":"https:\/\/somdepapo.com.br\/portal\/wp-json\/wp\/v2\/media\/44547"}],"wp:attachment":[{"href":"https:\/\/somdepapo.com.br\/portal\/wp-json\/wp\/v2\/media?parent=44545"}],"wp:term":[{"taxonomy":"category","embeddable":true,"href":"https:\/\/somdepapo.com.br\/portal\/wp-json\/wp\/v2\/categories?post=44545"},{"taxonomy":"post_tag","embeddable":true,"href":"https:\/\/somdepapo.com.br\/portal\/wp-json\/wp\/v2\/tags?post=44545"}],"curies":[{"name":"wp","href":"https:\/\/api.w.org\/{rel}","templated":true}]}}