{"id":44559,"date":"2025-10-11T08:47:51","date_gmt":"2025-10-11T11:47:51","guid":{"rendered":"https:\/\/somdepapo.com.br\/portal\/?p=44559"},"modified":"2025-10-11T08:47:51","modified_gmt":"2025-10-11T11:47:51","slug":"guarda-compartilhada-x-guarda-unilateral-entenda-a-diferenca","status":"publish","type":"post","link":"https:\/\/somdepapo.com.br\/portal\/guarda-compartilhada-x-guarda-unilateral-entenda-a-diferenca\/","title":{"rendered":"Guarda Compartilhada x Guarda Unilateral: entenda a diferen\u00e7a"},"content":{"rendered":"<p style=\"text-align: right;\">Por Marcellos Trindade&nbsp;<\/p>\n<p style=\"text-align: justify;\">Quando ocorre a separa\u00e7\u00e3o ou o div\u00f3rcio de um casal que tem filhos, uma das decis\u00f5es mais delicadas diz respeito \u00e0 guarda. \u00c9 nesse momento que muitos pais se perguntam: afinal, qual \u00e9 a diferen\u00e7a entre guarda compartilhada e guarda unilateral? Entender essas modalidades \u00e9 essencial para garantir o melhor interesse da crian\u00e7a \u2014 princ\u00edpio que orienta todas as decis\u00f5es judiciais nessa \u00e1rea do Direito de Fam\u00edlia.<\/p>\n<p style=\"text-align: justify;\">Guarda Compartilhada<\/p>\n<p style=\"text-align: justify;\">A guarda compartilhada \u00e9 aquela em que pai e m\u00e3e compartilham, de forma equilibrada, os direitos e deveres relativos \u00e0 cria\u00e7\u00e3o, educa\u00e7\u00e3o e ao conv\u00edvio com os filhos. Isso significa que ambos participam das decis\u00f5es importantes sobre a vida da crian\u00e7a: escolha da escola, tratamento m\u00e9dico, atividades extracurriculares, religi\u00e3o, entre outros aspectos do cotidiano.<\/p>\n<p style=\"text-align: justify;\">Muitos pais confundem esse tipo de guarda com a altern\u00e2ncia de resid\u00eancias, acreditando que o filho precisa morar metade do tempo com cada um. Na verdade, a guarda compartilhada n\u00e3o exige isso. A crian\u00e7a pode ter uma resid\u00eancia principal \u2014 geralmente o lar onde se sente mais est\u00e1vel \u2014, mas o outro genitor participa ativamente da rotina, mesmo que \u00e0 dist\u00e2ncia.<\/p>\n<p style=\"text-align: justify;\">O objetivo \u00e9 preservar o v\u00ednculo afetivo com ambos os pais e evitar que um deles se torne mero \u201cvisitante\u201d na vida do filho. \u00c9, portanto, a regra no direito brasileiro, justamente por promover um desenvolvimento mais saud\u00e1vel, emocional e psicol\u00f3gico para a crian\u00e7a.<\/p>\n<p style=\"text-align: justify;\">Guarda Unilateral<\/p>\n<p style=\"text-align: justify;\">J\u00e1 a guarda unilateral \u00e9 aquela atribu\u00edda exclusivamente a um dos pais (ou outro respons\u00e1vel legal), cabendo a ele tomar as principais decis\u00f5es da vida do filho. O outro genitor mant\u00e9m o direito de visitas e o dever de supervisionar a educa\u00e7\u00e3o, mas sem poder decis\u00f3rio direto.<\/p>\n<p style=\"text-align: justify;\">Esse tipo de guarda costuma ser aplicado em situa\u00e7\u00f5es excepcionais, como quando h\u00e1 falta de di\u00e1logo, conflito intenso entre os pais, neglig\u00eancia, viol\u00eancia dom\u00e9stica ou aus\u00eancia de condi\u00e7\u00f5es adequadas para o exerc\u00edcio conjunto da guarda. Nesses casos, o juiz entende que o compartilhamento das responsabilidades poderia causar mais preju\u00edzos do que benef\u00edcios \u00e0 crian\u00e7a.<\/p>\n<p style=\"text-align: justify;\">Mesmo na guarda unilateral, por\u00e9m, o pai ou a m\u00e3e que n\u00e3o det\u00e9m a guarda n\u00e3o perde o v\u00ednculo parental: continua tendo o dever de sustento, o direito de conviv\u00eancia e o papel de acompanhar a vida do filho, ainda que de forma mais limitada.<\/p>\n<p style=\"text-align: justify;\">Em resumo, a guarda compartilhada busca o equil\u00edbrio e a corresponsabilidade, refor\u00e7ando que pai e m\u00e3e continuam igualmente importantes na vida do filho, mesmo ap\u00f3s a separa\u00e7\u00e3o. J\u00e1 a guarda unilateral \u00e9 uma solu\u00e7\u00e3o de exce\u00e7\u00e3o, usada quando o conv\u00edvio conjunto n\u00e3o \u00e9 poss\u00edvel ou coloca em risco o bem-estar da crian\u00e7a.<\/p>\n<p style=\"text-align: justify;\">Mais importante do que o tipo de guarda, entretanto, \u00e9 que os pais mantenham o di\u00e1logo, o respeito e a coopera\u00e7\u00e3o, lembrando sempre que a prioridade deve ser o desenvolvimento emocional e afetivo da crian\u00e7a, e n\u00e3o os desentendimentos entre os adultos.<\/p>\n<p style=\"text-align: justify;\">&nbsp;<\/p>\n<p>&nbsp;<\/p>\n<p>&nbsp;<\/p>\n<p>&nbsp;<\/p>\n<p>&nbsp;<\/p>\n<p>&nbsp;<\/p>\n<p>&nbsp;<\/p>\n<p>&nbsp;<\/p>\n<p>&nbsp;<\/p>\n<p>&nbsp;<\/p>\n<p>&nbsp;<\/p>\n<p>&nbsp;<\/p>\n","protected":false},"excerpt":{"rendered":"<p>Por Marcellos Trindade&nbsp; Quando ocorre a separa\u00e7\u00e3o ou o div\u00f3rcio de um casal que tem filhos, uma das decis\u00f5es mais delicadas diz respeito \u00e0 guarda. \u00c9 nesse momento que muitos pais se perguntam: afinal, qual \u00e9 a diferen\u00e7a entre guarda compartilhada e guarda unilateral? Entender essas modalidades \u00e9 essencial para garantir o melhor interesse da [&hellip;]<\/p>\n","protected":false},"author":1,"featured_media":44560,"comment_status":"open","ping_status":"open","sticky":false,"template":"","format":"standard","meta":{"ngg_post_thumbnail":0,"footnotes":""},"categories":[2,381,31,41],"tags":[],"class_list":["post-44559","post","type-post","status-publish","format-standard","has-post-thumbnail","hentry","category-destaques","category-familia-sucessoes","category-noticias","category-ultimasnoticias"],"_links":{"self":[{"href":"https:\/\/somdepapo.com.br\/portal\/wp-json\/wp\/v2\/posts\/44559","targetHints":{"allow":["GET"]}}],"collection":[{"href":"https:\/\/somdepapo.com.br\/portal\/wp-json\/wp\/v2\/posts"}],"about":[{"href":"https:\/\/somdepapo.com.br\/portal\/wp-json\/wp\/v2\/types\/post"}],"author":[{"embeddable":true,"href":"https:\/\/somdepapo.com.br\/portal\/wp-json\/wp\/v2\/users\/1"}],"replies":[{"embeddable":true,"href":"https:\/\/somdepapo.com.br\/portal\/wp-json\/wp\/v2\/comments?post=44559"}],"version-history":[{"count":1,"href":"https:\/\/somdepapo.com.br\/portal\/wp-json\/wp\/v2\/posts\/44559\/revisions"}],"predecessor-version":[{"id":44561,"href":"https:\/\/somdepapo.com.br\/portal\/wp-json\/wp\/v2\/posts\/44559\/revisions\/44561"}],"wp:featuredmedia":[{"embeddable":true,"href":"https:\/\/somdepapo.com.br\/portal\/wp-json\/wp\/v2\/media\/44560"}],"wp:attachment":[{"href":"https:\/\/somdepapo.com.br\/portal\/wp-json\/wp\/v2\/media?parent=44559"}],"wp:term":[{"taxonomy":"category","embeddable":true,"href":"https:\/\/somdepapo.com.br\/portal\/wp-json\/wp\/v2\/categories?post=44559"},{"taxonomy":"post_tag","embeddable":true,"href":"https:\/\/somdepapo.com.br\/portal\/wp-json\/wp\/v2\/tags?post=44559"}],"curies":[{"name":"wp","href":"https:\/\/api.w.org\/{rel}","templated":true}]}}