{"id":44636,"date":"2025-10-15T07:26:55","date_gmt":"2025-10-15T10:26:55","guid":{"rendered":"https:\/\/somdepapo.com.br\/portal\/?p=44636"},"modified":"2025-10-15T07:26:55","modified_gmt":"2025-10-15T10:26:55","slug":"como-as-arvores-urbanas-ajudam-na-qualidade-de-vida-das-cidades","status":"publish","type":"post","link":"https:\/\/somdepapo.com.br\/portal\/como-as-arvores-urbanas-ajudam-na-qualidade-de-vida-das-cidades\/","title":{"rendered":"Como as \u00c1rvores Urbanas ajudam na Qualidade de Vida das Cidades"},"content":{"rendered":"<p style=\"text-align: right;\">Por Andr\u00e9 Henrique&nbsp;<\/p>\n<p style=\"text-align: justify;\">Em meio ao concreto, ao asfalto e \u00e0 pressa da vida urbana, as \u00e1rvores s\u00e3o as guardi\u00e3s silenciosas que sustentam o equil\u00edbrio ambiental e o bem-estar humano. Embora muitas vezes sejam vistas apenas como elementos decorativos, sua presen\u00e7a nas cidades \u00e9 vital \u2014 n\u00e3o apenas por embelezar as ruas, mas por desempenhar fun\u00e7\u00f5es ecol\u00f3gicas, sociais e at\u00e9 psicol\u00f3gicas que impactam diretamente a qualidade de vida urbana.<\/p>\n<p style=\"text-align: justify;\">O ar que respiramos: \u00e1rvores como filtros naturais<\/p>\n<p style=\"text-align: justify;\">As \u00e1rvores urbanas funcionam como verdadeiros pulm\u00f5es das cidades. Elas absorvem di\u00f3xido de carbono (CO\u2082), um dos principais gases do efeito estufa e liberam oxig\u00eanio, contribuindo para a purifica\u00e7\u00e3o do ar. Al\u00e9m disso, suas folhas capturam part\u00edculas de polui\u00e7\u00e3o, como poeira, fuligem e metais pesados, reduzindo significativamente a concentra\u00e7\u00e3o de poluentes atmosf\u00e9ricos.<\/p>\n<p style=\"text-align: justify;\">Pesquisas da Organiza\u00e7\u00e3o Mundial da Sa\u00fade (OMS) indicam que bairros com maior cobertura vegetal apresentam menor incid\u00eancia de doen\u00e7as respirat\u00f3rias e cardiovasculares, especialmente entre crian\u00e7as e idosos. Assim, investir em arboriza\u00e7\u00e3o \u00e9 investir diretamente na sa\u00fade p\u00fablica.<\/p>\n<p style=\"text-align: justify;\">Redu\u00e7\u00e3o das ilhas de calor e conforto t\u00e9rmico<\/p>\n<p style=\"text-align: justify;\">Outro benef\u00edcio fundamental das \u00e1rvores urbanas \u00e9 a regula\u00e7\u00e3o t\u00e9rmica. A copa das \u00e1rvores cria sombra e reduz a absor\u00e7\u00e3o de calor por superf\u00edcies pavimentadas, como ruas e cal\u00e7adas. Al\u00e9m disso, o processo de evapotranspira\u00e7\u00e3o \u2014 libera\u00e7\u00e3o de vapor d\u2019\u00e1gua pelas folhas \u2014 refresca o ar ambiente, podendo diminuir a temperatura local em at\u00e9 5\u00b0C.<\/p>\n<p style=\"text-align: justify;\">Em cidades densamente constru\u00eddas, onde o asfalto e o concreto predominam, formam-se as chamadas ilhas de calor urbano, que agravam o desconforto t\u00e9rmico e aumentam o consumo de energia com ar-condicionado. A presen\u00e7a de \u00e1rvores \u00e9 uma das medidas mais eficazes e de baixo custo para mitigar esse fen\u00f4meno.<\/p>\n<p style=\"text-align: justify;\">Controle da drenagem urbana e preven\u00e7\u00e3o de inunda\u00e7\u00f5es<\/p>\n<p style=\"text-align: justify;\">As \u00e1rvores tamb\u00e9m t\u00eam papel essencial no manejo das \u00e1guas pluviais. Suas ra\u00edzes ajudam a aumentar a infiltra\u00e7\u00e3o da \u00e1gua no solo, reduzindo o escoamento superficial e o risco de alagamentos. As copas funcionam como uma esp\u00e9cie de guarda-chuva natural, interceptando parte da chuva e diminuindo a velocidade com que ela atinge o solo.<\/p>\n<p style=\"text-align: justify;\">Al\u00e9m disso, solos com vegeta\u00e7\u00e3o s\u00e3o mais perme\u00e1veis e est\u00e1veis, o que evita eros\u00f5es e contribui para a recarga dos len\u00e7\u00f3is fre\u00e1ticos. Ou seja, arborizar \u00e9 tamb\u00e9m uma estrat\u00e9gia de infraestrutura verde, fundamental para cidades que sofrem com enchentes e impermeabiliza\u00e7\u00e3o excessiva.<\/p>\n<p style=\"text-align: justify;\">Sa\u00fade mental, bem-estar e conviv\u00eancia social<\/p>\n<p style=\"text-align: justify;\">Os benef\u00edcios das \u00e1rvores v\u00e3o al\u00e9m do meio f\u00edsico: elas afetam positivamente o bem-estar psicol\u00f3gico das pessoas. Ambientes com verde proporcionam sensa\u00e7\u00e3o de calma, reduzem o estresse e melhoram o humor. Estudos da Universidade de Exeter (Reino Unido) mostram que pessoas que vivem em \u00e1reas com vegeta\u00e7\u00e3o densa relatam n\u00edveis mais altos de felicidade e menor incid\u00eancia de depress\u00e3o.<\/p>\n<p style=\"text-align: justify;\">\u00c1rvores tamb\u00e9m estimulam a vida comunit\u00e1ria. Pra\u00e7as sombreadas e parques arborizados convidam \u00e0 conviv\u00eancia, \u00e0 pr\u00e1tica de esportes e ao lazer em fam\u00edlia. Em cidades cada vez mais individualistas, esses espa\u00e7os se tornam pontos de reconex\u00e3o entre pessoas e natureza.<\/p>\n<p style=\"text-align: justify;\">Planejar para o futuro: o desafio da arboriza\u00e7\u00e3o urbana<\/p>\n<p style=\"text-align: justify;\">Apesar de todos esses benef\u00edcios, a arboriza\u00e7\u00e3o urbana ainda \u00e9 tratada de forma secund\u00e1ria em muitos munic\u00edpios. Falta planejamento t\u00e9cnico: esp\u00e9cies s\u00e3o plantadas em locais inadequados, sem considerar o porte das \u00e1rvores, o tipo de solo ou a interfer\u00eancia na rede el\u00e9trica.<\/p>\n<p style=\"text-align: justify;\">Um programa de arboriza\u00e7\u00e3o eficiente deve incluir:<\/p>\n<p style=\"text-align: justify;\">\u2022 Planejamento paisag\u00edstico e ecol\u00f3gico;<\/p>\n<p style=\"text-align: justify;\">\u2022 Escolha de esp\u00e9cies nativas, adaptadas ao clima e ao solo local;<\/p>\n<p style=\"text-align: justify;\">\u2022 Manuten\u00e7\u00e3o e poda adequada;<\/p>\n<p style=\"text-align: justify;\">\u2022 Educa\u00e7\u00e3o ambiental para que a popula\u00e7\u00e3o valorize e proteja as \u00e1rvores.<\/p>\n<p style=\"text-align: justify;\">Conclus\u00e3o<\/p>\n<p style=\"text-align: justify;\">As \u00e1rvores urbanas s\u00e3o muito mais que paisagem: s\u00e3o infraestruturas vitais que melhoram o clima, o ar, a sa\u00fade, o humor e at\u00e9 a economia das cidades. Elas representam uma ponte entre a natureza e o desenvolvimento urbano sustent\u00e1vel.<\/p>\n<p style=\"text-align: justify;\">Se voc\u00ea deseja aprender mais sobre como iniciar na \u00e1rea ambiental e fazer a diferen\u00e7a no mercado de trabalho, confira o eBook &#8220;Como Iniciar sua Consultoria Ambiental&#8221; dispon\u00edvel na Hotmart. Com ele, voc\u00ea ter\u00e1 um guia pr\u00e1tico para iniciar nas carreiras ambientais.<\/p>\n<p style=\"text-align: justify;\">Andr\u00e9 Henrique de Rezende Almeida<\/p>\n<p style=\"text-align: justify;\">@BIOLOGOANDREHENRIQUE<\/p>\n<p style=\"text-align: justify;\">Bi\u00f3logo CRBIO 02: 60.945<\/p>\n<p style=\"text-align: justify;\">Engenheiro Ambiental CREA: ES-055476\/D<\/p>\n<p style=\"text-align: justify;\">&nbsp;<\/p>\n<p>&nbsp;<\/p>\n<p>&nbsp;<\/p>\n<p>&nbsp;<\/p>\n<p>&nbsp;<\/p>\n<p>&nbsp;<\/p>\n<p>&nbsp;<\/p>\n<p>&nbsp;<\/p>\n<p>&nbsp;<\/p>\n<p>&nbsp;<\/p>\n<p>&nbsp;<\/p>\n<p>&nbsp;<\/p>\n","protected":false},"excerpt":{"rendered":"<p>Por Andr\u00e9 Henrique&nbsp; Em meio ao concreto, ao asfalto e \u00e0 pressa da vida urbana, as \u00e1rvores s\u00e3o as guardi\u00e3s silenciosas que sustentam o equil\u00edbrio ambiental e o bem-estar humano. Embora muitas vezes sejam vistas apenas como elementos decorativos, sua presen\u00e7a nas cidades \u00e9 vital \u2014 n\u00e3o apenas por embelezar as ruas, mas por desempenhar [&hellip;]<\/p>\n","protected":false},"author":1,"featured_media":44637,"comment_status":"open","ping_status":"open","sticky":false,"template":"","format":"standard","meta":{"ngg_post_thumbnail":0,"footnotes":""},"categories":[2,345,31,41],"tags":[],"class_list":["post-44636","post","type-post","status-publish","format-standard","has-post-thumbnail","hentry","category-destaques","category-meio-ambiente","category-noticias","category-ultimasnoticias"],"_links":{"self":[{"href":"https:\/\/somdepapo.com.br\/portal\/wp-json\/wp\/v2\/posts\/44636","targetHints":{"allow":["GET"]}}],"collection":[{"href":"https:\/\/somdepapo.com.br\/portal\/wp-json\/wp\/v2\/posts"}],"about":[{"href":"https:\/\/somdepapo.com.br\/portal\/wp-json\/wp\/v2\/types\/post"}],"author":[{"embeddable":true,"href":"https:\/\/somdepapo.com.br\/portal\/wp-json\/wp\/v2\/users\/1"}],"replies":[{"embeddable":true,"href":"https:\/\/somdepapo.com.br\/portal\/wp-json\/wp\/v2\/comments?post=44636"}],"version-history":[{"count":1,"href":"https:\/\/somdepapo.com.br\/portal\/wp-json\/wp\/v2\/posts\/44636\/revisions"}],"predecessor-version":[{"id":44638,"href":"https:\/\/somdepapo.com.br\/portal\/wp-json\/wp\/v2\/posts\/44636\/revisions\/44638"}],"wp:featuredmedia":[{"embeddable":true,"href":"https:\/\/somdepapo.com.br\/portal\/wp-json\/wp\/v2\/media\/44637"}],"wp:attachment":[{"href":"https:\/\/somdepapo.com.br\/portal\/wp-json\/wp\/v2\/media?parent=44636"}],"wp:term":[{"taxonomy":"category","embeddable":true,"href":"https:\/\/somdepapo.com.br\/portal\/wp-json\/wp\/v2\/categories?post=44636"},{"taxonomy":"post_tag","embeddable":true,"href":"https:\/\/somdepapo.com.br\/portal\/wp-json\/wp\/v2\/tags?post=44636"}],"curies":[{"name":"wp","href":"https:\/\/api.w.org\/{rel}","templated":true}]}}