{"id":44678,"date":"2025-10-17T07:04:32","date_gmt":"2025-10-17T10:04:32","guid":{"rendered":"https:\/\/somdepapo.com.br\/portal\/?p=44678"},"modified":"2025-10-17T07:08:08","modified_gmt":"2025-10-17T10:08:08","slug":"por-que-procrastinamos-um-olhar-terapeutico-sobre-o-adiantamento","status":"publish","type":"post","link":"https:\/\/somdepapo.com.br\/portal\/por-que-procrastinamos-um-olhar-terapeutico-sobre-o-adiantamento\/","title":{"rendered":"Por que procrastinamos? Um olhar terap\u00eautico sobre o adiantamento"},"content":{"rendered":"<p style=\"text-align: right;\">Por Thiago Alves Eduardo-Psic\u00f3logo<\/p>\n<p style=\"text-align: right;\">@thiagoalvespsic<\/p>\n<p style=\"text-align: justify;\">Adiar algo importante \u00e9 um comportamento mais comum do que se imagina. Quem nunca deixou para amanh\u00e3 uma tarefa essencial, uma conversa necess\u00e1ria ou at\u00e9 um sonho que parecia \u201cn\u00e3o caber no momento certo\u201d? A procrastina\u00e7\u00e3o \u00e9, de fato, uma das experi\u00eancias humanas mais universais e tamb\u00e9m uma das mais frustrantes. Ela nos faz sentir culpa, ansiedade e sensa\u00e7\u00e3o de estar \u201ctravado\u201d, mesmo quando sabemos o que deveria ser feito.<\/p>\n<p style=\"text-align: justify;\">\u00c0 primeira vista, pode parecer apenas uma quest\u00e3o de pregui\u00e7a ou falta de organiza\u00e7\u00e3o. Contudo, do ponto de vista psicol\u00f3gico, a procrastina\u00e7\u00e3o \u00e9 um fen\u00f4meno muito mais profundo. Ela n\u00e3o est\u00e1 ligada apenas \u00e0 gest\u00e3o do tempo, mas, sobretudo, \u00e0 regula\u00e7\u00e3o emocional. Procrastinamos n\u00e3o porque n\u00e3o sabemos o que fazer, mas porque n\u00e3o sabemos lidar com o que sentimos diante do que precisamos fazer.<\/p>\n<p style=\"text-align: justify;\">Quando adiamos uma tarefa, raramente estamos fugindo da tarefa em si, estamos fugindo do desconforto emocional que ela provoca. Pode ser medo de errar, de n\u00e3o estar \u00e0 altura, de ser julgado, ou at\u00e9 o receio de encarar a pr\u00f3pria vulnerabilidade diante de algo desafiador. Em outras palavras, procrastinar \u00e9 uma tentativa (inconsciente) de evitar sentir.<\/p>\n<p style=\"text-align: justify;\">O papel das emo\u00e7\u00f5es na procrastina\u00e7\u00e3o<\/p>\n<p style=\"text-align: justify;\">O c\u00e9rebro humano busca naturalmente evitar o desconforto e obter prazer r\u00e1pido. Assim, quando uma tarefa ativa emo\u00e7\u00f5es desagrad\u00e1veis, ansiedade, inseguran\u00e7a, t\u00e9dio ou frustra\u00e7\u00e3o o c\u00e9rebro tende a redirecionar a aten\u00e7\u00e3o para algo que ofere\u00e7a recompensa instant\u00e2nea: navegar nas redes sociais, assistir a uma s\u00e9rie, limpar a casa ou at\u00e9 revisar tarefas antigas. Por alguns instantes, isso gera al\u00edvio. Mas logo em seguida, surge a culpa e o peso daquilo que foi deixado para depois.<\/p>\n<p style=\"text-align: justify;\">O perfeccionismo disfar\u00e7ado<\/p>\n<p style=\"text-align: justify;\">Um dos fatores mais frequentes associados \u00e0 procrastina\u00e7\u00e3o \u00e9 o perfeccionismo. Pessoas perfeccionistas costumam adiar o in\u00edcio de uma tarefa por medo de n\u00e3o conseguir realiz\u00e1-la da forma ideal. Pensamentos como \u201cpreciso estar mais preparado\u201d, \u201cainda n\u00e3o \u00e9 o momento certo\u201d ou \u201cn\u00e3o posso errar\u201d funcionam como barreiras internas. O perfeccionismo, nesse sentido, \u00e9 uma tentativa de se proteger da frustra\u00e7\u00e3o mas acaba gerando o efeito oposto: paralisa\u00e7\u00e3o e autocr\u00edtica.<\/p>\n<p style=\"text-align: justify;\">A autocr\u00edtica e o ciclo do adiamento<\/p>\n<p style=\"text-align: justify;\">Outro aspecto importante \u00e9 a autocr\u00edtica excessiva. Muitas pessoas que procrastinam se julgam com dureza, refor\u00e7ando a ideia de que \u201cn\u00e3o t\u00eam disciplina\u201d, \u201cs\u00e3o pregui\u00e7osas\u201d ou \u201cnunca mudam\u201d. Esse tipo de pensamento cria um ciclo emocionalmente desgastante: quanto mais a pessoa se culpa, mais ansiosa e desmotivada se sente e, por consequ\u00eancia, mais adia o que precisa fazer.<\/p>\n<p style=\"text-align: justify;\">A sa\u00edda para esse ciclo passa pelo desenvolvimento da autocompaix\u00e3o. Em vez de se punir por procrastinar, \u00e9 preciso aprender a se observar com gentileza e curiosidade. Perguntar-se: \u201cO que estou tentando evitar sentir agora?\u201d ou \u201cQue medo est\u00e1 me paralisando?\u201d ajuda a transformar o comportamento em um ponto de autoconhecimento.<\/p>\n<p style=\"text-align: justify;\">Procrastinar \u00e9 humano e pode ser transformador<\/p>\n<p style=\"text-align: justify;\">Ao compreender a procrastina\u00e7\u00e3o sob uma lente terap\u00eautica, percebemos que ela n\u00e3o \u00e9 um inimigo a ser derrotado, mas um sinal a ser escutado. Cada adiamento pode revelar algo importante sobre nossos medos, inseguran\u00e7as e padr\u00f5es emocionais.<\/p>\n<p style=\"text-align: justify;\">Cuidar do tempo \u00e9 cuidar de si<\/p>\n<p style=\"text-align: justify;\">No fundo, falar de procrastina\u00e7\u00e3o \u00e9 falar de autocuidado. O modo como utilizamos o tempo reflete o modo como nos relacionamos conosco mesmos. Cuidar do tempo, portanto, \u00e9 tamb\u00e9m cuidar das emo\u00e7\u00f5es, dos limites e das escolhas.<\/p>\n<p style=\"text-align: justify;\">Aprender a agir mesmo diante da incerteza \u00e9 um exerc\u00edcio de coragem emocional. N\u00e3o \u00e9 sobre eliminar o medo, mas sobre seguir em frente com ele. Como diz a psicologia contempor\u00e2nea, o objetivo n\u00e3o \u00e9 sentir-se pronto, mas se permitir come\u00e7ar e aprender durante o caminho.<\/p>\n<p style=\"text-align: justify;\">Uma nova rela\u00e7\u00e3o com o fazer<\/p>\n<p style=\"text-align: justify;\">Superar a procrastina\u00e7\u00e3o n\u00e3o significa viver em produtividade constante, mas aprender a agir com consci\u00eancia e prop\u00f3sito. Isso envolve acolher as emo\u00e7\u00f5es dif\u00edceis, reconhecer os pr\u00f3prios limites e redefinir o que \u00e9 prioridade.<\/p>\n<p style=\"text-align: justify;\">Quando deixamos de lutar contra a procrastina\u00e7\u00e3o e passamos a compreend\u00ea-la, abrimos espa\u00e7o para uma rela\u00e7\u00e3o mais leve com o tempo, com o trabalho e com n\u00f3s mesmos. A mudan\u00e7a acontece n\u00e3o pela cobran\u00e7a, mas pela compreens\u00e3o e essa \u00e9 a ess\u00eancia do processo terap\u00eautico.<\/p>\n<p style=\"text-align: justify;\">&nbsp;Se voc\u00ea sente que tem adiado sonhos, decis\u00f5es ou tarefas importantes, talvez seja hora de olhar para esse comportamento com mais profundidade. A procrastina\u00e7\u00e3o pode estar te mostrando algo sobre suas emo\u00e7\u00f5es, medos ou cren\u00e7as. A terapia \u00e9 um espa\u00e7o seguro para compreender esses padr\u00f5es e construir uma nova forma de agir com mais clareza, prop\u00f3sito e gentileza.<\/p>\n<p style=\"text-align: justify;\">Refer\u00eancia bibliogr\u00e1fica:<\/p>\n<p style=\"text-align: justify;\">&nbsp;Sirois, F. M., &amp; Pychyl, T. A. (2013). Procrastination and the priority of short-term mood regulation: Consequences for future self. Social and Personality Psychology Compass, 7(2), 115\u2013127.<\/p>\n<p style=\"text-align: justify;\">&nbsp;<\/p>\n","protected":false},"excerpt":{"rendered":"<p>Por Thiago Alves Eduardo-Psic\u00f3logo @thiagoalvespsic Adiar algo importante \u00e9 um comportamento mais comum do que se imagina. Quem nunca deixou para amanh\u00e3 uma tarefa essencial, uma conversa necess\u00e1ria ou at\u00e9 um sonho que parecia \u201cn\u00e3o caber no momento certo\u201d? A procrastina\u00e7\u00e3o \u00e9, de fato, uma das experi\u00eancias humanas mais universais e tamb\u00e9m uma das mais [&hellip;]<\/p>\n","protected":false},"author":1,"featured_media":44680,"comment_status":"open","ping_status":"open","sticky":false,"template":"","format":"standard","meta":{"ngg_post_thumbnail":0,"footnotes":""},"categories":[2,352,41],"tags":[],"class_list":["post-44678","post","type-post","status-publish","format-standard","has-post-thumbnail","hentry","category-destaques","category-terapias","category-ultimasnoticias"],"_links":{"self":[{"href":"https:\/\/somdepapo.com.br\/portal\/wp-json\/wp\/v2\/posts\/44678","targetHints":{"allow":["GET"]}}],"collection":[{"href":"https:\/\/somdepapo.com.br\/portal\/wp-json\/wp\/v2\/posts"}],"about":[{"href":"https:\/\/somdepapo.com.br\/portal\/wp-json\/wp\/v2\/types\/post"}],"author":[{"embeddable":true,"href":"https:\/\/somdepapo.com.br\/portal\/wp-json\/wp\/v2\/users\/1"}],"replies":[{"embeddable":true,"href":"https:\/\/somdepapo.com.br\/portal\/wp-json\/wp\/v2\/comments?post=44678"}],"version-history":[{"count":1,"href":"https:\/\/somdepapo.com.br\/portal\/wp-json\/wp\/v2\/posts\/44678\/revisions"}],"predecessor-version":[{"id":44679,"href":"https:\/\/somdepapo.com.br\/portal\/wp-json\/wp\/v2\/posts\/44678\/revisions\/44679"}],"wp:featuredmedia":[{"embeddable":true,"href":"https:\/\/somdepapo.com.br\/portal\/wp-json\/wp\/v2\/media\/44680"}],"wp:attachment":[{"href":"https:\/\/somdepapo.com.br\/portal\/wp-json\/wp\/v2\/media?parent=44678"}],"wp:term":[{"taxonomy":"category","embeddable":true,"href":"https:\/\/somdepapo.com.br\/portal\/wp-json\/wp\/v2\/categories?post=44678"},{"taxonomy":"post_tag","embeddable":true,"href":"https:\/\/somdepapo.com.br\/portal\/wp-json\/wp\/v2\/tags?post=44678"}],"curies":[{"name":"wp","href":"https:\/\/api.w.org\/{rel}","templated":true}]}}