{"id":44768,"date":"2025-10-22T10:56:51","date_gmt":"2025-10-22T13:56:51","guid":{"rendered":"https:\/\/somdepapo.com.br\/portal\/?p=44768"},"modified":"2025-10-22T10:56:51","modified_gmt":"2025-10-22T13:56:51","slug":"o-impacto-dos-medicamentos-para-emagrecimento-na-estetica-facial-e-corporal","status":"publish","type":"post","link":"https:\/\/somdepapo.com.br\/portal\/o-impacto-dos-medicamentos-para-emagrecimento-na-estetica-facial-e-corporal\/","title":{"rendered":"O impacto dos medicamentos para emagrecimento na est\u00e9tica facial e corporal"},"content":{"rendered":"<p style=\"text-align: right;\">Por Dra. Alessandra Guilger<\/p>\n<p style=\"text-align: right;\">@donalesaudeestetica<\/p>\n<p style=\"text-align: justify;\">\ud83d\udc8a Emagrecimento r\u00e1pido, pele em alerta<\/p>\n<p style=\"text-align: justify;\">Nos \u00faltimos meses, o uso de medicamentos para perda de peso cresceu de forma impressionante. Drogas como a semaglutida e similares t\u00eam ajudado muitas pessoas a reduzir medidas e a controlar doen\u00e7as metab\u00f3licas \u2014 mas tamb\u00e9m trouxeram um novo desafio para a est\u00e9tica: a flacidez e as mudan\u00e7as faciais associadas \u00e0 r\u00e1pida perda de gordura.<\/p>\n<p style=\"text-align: justify;\">O rosto e o corpo, antes preenchidos naturalmente, passam por um processo de \u201cesvaziamento\u201d que pode causar apar\u00eancia cansada, queda de contornos e perda de firmeza da pele.<\/p>\n<p style=\"text-align: justify;\">\ud83c\udf38 O reflexo na autoestima<\/p>\n<p style=\"text-align: justify;\">Embora o emagrecimento seja comemorado, muitas pacientes relatam uma mudan\u00e7a dr\u00e1stica na identidade visual do pr\u00f3prio rosto. A sensa\u00e7\u00e3o de \u201cenvelhecer\u201d ap\u00f3s perder peso pode abalar a autoconfian\u00e7a \u2014 e \u00e9 a\u00ed que entram os cuidados est\u00e9ticos personalizados.<\/p>\n<p style=\"text-align: justify;\">O objetivo n\u00e3o \u00e9 \u201cvoltar ao que era\u201d, mas redefinir os tra\u00e7os com naturalidade e harmonia, respeitando o novo corpo e fase de vida.<\/p>\n<p style=\"text-align: justify;\">\u2728 Abordagem integrativa: corpo e pele em sintonia<\/p>\n<p style=\"text-align: justify;\">Na est\u00e9tica moderna, trabalhamos a pele de dentro para fora. T\u00e9cnicas como:<\/p>\n<p style=\"text-align: justify;\">\u2022 Bioestimuladores de col\u00e1geno, que devolvem sustenta\u00e7\u00e3o e firmeza;<\/p>\n<p style=\"text-align: justify;\">\u2022 Terapias com jato de plasma, que estimulam a regenera\u00e7\u00e3o natural da pele;<\/p>\n<p style=\"text-align: justify;\">\u2022 Protocolos de nutri\u00e7\u00e3o d\u00e9rmica e est\u00edmulo muscular facial, que restauram o t\u00f4nus sem exageros;<\/p>\n<p style=\"text-align: justify;\">\u2022 M\u00e9todo DNA , desenvolvido por mim, com foco no rejuvenescimento natural e equil\u00edbrio entre pele, corpo e mente.<\/p>\n<p style=\"text-align: justify;\">Essas estrat\u00e9gias devolvem \u00e0 paciente frescor e vitalidade, sem necessidade de interven\u00e7\u00f5es invasivas.<\/p>\n<p style=\"text-align: justify;\">Dica da Dra. Alessandra<\/p>\n<p style=\"text-align: justify;\">Antes de iniciar um tratamento est\u00e9tico, avalie seu processo de emagrecimento.<\/p>\n<p style=\"text-align: justify;\">Cada organismo responde de forma \u00fanica, e o ideal \u00e9 planejar os cuidados preventivos junto ao processo de perda de peso \u2014 n\u00e3o apenas depois que os sinais aparecem.<\/p>\n<p style=\"text-align: justify;\">Conclus\u00e3o<\/p>\n<p style=\"text-align: justify;\">A beleza saud\u00e1vel vai al\u00e9m da balan\u00e7a. O emagrecimento pode ser uma jornada de liberta\u00e7\u00e3o, desde que o corpo, a pele e a mente caminhem em harmonia. Cuidar da apar\u00eancia \u00e9 tamb\u00e9m cuidar da autoestima, da identidade e do bem-estar \u2014 pilares de uma est\u00e9tica realmente integrativa.<\/p>\n<p style=\"text-align: justify;\">\ud83e\ude77 Dra. Alessandra Guilger<\/p>\n<p style=\"text-align: justify;\">Esteticista &amp; Criadora do M\u00e9todo DNA<\/p>\n<p style=\"text-align: justify;\">@donalesaudeestetica | WhatsApp: (19) 98253-6061<\/p>\n<p style=\"text-align: justify;\">&nbsp;<\/p>\n<p>&nbsp;<\/p>\n<p>&nbsp;<\/p>\n<p>&nbsp;<\/p>\n<p>&nbsp;<\/p>\n<p>&nbsp;<\/p>\n<p>&nbsp;<\/p>\n","protected":false},"excerpt":{"rendered":"<p>Por Dra. Alessandra Guilger @donalesaudeestetica \ud83d\udc8a Emagrecimento r\u00e1pido, pele em alerta Nos \u00faltimos meses, o uso de medicamentos para perda de peso cresceu de forma impressionante. Drogas como a semaglutida e similares t\u00eam ajudado muitas pessoas a reduzir medidas e a controlar doen\u00e7as metab\u00f3licas \u2014 mas tamb\u00e9m trouxeram um novo desafio para a est\u00e9tica: a [&hellip;]<\/p>\n","protected":false},"author":1,"featured_media":44769,"comment_status":"open","ping_status":"open","sticky":false,"template":"","format":"standard","meta":{"ngg_post_thumbnail":0,"footnotes":""},"categories":[2,32,41],"tags":[],"class_list":["post-44768","post","type-post","status-publish","format-standard","has-post-thumbnail","hentry","category-destaques","category-estetica","category-ultimasnoticias"],"_links":{"self":[{"href":"https:\/\/somdepapo.com.br\/portal\/wp-json\/wp\/v2\/posts\/44768","targetHints":{"allow":["GET"]}}],"collection":[{"href":"https:\/\/somdepapo.com.br\/portal\/wp-json\/wp\/v2\/posts"}],"about":[{"href":"https:\/\/somdepapo.com.br\/portal\/wp-json\/wp\/v2\/types\/post"}],"author":[{"embeddable":true,"href":"https:\/\/somdepapo.com.br\/portal\/wp-json\/wp\/v2\/users\/1"}],"replies":[{"embeddable":true,"href":"https:\/\/somdepapo.com.br\/portal\/wp-json\/wp\/v2\/comments?post=44768"}],"version-history":[{"count":1,"href":"https:\/\/somdepapo.com.br\/portal\/wp-json\/wp\/v2\/posts\/44768\/revisions"}],"predecessor-version":[{"id":44770,"href":"https:\/\/somdepapo.com.br\/portal\/wp-json\/wp\/v2\/posts\/44768\/revisions\/44770"}],"wp:featuredmedia":[{"embeddable":true,"href":"https:\/\/somdepapo.com.br\/portal\/wp-json\/wp\/v2\/media\/44769"}],"wp:attachment":[{"href":"https:\/\/somdepapo.com.br\/portal\/wp-json\/wp\/v2\/media?parent=44768"}],"wp:term":[{"taxonomy":"category","embeddable":true,"href":"https:\/\/somdepapo.com.br\/portal\/wp-json\/wp\/v2\/categories?post=44768"},{"taxonomy":"post_tag","embeddable":true,"href":"https:\/\/somdepapo.com.br\/portal\/wp-json\/wp\/v2\/tags?post=44768"}],"curies":[{"name":"wp","href":"https:\/\/api.w.org\/{rel}","templated":true}]}}