{"id":44771,"date":"2025-10-22T12:38:17","date_gmt":"2025-10-22T15:38:17","guid":{"rendered":"https:\/\/somdepapo.com.br\/portal\/?p=44771"},"modified":"2025-10-22T12:48:32","modified_gmt":"2025-10-22T15:48:32","slug":"a-medicina-dos-nossos-avos","status":"publish","type":"post","link":"https:\/\/somdepapo.com.br\/portal\/a-medicina-dos-nossos-avos\/","title":{"rendered":"A Medicina dos nossos av\u00f3s"},"content":{"rendered":"<p style=\"text-align: right;\">Por Jos\u00e9 Arag\u00e3o (Vice-presidente da FBrN)<\/p>\n<p style=\"text-align: justify;\">\u00c9 uma pr\u00e1tica muito comum, sempre que estamos com alguma enfermidade ainda que, por mais simples, recorremos a farm\u00e1cia mais pr\u00f3xima e compramos algum f\u00e1rmaco produzido por laborat\u00f3rio para o reestabelecimento imediato da nossa sa\u00fade;<\/p>\n<p style=\"text-align: justify;\">Isto \u00e9 sempre recorrente, ainda que tenhamos uma Av\u00f3 ou \u00e0quela tia, que nos aconselha um simples ch\u00e1, ou algum rem\u00e9dio caseiro feito com uma erva espec\u00edfica, para combater resfriados ou alguma dor;<\/p>\n<p style=\"text-align: justify;\">N\u00e3o temos mais tempo para o ch\u00e1 de boldo, de erva-cidreira, de capim santo, ou daquele ch\u00e1 de alho com lim\u00e3o pra cortar a gripe, ch\u00e1 de olho de goiabeira para diarreia, e tantos outros;<\/p>\n<p style=\"text-align: justify;\">Se quer lembramos de nossas benzedeiras ou dos raizeiros que outrora cuidavam dos males f\u00edsicos e espirituais dos moradores das comunidades, estes eram sempre convocados para resolver com suas ervas e b\u00ean\u00e7\u00e3os e banhos de imers\u00e3o, as mais diversas doen\u00e7as do corpo como as emocionais, se eram curadas pela crendice popular, eu prefiro dizer que n\u00e3o!<\/p>\n<p style=\"text-align: justify;\">Estes tratamentos realizados pelos nossos antepassados, que infelizmente agora encontra-se com grande desuso por grande parte de nossa sociedade, que gradualmente vem perdendo suas tradi\u00e7\u00f5es e ra\u00edzes culturais, tornando-se um modelo padr\u00e3o de comportamento, ressurge hodiernamente pelo meio cient\u00edfico, como tratamentos alternativos.<\/p>\n<p style=\"text-align: justify;\">S\u00e3o hoje, objeto de diversas pesquisas e estudos no \u00e2mbito acad\u00eamico, os tratamentos realizados pelos nossos queridos ancestrais que com suas tradi\u00e7\u00f5es locais eram os \u201cm\u00e9dicos\u201d daquele povoado, apontam alguns estudos quanto a efic\u00e1cia das propriedades de diversas ervas, plantas e ra\u00edzes daqueles conhecimentos, hoje se tem como verdadeiro benef\u00edcios da sa\u00fade p\u00fablica.<\/p>\n<p style=\"text-align: justify;\">Hoje s\u00e3o conceituados como Medicina Complementar, sendo reconhecidos pela OMS.<\/p>\n<p style=\"text-align: justify;\">A Medicina complementar, segundo a OMS (Organiza\u00e7\u00e3o Mundial da Sa\u00fade):<\/p>\n<p style=\"text-align: justify;\">\u201cAs medicinas tradicionais complementares e integrativas constituem um importante modelo de cuidado \u00e0 sa\u00fade ao considerar o indiv\u00edduo em sua integralidade, singularidade e complexidade, levando em conta sua inser\u00e7\u00e3o sociocultural com \u00eanfase na rela\u00e7\u00e3o profissional\/usu\u00e1rio, o que contribui para a humaniza\u00e7\u00e3o da aten\u00e7\u00e3o.<\/p>\n<p style=\"text-align: justify;\">Enfatizam uma abordagem hol\u00edstica e focada no paciente para cuidados de sa\u00fade e bem-estar &#8211; muitas vezes incluindo aspectos mentais, emocionais, funcionais, espirituais, sociais e comunit\u00e1rios \u2013 e tratam a pessoa como um todo e n\u00e3o s\u00f3 sua condi\u00e7\u00e3o\/doen\u00e7a isolada.\u201d<\/p>\n<p style=\"text-align: justify;\">https:\/\/www.paho.org\/pt\/topicos\/medicinas-tradicionais-complementares-e-integrativas<\/p>\n<p style=\"text-align: justify;\">O uso de medicinas alternativas e complementares que al\u00e9m de inclu\u00edrem os medicamentos naturais, faz uso da Homeopatia, a Aromaterapia, a Fitoterapia, a Zooterapia, e a Musicoterapia, que j\u00e1 s\u00e3o bastante usados em alguns pa\u00edses da Europa como tratamentos opcionais, que se preocupam especialmente em evitar os efeitos colaterais dos medicamentos industrializados causam nos pacientes em tratamentos ditos convencionais;<\/p>\n<p style=\"text-align: justify;\">Estes cuidados de sa\u00fade integrativos, nos remete como Naturistas, usar da Medicina Natural como forma geradora de sa\u00fade, importante frisar que este entendimento, faz parte dos mandamentos estabelecidos no Documento da FBRN denominado \u201cElos do Naturismo\u201d, e n\u00e3o est\u00e1 ali por acaso, a medicina natural, vem alcan\u00e7ando excelentes resultados e a cada dia mais presente, tendo muito adeptos no mundo inteiro;<\/p>\n<p style=\"text-align: justify;\">Que n\u00f3s, Naturistas aprendamos com os nossos \u201cav\u00f3s\u201d, a viver de maneira simples e amorosa com o nosso coletivo, vivenciando a ajuda m\u00fatua e o respeito como condutas perenes, usando de seus ensinamentos para tratar dos nossos adoecimentos f\u00edsicos e mentais como indiv\u00edduos e como sociedade, por vezes precisamos apenas de um simples ch\u00e1, de um abra\u00e7o e do acolhimento do outro.<\/p>\n<p style=\"text-align: justify;\">&nbsp;<\/p>\n<p>Texto fornecido pela Colunista Paula Silveira&nbsp;<\/p>\n<p>&nbsp;<\/p>\n<p>&nbsp;<\/p>\n<p>&nbsp;<\/p>\n","protected":false},"excerpt":{"rendered":"<p>Por Jos\u00e9 Arag\u00e3o (Vice-presidente da FBrN) \u00c9 uma pr\u00e1tica muito comum, sempre que estamos com alguma enfermidade ainda que, por mais simples, recorremos a farm\u00e1cia mais pr\u00f3xima e compramos algum f\u00e1rmaco produzido por laborat\u00f3rio para o reestabelecimento imediato da nossa sa\u00fade; Isto \u00e9 sempre recorrente, ainda que tenhamos uma Av\u00f3 ou \u00e0quela tia, que nos [&hellip;]<\/p>\n","protected":false},"author":1,"featured_media":44778,"comment_status":"open","ping_status":"open","sticky":false,"template":"","format":"standard","meta":{"ngg_post_thumbnail":0,"footnotes":""},"categories":[2,380,31,41],"tags":[],"class_list":["post-44771","post","type-post","status-publish","format-standard","has-post-thumbnail","hentry","category-destaques","category-naturismo","category-noticias","category-ultimasnoticias"],"_links":{"self":[{"href":"https:\/\/somdepapo.com.br\/portal\/wp-json\/wp\/v2\/posts\/44771","targetHints":{"allow":["GET"]}}],"collection":[{"href":"https:\/\/somdepapo.com.br\/portal\/wp-json\/wp\/v2\/posts"}],"about":[{"href":"https:\/\/somdepapo.com.br\/portal\/wp-json\/wp\/v2\/types\/post"}],"author":[{"embeddable":true,"href":"https:\/\/somdepapo.com.br\/portal\/wp-json\/wp\/v2\/users\/1"}],"replies":[{"embeddable":true,"href":"https:\/\/somdepapo.com.br\/portal\/wp-json\/wp\/v2\/comments?post=44771"}],"version-history":[{"count":1,"href":"https:\/\/somdepapo.com.br\/portal\/wp-json\/wp\/v2\/posts\/44771\/revisions"}],"predecessor-version":[{"id":44779,"href":"https:\/\/somdepapo.com.br\/portal\/wp-json\/wp\/v2\/posts\/44771\/revisions\/44779"}],"wp:featuredmedia":[{"embeddable":true,"href":"https:\/\/somdepapo.com.br\/portal\/wp-json\/wp\/v2\/media\/44778"}],"wp:attachment":[{"href":"https:\/\/somdepapo.com.br\/portal\/wp-json\/wp\/v2\/media?parent=44771"}],"wp:term":[{"taxonomy":"category","embeddable":true,"href":"https:\/\/somdepapo.com.br\/portal\/wp-json\/wp\/v2\/categories?post=44771"},{"taxonomy":"post_tag","embeddable":true,"href":"https:\/\/somdepapo.com.br\/portal\/wp-json\/wp\/v2\/tags?post=44771"}],"curies":[{"name":"wp","href":"https:\/\/api.w.org\/{rel}","templated":true}]}}