{"id":44891,"date":"2025-10-28T15:45:49","date_gmt":"2025-10-28T18:45:49","guid":{"rendered":"https:\/\/somdepapo.com.br\/portal\/?p=44891"},"modified":"2025-10-28T15:45:49","modified_gmt":"2025-10-28T18:45:49","slug":"gestao-de-carreira-por-onde-tudo-comeca","status":"publish","type":"post","link":"https:\/\/somdepapo.com.br\/portal\/gestao-de-carreira-por-onde-tudo-comeca\/","title":{"rendered":"Gest\u00e3o de Carreira: Por onde tudo come\u00e7a?"},"content":{"rendered":"<p style=\"text-align: right;\">Por Vanessa Cunha<\/p>\n<p style=\"text-align: right;\">Mentora de Carreira &amp; Consultora de RH Estrat\u00e9gico<\/p>\n<p style=\"text-align: right;\">\ud83d\udd17 LinkedIn.com\/in\/vanessaabcunha \ud83d\udcf8 @vc.consultoriarh<\/p>\n<p style=\"text-align: justify;\">Quando o tema \u00e9 carreira, quase todo mundo fala sobre o pr\u00f3ximo passo: a promo\u00e7\u00e3o, a transi\u00e7\u00e3o, o reconhecimento.<\/p>\n<p style=\"text-align: justify;\">Mas, antes de qualquer passo, vem algo que quase ningu\u00e9m ensina \u2014 a clareza sobre o caminho.<\/p>\n<p style=\"text-align: justify;\">E \u00e9 justamente por isso que nasce esta coluna.<\/p>\n<p style=\"text-align: justify;\">Todas as ter\u00e7as-feiras, voc\u00ea vai encontrar aqui um espa\u00e7o de reflex\u00e3o e pr\u00e1tica sobre o que realmente sustenta uma trajet\u00f3ria profissional: clareza, prop\u00f3sito e estrat\u00e9gia.<\/p>\n<p style=\"text-align: justify;\">Por que uma coluna sobre Gest\u00e3o de Carreira<\/p>\n<p style=\"text-align: justify;\">Vivemos um tempo em que mudar \u00e9 regra, e se perder \u00e9 f\u00e1cil.<\/p>\n<p style=\"text-align: justify;\">O trabalho, que antes era sin\u00f4nimo de estabilidade, virou campo de reinven\u00e7\u00e3o.<\/p>\n<p style=\"text-align: justify;\">E, nesse cen\u00e1rio, n\u00e3o basta ter experi\u00eancia \u2014 \u00e9 preciso saber quem voc\u00ea \u00e9, o que quer construir e como quer ser lembrado.<\/p>\n<p style=\"text-align: justify;\">Essa coluna nasce para te ajudar a fazer exatamente isso:<\/p>\n<p style=\"text-align: justify;\">parar, pensar e direcionar a sua carreira com consci\u00eancia.<\/p>\n<p style=\"text-align: justify;\">Porque carreira n\u00e3o \u00e9 algo que a gente tem \u2014 \u00e9 algo que a gente cria, sustenta e reposiciona ao longo da vida.<\/p>\n<p style=\"text-align: justify;\">O que voc\u00ea vai encontrar por aqui<\/p>\n<p style=\"text-align: justify;\">Aqui n\u00e3o tem f\u00f3rmulas prontas, frases de efeito ou passos m\u00e1gicos.<\/p>\n<p style=\"text-align: justify;\">Tem realidade, m\u00e9todo e muita reflex\u00e3o pr\u00e1tica.<\/p>\n<p style=\"text-align: justify;\">Toda semana, voc\u00ea vai ler sobre temas que est\u00e3o presentes na vida de quem trabalha, lidera ou busca novos rumos:<\/p>\n<p style=\"text-align: justify;\">\u2022 como tomar decis\u00f5es com mais seguran\u00e7a;<\/p>\n<p style=\"text-align: justify;\">\u2022 como se reposicionar sem perder identidade;<\/p>\n<p style=\"text-align: justify;\">\u2022 como lidar com as transi\u00e7\u00f5es de ciclo profissional;<\/p>\n<p style=\"text-align: justify;\">\u2022 e como construir uma trajet\u00f3ria com prop\u00f3sito \u2014 sem precisar provar valor o tempo todo.<\/p>\n<p style=\"text-align: justify;\">Meu compromisso \u00e9 com conte\u00fado que gera clareza e movimento.<\/p>\n<p style=\"text-align: justify;\">Conte\u00fado que faz pensar, e n\u00e3o apenas consumir.<\/p>\n<p style=\"text-align: justify;\">Por que \u201cGest\u00e3o de Carreira\u201d<\/p>\n<p style=\"text-align: justify;\">Porque carreira \u00e9 gest\u00e3o \u2014 de tempo, energia, escolhas e emo\u00e7\u00f5es.<\/p>\n<p style=\"text-align: justify;\">E quem aprende a se gerir com clareza, aprende a crescer com consist\u00eancia.<\/p>\n<p style=\"text-align: justify;\">A proposta da coluna \u00e9 unir dois mundos que normalmente se separam:<\/p>\n<p style=\"text-align: justify;\">a vis\u00e3o humana, que entende que somos feitos de sentido,<\/p>\n<p style=\"text-align: justify;\">e a vis\u00e3o estrat\u00e9gica, que entende que o mercado precisa de resultado.<\/p>\n<p style=\"text-align: justify;\">No meio desse encontro, existe um ponto de equil\u00edbrio \u2014<\/p>\n<p style=\"text-align: justify;\">e \u00e9 nesse ponto que a Mentoria Clarivium nasceu, e \u00e9 daqui que eu escrevo.<\/p>\n<p style=\"text-align: justify;\">Um convite pra voc\u00ea<\/p>\n<p style=\"text-align: justify;\">Toda ter\u00e7a-feira, te espero aqui com um novo olhar sobre a sua trajet\u00f3ria.<\/p>\n<p style=\"text-align: justify;\">A proposta n\u00e3o \u00e9 te dar respostas prontas \u2014 \u00e9 te ajudar a fazer as perguntas certas.<\/p>\n<p style=\"text-align: justify;\">Talvez voc\u00ea esteja em transi\u00e7\u00e3o, repensando sua carreira, ou simplesmente querendo crescer de forma mais consciente.<\/p>\n<p style=\"text-align: justify;\">Independentemente da fase, esta coluna \u00e9 pra quem quer clareza pra agir, estrat\u00e9gia pra se posicionar e protagonismo pra evoluir.<\/p>\n<p style=\"text-align: justify;\">Seja bem-vinda \u00e0 Gest\u00e3o de Carreira.<\/p>\n<p style=\"text-align: justify;\">Um espa\u00e7o pra falar de escolhas com mais verdade, prop\u00f3sito e dire\u00e7\u00e3o.<\/p>\n<p style=\"text-align: justify;\">\ud83d\udcac Porque a carreira que faz sentido \u00e9 aquela que cresce junto com quem voc\u00ea \u00e9.<\/p>\n<p style=\"text-align: justify;\">\ud83d\udcda Sobre as leituras que inspiram esta coluna<\/p>\n<p style=\"text-align: justify;\">Escrevo esta coluna a partir da minha viv\u00eancia pr\u00e1tica com profissionais em desenvolvimento de carreira e dos princ\u00edpios que aplico na Mentoria Clarivium.<\/p>\n<p style=\"text-align: justify;\">Minhas reflex\u00f5es dialogam com pensadores e autores que admiro \u2014 entre eles, Carol Dweck, Peter Drucker, Herminia Ibarra, Simon Sinek e Deci &amp; Ryan \u2014 que refor\u00e7am algo que acredito profundamente:<\/p>\n<p style=\"text-align: justify;\">clareza \u00e9 o ponto de partida, o caminho e o diferencial de quem cresce com consist\u00eancia.<\/p>\n<p style=\"text-align: justify;\">Vanessa Cunha<\/p>\n<p style=\"text-align: justify;\">Mentora de Carreira &amp; Consultora de RH Estrat\u00e9gico<\/p>\n<p style=\"text-align: justify;\">\ud83d\udc9c Clareza para pessoas. Estrat\u00e9gias para neg\u00f3cios.<\/p>\n<p style=\"text-align: justify;\">\ud83d\udccd Curitiba | Remoto em todo o Brasil<\/p>\n<p style=\"text-align: justify;\">\ud83d\udce7 vcconsultoriaderh@gmail.com \ud83d\udcf2 (41) 99985-6523<\/p>\n<p style=\"text-align: justify;\">&nbsp;<\/p>\n<p>&nbsp;<\/p>\n<p>&nbsp;<\/p>\n<p>&nbsp;<\/p>\n<p>&nbsp;<\/p>\n<p>&nbsp;<\/p>\n<p>&nbsp;<\/p>\n<p>&nbsp;<\/p>\n<p>&nbsp;<\/p>\n","protected":false},"excerpt":{"rendered":"<p>Por Vanessa Cunha Mentora de Carreira &amp; Consultora de RH Estrat\u00e9gico \ud83d\udd17 LinkedIn.com\/in\/vanessaabcunha \ud83d\udcf8 @vc.consultoriarh Quando o tema \u00e9 carreira, quase todo mundo fala sobre o pr\u00f3ximo passo: a promo\u00e7\u00e3o, a transi\u00e7\u00e3o, o reconhecimento. Mas, antes de qualquer passo, vem algo que quase ningu\u00e9m ensina \u2014 a clareza sobre o caminho. E \u00e9 justamente por [&hellip;]<\/p>\n","protected":false},"author":1,"featured_media":44892,"comment_status":"open","ping_status":"open","sticky":false,"template":"","format":"standard","meta":{"ngg_post_thumbnail":0,"footnotes":""},"categories":[2,383,41],"tags":[],"class_list":["post-44891","post","type-post","status-publish","format-standard","has-post-thumbnail","hentry","category-destaques","category-gestao-de-carreira","category-ultimasnoticias"],"_links":{"self":[{"href":"https:\/\/somdepapo.com.br\/portal\/wp-json\/wp\/v2\/posts\/44891","targetHints":{"allow":["GET"]}}],"collection":[{"href":"https:\/\/somdepapo.com.br\/portal\/wp-json\/wp\/v2\/posts"}],"about":[{"href":"https:\/\/somdepapo.com.br\/portal\/wp-json\/wp\/v2\/types\/post"}],"author":[{"embeddable":true,"href":"https:\/\/somdepapo.com.br\/portal\/wp-json\/wp\/v2\/users\/1"}],"replies":[{"embeddable":true,"href":"https:\/\/somdepapo.com.br\/portal\/wp-json\/wp\/v2\/comments?post=44891"}],"version-history":[{"count":1,"href":"https:\/\/somdepapo.com.br\/portal\/wp-json\/wp\/v2\/posts\/44891\/revisions"}],"predecessor-version":[{"id":44893,"href":"https:\/\/somdepapo.com.br\/portal\/wp-json\/wp\/v2\/posts\/44891\/revisions\/44893"}],"wp:featuredmedia":[{"embeddable":true,"href":"https:\/\/somdepapo.com.br\/portal\/wp-json\/wp\/v2\/media\/44892"}],"wp:attachment":[{"href":"https:\/\/somdepapo.com.br\/portal\/wp-json\/wp\/v2\/media?parent=44891"}],"wp:term":[{"taxonomy":"category","embeddable":true,"href":"https:\/\/somdepapo.com.br\/portal\/wp-json\/wp\/v2\/categories?post=44891"},{"taxonomy":"post_tag","embeddable":true,"href":"https:\/\/somdepapo.com.br\/portal\/wp-json\/wp\/v2\/tags?post=44891"}],"curies":[{"name":"wp","href":"https:\/\/api.w.org\/{rel}","templated":true}]}}