{"id":44899,"date":"2025-10-29T07:11:35","date_gmt":"2025-10-29T10:11:35","guid":{"rendered":"https:\/\/somdepapo.com.br\/portal\/?p=44899"},"modified":"2025-10-29T12:55:15","modified_gmt":"2025-10-29T15:55:15","slug":"a-nudez-no-halloween","status":"publish","type":"post","link":"https:\/\/somdepapo.com.br\/portal\/a-nudez-no-halloween\/","title":{"rendered":"A Nudez no Halloween"},"content":{"rendered":"<p style=\"text-align: right;\">Por Paula Silveira<\/p>\n<p style=\"text-align: right;\">@fbrn_oficial<\/p>\n<p style=\"text-align: justify;\">O Halloween est\u00e1 chegando e antes que voc\u00ea perceba \u00e9 uma \u00f3tima oportunidade para assistir a alguns filmes assustadores e tenebrosos! Para quem curte, claro!<\/p>\n<p><img fetchpriority=\"high\" decoding=\"async\" class=\"alignnone size-full wp-image-44900\" src=\"https:\/\/somdepapo.com.br\/portal\/wp-content\/uploads\/2025\/10\/Foto-2-Celso-Genaro.jpeg\" alt=\"\" width=\"572\" height=\"480\" srcset=\"https:\/\/somdepapo.com.br\/portal\/wp-content\/uploads\/2025\/10\/Foto-2-Celso-Genaro.jpeg 572w, https:\/\/somdepapo.com.br\/portal\/wp-content\/uploads\/2025\/10\/Foto-2-Celso-Genaro-300x252.jpeg 300w, https:\/\/somdepapo.com.br\/portal\/wp-content\/uploads\/2025\/10\/Foto-2-Celso-Genaro-150x126.jpeg 150w\" sizes=\"(max-width: 572px) 100vw, 572px\" \/><\/p>\n<p style=\"text-align: justify;\">Essa cultura do Halloween foi incorporada no Brasil em meados da d\u00e9cada de 1990, acredito que por conta dos filmes de terror.<\/p>\n<p style=\"text-align: justify;\">Alguns filmes, principalmente nos anos 80, era bastante comum a nudez em filmes de terror.<\/p>\n<p><img decoding=\"async\" class=\"alignnone size-full wp-image-44901\" src=\"https:\/\/somdepapo.com.br\/portal\/wp-content\/uploads\/2025\/10\/Foto-3-Marcia-Penha.jpeg\" alt=\"\" width=\"525\" height=\"468\" srcset=\"https:\/\/somdepapo.com.br\/portal\/wp-content\/uploads\/2025\/10\/Foto-3-Marcia-Penha.jpeg 525w, https:\/\/somdepapo.com.br\/portal\/wp-content\/uploads\/2025\/10\/Foto-3-Marcia-Penha-300x267.jpeg 300w, https:\/\/somdepapo.com.br\/portal\/wp-content\/uploads\/2025\/10\/Foto-3-Marcia-Penha-150x134.jpeg 150w\" sizes=\"(max-width: 525px) 100vw, 525px\" \/><\/p>\n<p style=\"text-align: justify;\">Os naturistas tamb\u00e9m incorporaram essa festa em seu calend\u00e1rio e v\u00e1rias associa\u00e7\u00f5es comemoram, sejam nus ou quase vestidos&#8230;rs<\/p>\n<p style=\"text-align: justify;\">Em geral se usa mais a maquiagem do que a fantasia, pois o naturista sempre quer estar nu.<\/p>\n<p><img decoding=\"async\" class=\"alignnone size-full wp-image-44902\" src=\"https:\/\/somdepapo.com.br\/portal\/wp-content\/uploads\/2025\/10\/Foto-4-Bolo-assustador.jpeg\" alt=\"\" width=\"1280\" height=\"960\" srcset=\"https:\/\/somdepapo.com.br\/portal\/wp-content\/uploads\/2025\/10\/Foto-4-Bolo-assustador.jpeg 1280w, https:\/\/somdepapo.com.br\/portal\/wp-content\/uploads\/2025\/10\/Foto-4-Bolo-assustador-300x225.jpeg 300w, https:\/\/somdepapo.com.br\/portal\/wp-content\/uploads\/2025\/10\/Foto-4-Bolo-assustador-1024x768.jpeg 1024w, https:\/\/somdepapo.com.br\/portal\/wp-content\/uploads\/2025\/10\/Foto-4-Bolo-assustador-768x576.jpeg 768w, https:\/\/somdepapo.com.br\/portal\/wp-content\/uploads\/2025\/10\/Foto-4-Bolo-assustador-150x113.jpeg 150w, https:\/\/somdepapo.com.br\/portal\/wp-content\/uploads\/2025\/10\/Foto-4-Bolo-assustador-750x563.jpeg 750w, https:\/\/somdepapo.com.br\/portal\/wp-content\/uploads\/2025\/10\/Foto-4-Bolo-assustador-1140x855.jpeg 1140w\" sizes=\"(max-width: 1280px) 100vw, 1280px\" \/><\/p>\n<p style=\"text-align: justify;\">Alguns eventos as pessoas assistem clipes ou filmes de terror, e toda a decora\u00e7\u00e3o do local foca no tema e tenta deixar mais assustador poss\u00edvel.<\/p>\n<p style=\"text-align: justify;\">No SPNAT j\u00e1 fizemos uma caminhada noturna \u00e0 cachoeira, onde alguns naturistas estavam maquiados ou fantasiados e nesse trecho nos assustavam como se fazia nos parques de divers\u00f5es. Por\u00e9m, um dos participantes que nos assustaria, pegou no sono e realmente nos assustou, pois n\u00e3o sab\u00edamos onde esse estava escondido e ficamos preocupados de ter acontecido algo com ele e iniciamos as buscas, at\u00e9 o encontrar dormindo na trilha.<\/p>\n<p><img loading=\"lazy\" decoding=\"async\" class=\"alignnone size-full wp-image-44903\" src=\"https:\/\/somdepapo.com.br\/portal\/wp-content\/uploads\/2025\/10\/Foto-6-Decoracao-mesa.jpeg\" alt=\"\" width=\"1280\" height=\"960\" srcset=\"https:\/\/somdepapo.com.br\/portal\/wp-content\/uploads\/2025\/10\/Foto-6-Decoracao-mesa.jpeg 1280w, https:\/\/somdepapo.com.br\/portal\/wp-content\/uploads\/2025\/10\/Foto-6-Decoracao-mesa-300x225.jpeg 300w, https:\/\/somdepapo.com.br\/portal\/wp-content\/uploads\/2025\/10\/Foto-6-Decoracao-mesa-1024x768.jpeg 1024w, https:\/\/somdepapo.com.br\/portal\/wp-content\/uploads\/2025\/10\/Foto-6-Decoracao-mesa-768x576.jpeg 768w, https:\/\/somdepapo.com.br\/portal\/wp-content\/uploads\/2025\/10\/Foto-6-Decoracao-mesa-150x113.jpeg 150w, https:\/\/somdepapo.com.br\/portal\/wp-content\/uploads\/2025\/10\/Foto-6-Decoracao-mesa-750x563.jpeg 750w, https:\/\/somdepapo.com.br\/portal\/wp-content\/uploads\/2025\/10\/Foto-6-Decoracao-mesa-1140x855.jpeg 1140w\" sizes=\"(max-width: 1280px) 100vw, 1280px\" \/> <img loading=\"lazy\" decoding=\"async\" class=\"alignnone size-full wp-image-44904\" src=\"https:\/\/somdepapo.com.br\/portal\/wp-content\/uploads\/2025\/10\/Foto-7.jpeg\" alt=\"\" width=\"960\" height=\"1280\" srcset=\"https:\/\/somdepapo.com.br\/portal\/wp-content\/uploads\/2025\/10\/Foto-7.jpeg 960w, https:\/\/somdepapo.com.br\/portal\/wp-content\/uploads\/2025\/10\/Foto-7-225x300.jpeg 225w, https:\/\/somdepapo.com.br\/portal\/wp-content\/uploads\/2025\/10\/Foto-7-768x1024.jpeg 768w, https:\/\/somdepapo.com.br\/portal\/wp-content\/uploads\/2025\/10\/Foto-7-640x853.jpeg 640w, https:\/\/somdepapo.com.br\/portal\/wp-content\/uploads\/2025\/10\/Foto-7-150x200.jpeg 150w, https:\/\/somdepapo.com.br\/portal\/wp-content\/uploads\/2025\/10\/Foto-7-750x1000.jpeg 750w\" sizes=\"(max-width: 960px) 100vw, 960px\" \/><\/p>\n<p style=\"text-align: justify;\">\u00c0 primeira vista, pode parecer um contraste entre o naturismo e as tradi\u00e7\u00f5es do Halloween, pois uns se vestem e outros despem-se de m\u00e1scaras, mas ambos vivenciam algo em comum, a liberdade de express\u00e3o e a liberdade individual.<\/p>\n<p><img loading=\"lazy\" decoding=\"async\" class=\"alignnone size-full wp-image-44905\" src=\"https:\/\/somdepapo.com.br\/portal\/wp-content\/uploads\/2025\/10\/Foto-8.jpeg\" alt=\"\" width=\"1280\" height=\"960\" srcset=\"https:\/\/somdepapo.com.br\/portal\/wp-content\/uploads\/2025\/10\/Foto-8.jpeg 1280w, https:\/\/somdepapo.com.br\/portal\/wp-content\/uploads\/2025\/10\/Foto-8-300x225.jpeg 300w, https:\/\/somdepapo.com.br\/portal\/wp-content\/uploads\/2025\/10\/Foto-8-1024x768.jpeg 1024w, https:\/\/somdepapo.com.br\/portal\/wp-content\/uploads\/2025\/10\/Foto-8-768x576.jpeg 768w, https:\/\/somdepapo.com.br\/portal\/wp-content\/uploads\/2025\/10\/Foto-8-150x113.jpeg 150w, https:\/\/somdepapo.com.br\/portal\/wp-content\/uploads\/2025\/10\/Foto-8-750x563.jpeg 750w, https:\/\/somdepapo.com.br\/portal\/wp-content\/uploads\/2025\/10\/Foto-8-1140x855.jpeg 1140w\" sizes=\"(max-width: 1280px) 100vw, 1280px\" \/><\/p>\n<p style=\"text-align: justify;\">Apesar de contradit\u00f3rio, usar fantasias ou m\u00e1scaras no naturismo, o mesmo agrega a diversidade de poder ser criativo e tamb\u00e9m se divertir como fazem as crian\u00e7as nessa data.<\/p>\n<p style=\"text-align: justify;\">Portanto a celebra\u00e7\u00e3o do Halloween no naturismo \u00e9 o momento ideal para usar aquela fantasia ou pintura corporal que n\u00e3o seria bem recebida em quaisquer outros espa\u00e7os, claro que n\u00e3o tendo nenhum contexto sexual.<\/p>\n<p style=\"text-align: justify;\">@fbrn_oficial<\/p>\n<p style=\"text-align: justify;\">Whatsapp: +55 11 99759-5116<\/p>\n<p style=\"text-align: justify;\">&nbsp;<\/p>\n<p>&nbsp;<\/p>\n","protected":false},"excerpt":{"rendered":"<p>Por Paula Silveira @fbrn_oficial O Halloween est\u00e1 chegando e antes que voc\u00ea perceba \u00e9 uma \u00f3tima oportunidade para assistir a alguns filmes assustadores e tenebrosos! Para quem curte, claro! Essa cultura do Halloween foi incorporada no Brasil em meados da d\u00e9cada de 1990, acredito que por conta dos filmes de terror. Alguns filmes, principalmente nos [&hellip;]<\/p>\n","protected":false},"author":1,"featured_media":44906,"comment_status":"open","ping_status":"open","sticky":false,"template":"","format":"standard","meta":{"ngg_post_thumbnail":0,"footnotes":""},"categories":[2,380,31,41],"tags":[],"class_list":["post-44899","post","type-post","status-publish","format-standard","has-post-thumbnail","hentry","category-destaques","category-naturismo","category-noticias","category-ultimasnoticias"],"_links":{"self":[{"href":"https:\/\/somdepapo.com.br\/portal\/wp-json\/wp\/v2\/posts\/44899","targetHints":{"allow":["GET"]}}],"collection":[{"href":"https:\/\/somdepapo.com.br\/portal\/wp-json\/wp\/v2\/posts"}],"about":[{"href":"https:\/\/somdepapo.com.br\/portal\/wp-json\/wp\/v2\/types\/post"}],"author":[{"embeddable":true,"href":"https:\/\/somdepapo.com.br\/portal\/wp-json\/wp\/v2\/users\/1"}],"replies":[{"embeddable":true,"href":"https:\/\/somdepapo.com.br\/portal\/wp-json\/wp\/v2\/comments?post=44899"}],"version-history":[{"count":3,"href":"https:\/\/somdepapo.com.br\/portal\/wp-json\/wp\/v2\/posts\/44899\/revisions"}],"predecessor-version":[{"id":44917,"href":"https:\/\/somdepapo.com.br\/portal\/wp-json\/wp\/v2\/posts\/44899\/revisions\/44917"}],"wp:featuredmedia":[{"embeddable":true,"href":"https:\/\/somdepapo.com.br\/portal\/wp-json\/wp\/v2\/media\/44906"}],"wp:attachment":[{"href":"https:\/\/somdepapo.com.br\/portal\/wp-json\/wp\/v2\/media?parent=44899"}],"wp:term":[{"taxonomy":"category","embeddable":true,"href":"https:\/\/somdepapo.com.br\/portal\/wp-json\/wp\/v2\/categories?post=44899"},{"taxonomy":"post_tag","embeddable":true,"href":"https:\/\/somdepapo.com.br\/portal\/wp-json\/wp\/v2\/tags?post=44899"}],"curies":[{"name":"wp","href":"https:\/\/api.w.org\/{rel}","templated":true}]}}