{"id":44918,"date":"2025-10-29T14:32:34","date_gmt":"2025-10-29T17:32:34","guid":{"rendered":"https:\/\/somdepapo.com.br\/portal\/?p=44918"},"modified":"2025-10-29T14:32:34","modified_gmt":"2025-10-29T17:32:34","slug":"estrias-quando-a-pele-conta-historias-e-como-a-estetica-pode-reescreve-las","status":"publish","type":"post","link":"https:\/\/somdepapo.com.br\/portal\/estrias-quando-a-pele-conta-historias-e-como-a-estetica-pode-reescreve-las\/","title":{"rendered":"Estrias: quando a pele conta hist\u00f3rias e como a Estetica pode reescreve-las?"},"content":{"rendered":"<p style=\"text-align: right;\">Por Dra. Alessandra Guilger<\/p>\n<p style=\"text-align: right;\">@donalesaudeestetica<\/p>\n<p style=\"text-align: justify;\">Mais que uma marca: um sinal do corpo em transforma\u00e7\u00e3o<\/p>\n<p style=\"text-align: justify;\">As estrias s\u00e3o cicatrizes que surgem quando h\u00e1 uma ruptura das fibras el\u00e1sticas e col\u00e1genas da pele. Elas aparecem em momentos de grandes transforma\u00e7\u00f5es do corpo \u2014 como na puberdade, gravidez, ganho de massa muscular ou varia\u00e7\u00f5es de peso \u2014 e, muitas vezes, impactam n\u00e3o apenas a apar\u00eancia, mas tamb\u00e9m a autoestima.<\/p>\n<p style=\"text-align: justify;\">Embora sejam comuns, muitas pessoas buscam formas de suaviz\u00e1-las e recuperar a textura e o vi\u00e7o da pele. \u00c9 a\u00ed que entra a sa\u00fade est\u00e9tica, com recursos cada vez mais modernos e seguros para estimular a regenera\u00e7\u00e3o da pele de dentro para fora.<\/p>\n<p style=\"text-align: justify;\">Como a est\u00e9tica pode ajudar<\/p>\n<p style=\"text-align: justify;\">A abordagem atual para o tratamento das estrias vai muito al\u00e9m do uso de cremes. A sa\u00fade est\u00e9tica integrativa busca restaurar a fun\u00e7\u00e3o da pele, melhorar a circula\u00e7\u00e3o e promover o est\u00edmulo natural de col\u00e1geno, respeitando o ritmo biol\u00f3gico de cada pessoa.<\/p>\n<p style=\"text-align: justify;\">Entre os tratamentos mais eficazes est\u00e3o:<\/p>\n<p style=\"text-align: justify;\">\ud83d\udca0 Jato de plasma \u2013 promove renova\u00e7\u00e3o tecidual profunda, estimulando a produ\u00e7\u00e3o de col\u00e1geno e elastina.<\/p>\n<p style=\"text-align: justify;\">\ud83d\udca0 Microagulhamento \u2013 induz a regenera\u00e7\u00e3o da pele com microles\u00f5es controladas.<\/p>\n<p style=\"text-align: justify;\">\ud83d\udca0 Peelings e bioestimuladores \u2013 renovam a camada superficial e ativam o metabolismo cut\u00e2neo.<\/p>\n<p style=\"text-align: justify;\">\ud83d\udca0 Terapias combinadas \u2013 como LED, radiofrequ\u00eancia e cosm\u00e9ticos espec\u00edficos que potencializam os resultados.<\/p>\n<p style=\"text-align: justify;\">Esses procedimentos, aliados a uma boa hidrata\u00e7\u00e3o, alimenta\u00e7\u00e3o equilibrada e cuidados di\u00e1rios com a pele, transformam n\u00e3o s\u00f3 o aspecto das estrias, mas tamb\u00e9m a rela\u00e7\u00e3o da pessoa com seu pr\u00f3prio corpo.<\/p>\n<p style=\"text-align: justify;\">A beleza de se cuidar<\/p>\n<p style=\"text-align: justify;\">Mais do que \u201capagar\u201d marcas, o tratamento das estrias \u00e9 uma forma de autocuidado. \u00c9 um convite para olhar com carinho para o corpo que muda, que cresce e que se adapta. A est\u00e9tica, quando conduzida com prop\u00f3sito e consci\u00eancia, tem o poder de devolver n\u00e3o apenas firmeza \u00e0 pele \u2014 mas tamb\u00e9m confian\u00e7a e bem-estar.<\/p>\n<p style=\"text-align: justify;\">Dicas para prevenir e tratar as estrias naturalmente<\/p>\n<p style=\"text-align: justify;\">\u2728 1. Hidrate-se por dentro e por fora: beba bastante \u00e1gua e use cremes ricos em \u00f3leos vegetais e \u00e1cido hialur\u00f4nico.<\/p>\n<p style=\"text-align: justify;\">\ud83e\udd51 2. Nutri\u00e7\u00e3o \u00e9 aliada: alimentos ricos em vitamina C, zinco e col\u00e1geno ajudam na regenera\u00e7\u00e3o da pele.<\/p>\n<p style=\"text-align: justify;\">\ud83e\uddd8\u200d\u2640\ufe0f 3. Evite varia\u00e7\u00f5es bruscas de peso: o estiramento r\u00e1pido \u00e9 uma das principais causas.<\/p>\n<p style=\"text-align: justify;\">\ud83d\udc86\u200d\u2640\ufe0f 4. Massageie a pele: melhora a circula\u00e7\u00e3o e ajuda na absor\u00e7\u00e3o dos produtos.<\/p>\n<p style=\"text-align: justify;\">\ud83c\udf3f 5. Procure um profissional habilitado: cada tipo de estria exige um protocolo personalizado.<\/p>\n<p style=\"text-align: justify;\">&nbsp;<\/p>\n<p>&nbsp;<\/p>\n<p>&nbsp;<\/p>\n<p>&nbsp;<\/p>\n<p>&nbsp;<\/p>\n<p>&nbsp;<\/p>\n","protected":false},"excerpt":{"rendered":"<p>Por Dra. Alessandra Guilger @donalesaudeestetica Mais que uma marca: um sinal do corpo em transforma\u00e7\u00e3o As estrias s\u00e3o cicatrizes que surgem quando h\u00e1 uma ruptura das fibras el\u00e1sticas e col\u00e1genas da pele. Elas aparecem em momentos de grandes transforma\u00e7\u00f5es do corpo \u2014 como na puberdade, gravidez, ganho de massa muscular ou varia\u00e7\u00f5es de peso \u2014 [&hellip;]<\/p>\n","protected":false},"author":1,"featured_media":44919,"comment_status":"open","ping_status":"open","sticky":false,"template":"","format":"standard","meta":{"ngg_post_thumbnail":0,"footnotes":""},"categories":[2,32,41],"tags":[],"class_list":["post-44918","post","type-post","status-publish","format-standard","has-post-thumbnail","hentry","category-destaques","category-estetica","category-ultimasnoticias"],"_links":{"self":[{"href":"https:\/\/somdepapo.com.br\/portal\/wp-json\/wp\/v2\/posts\/44918","targetHints":{"allow":["GET"]}}],"collection":[{"href":"https:\/\/somdepapo.com.br\/portal\/wp-json\/wp\/v2\/posts"}],"about":[{"href":"https:\/\/somdepapo.com.br\/portal\/wp-json\/wp\/v2\/types\/post"}],"author":[{"embeddable":true,"href":"https:\/\/somdepapo.com.br\/portal\/wp-json\/wp\/v2\/users\/1"}],"replies":[{"embeddable":true,"href":"https:\/\/somdepapo.com.br\/portal\/wp-json\/wp\/v2\/comments?post=44918"}],"version-history":[{"count":1,"href":"https:\/\/somdepapo.com.br\/portal\/wp-json\/wp\/v2\/posts\/44918\/revisions"}],"predecessor-version":[{"id":44920,"href":"https:\/\/somdepapo.com.br\/portal\/wp-json\/wp\/v2\/posts\/44918\/revisions\/44920"}],"wp:featuredmedia":[{"embeddable":true,"href":"https:\/\/somdepapo.com.br\/portal\/wp-json\/wp\/v2\/media\/44919"}],"wp:attachment":[{"href":"https:\/\/somdepapo.com.br\/portal\/wp-json\/wp\/v2\/media?parent=44918"}],"wp:term":[{"taxonomy":"category","embeddable":true,"href":"https:\/\/somdepapo.com.br\/portal\/wp-json\/wp\/v2\/categories?post=44918"},{"taxonomy":"post_tag","embeddable":true,"href":"https:\/\/somdepapo.com.br\/portal\/wp-json\/wp\/v2\/tags?post=44918"}],"curies":[{"name":"wp","href":"https:\/\/api.w.org\/{rel}","templated":true}]}}