{"id":44926,"date":"2025-10-30T07:27:15","date_gmt":"2025-10-30T10:27:15","guid":{"rendered":"https:\/\/somdepapo.com.br\/portal\/?p=44926"},"modified":"2025-10-30T07:27:15","modified_gmt":"2025-10-30T10:27:15","slug":"licenciamento-ambiental-a-protecao-que-nao-pode-ser-suprimida","status":"publish","type":"post","link":"https:\/\/somdepapo.com.br\/portal\/licenciamento-ambiental-a-protecao-que-nao-pode-ser-suprimida\/","title":{"rendered":"Licenciamento Ambiental: a prote\u00e7\u00e3o que n\u00e3o pode ser suprimida"},"content":{"rendered":"<p style=\"text-align: right;\">Por Andr\u00e9 Henrique&nbsp;<\/p>\n<p style=\"text-align: justify;\">A decis\u00e3o recente do Ibama de emitir a Licen\u00e7a de Opera\u00e7\u00e3o (LO N\u00ba 1.684\/2025) para a perfura\u00e7\u00e3o no bloco FZA-M-59, na Bacia da Foz do Amazonas, reacende um debate crucial: o licenciamento ambiental n\u00e3o \u00e9 meramente um rito burocr\u00e1tico, mas um instrumento imprescind\u00edvel para a integridade ambiental e social.<\/p>\n<p style=\"text-align: justify;\">Transpar\u00eancia e acesso aos estudos: um avan\u00e7o<\/p>\n<p style=\"text-align: justify;\">O fato de os documentos do licenciamento estarem dispon\u00edveis ao p\u00fablico via SEI, representa um passo importante para a participa\u00e7\u00e3o social e o controle cidad\u00e3o. Essa abertura fortalece a legitimidade do processo e potencializa a press\u00e3o por qualidade t\u00e9cnica nos estudos que embasam decis\u00f5es ambientais.<\/p>\n<p><img fetchpriority=\"high\" decoding=\"async\" class=\"alignnone size-full wp-image-44928\" src=\"https:\/\/somdepapo.com.br\/portal\/wp-content\/uploads\/2025\/10\/transferir-Amazonas.jpg\" alt=\"\" width=\"275\" height=\"183\" srcset=\"https:\/\/somdepapo.com.br\/portal\/wp-content\/uploads\/2025\/10\/transferir-Amazonas.jpg 275w, https:\/\/somdepapo.com.br\/portal\/wp-content\/uploads\/2025\/10\/transferir-Amazonas-150x100.jpg 150w\" sizes=\"(max-width: 275px) 100vw, 275px\" \/><\/p>\n<p style=\"text-align: justify;\">Por que o licenciamento \u00e9 essencial<\/p>\n<p style=\"text-align: justify;\">1. Avalia\u00e7\u00e3o de impactos ambientais e sociais \u2013 Na Foz do Rio Amazonas, identificam-se correntes mar\u00edtimas complexas, recifes biog\u00eanicos sens\u00edveis e comunidades dependentes da pesca artesanal. Estudos pr\u00e9vios j\u00e1 apontavam que \u201cas condi\u00e7\u00f5es meteocenogr\u00e1ficas da regi\u00e3o representam um grande desafio \u00e0 execu\u00e7\u00e3o de atividades de prote\u00e7\u00e3o\u201d nesse ambiente. O licenciamento, ao exigir EIA\/RIMA, audi\u00eancias p\u00fablicas e simula\u00e7\u00f5es de emerg\u00eancia, cria filtros que diminuem a possibilidade de danos irrevers\u00edveis.<\/p>\n<p style=\"text-align: justify;\">2. Preven\u00e7\u00e3o e preparo para emerg\u00eancias \u2013 O Ibama relatou que a licen\u00e7a inclui vistorias, constru\u00e7\u00e3o de centros de reabilita\u00e7\u00e3o de fauna oleada, unidades de resposta e simula\u00e7\u00f5es pr\u00e9-operacionais. Isso demonstra que o licenciamento n\u00e3o se limita \u00e0 autoriza\u00e7\u00e3o, mas \u00e0 exig\u00eancia de capacidade real de mitiga\u00e7\u00e3o, algo essencial em \u00e1reas remotas e vulner\u00e1veis.<\/p>\n<p style=\"text-align: justify;\">3. Responsabiliza\u00e7\u00e3o e controle \u2013 Um empreendimento licenciado est\u00e1 sujeito a condicionantes, monitoramento e revis\u00f5es peri\u00f3dicas. Sem esse regime, a execu\u00e7\u00e3o poderia ocorrer sem garantias, aumentando o risco de \u201clicenciamento por ocorr\u00eancia de dano\u201d, ou seja, danos primeiro, controles depois, o que contraria o princ\u00edpio da preven\u00e7\u00e3o.<\/p>\n<p style=\"text-align: justify;\">Os riscos de flexibilizar o licenciamento<\/p>\n<p style=\"text-align: justify;\">Quando se reduz o rigor ou se banaliza o licenciamento, os problemas surgem de forma acelerada: degrada\u00e7\u00e3o ambiental, viola\u00e7\u00e3o de direitos de comunidades tradicionais, preju\u00edzos econ\u00f4micos de longo prazo e impactos clim\u00e1ticos que n\u00e3o se revertendo. Como salientou o Minist\u00e9rio P\u00fablico Federal ao questionar a licen\u00e7a na Foz da Amaz\u00f4nia: \u201comiss\u00e3o completa da log\u00edstica de apoio\u2026 o que subestima o impacto clim\u00e1tico do empreendimento\u201d.<\/p>\n<p style=\"text-align: justify;\">O cen\u00e1rio brasileiro e o papel do licenciamento<\/p>\n<p style=\"text-align: justify;\">Em um pa\u00eds com ecossistemas t\u00e3o diversos e fr\u00e1geis, o licenciamento ambiental funciona como uma linha de defesa coletiva. Ele equilibra desenvolvimento e conserva\u00e7\u00e3o, d\u00e1 seguran\u00e7a jur\u00eddica aos empreendedores que cumprem normas, e fornece \u00e0 sociedade instrumentos de fiscaliza\u00e7\u00e3o e participa\u00e7\u00e3o. Sem ele, abre-se espa\u00e7o para a anarquia ambiental.<\/p>\n<p style=\"text-align: justify;\">Conclus\u00e3o<\/p>\n<p style=\"text-align: justify;\">A concess\u00e3o da licen\u00e7a na Bacia da Foz do Amazonas mostra que o licenciamento ambiental est\u00e1 vivo, embora desafiado. A transpar\u00eancia conquistada e as exig\u00eancias robustas implantadas s\u00e3o sinais positivos. No entanto, mais do que nunca, \u00e9 necess\u00e1rio que o processo seja tratado como fundamental, n\u00e3o como obst\u00e1culo. O licenciamento ambiental \u00e9 a garantia de que o uso dos recursos naturais respeite limites, seja ecol\u00f3gicos, sociais e clim\u00e1ticos.<\/p>\n<p style=\"text-align: justify;\">Neste caso, e em muitos outros, n\u00e3o se trata de impedir investimento, mas de condicion\u00e1-lo ao respeito \u00e0 vida, \u00e0 natureza e ao futuro. O Brasil precisa desse instrumento \u2014 e precisa que ele seja fortalecido, n\u00e3o fragilizado.<\/p>\n<p style=\"text-align: justify;\">Se voc\u00ea deseja aprender mais sobre como iniciar na \u00e1rea ambiental e fazer a diferen\u00e7a no mercado de trabalho, confira o eBook &#8220;Como Iniciar sua Consultoria Ambiental&#8221; dispon\u00edvel na Hotmart. Com ele, voc\u00ea ter\u00e1 um guia pr\u00e1tico para iniciar nas carreiras ambientais.<\/p>\n<p style=\"text-align: justify;\">Andr\u00e9 Henrique de Rezende Almeida<\/p>\n<p style=\"text-align: justify;\">@BIOLOGOANDREHENRIQUE<\/p>\n<p style=\"text-align: justify;\">Bi\u00f3logo CRBIO 02: 60.945<\/p>\n<p style=\"text-align: justify;\">Engenheiro Ambiental CREA: ES-055476\/D<\/p>\n<p style=\"text-align: justify;\">&nbsp;<\/p>\n<p>&nbsp;<\/p>\n<p>&nbsp;<\/p>\n<p>&nbsp;<\/p>\n<p>&nbsp;<\/p>\n<p>&nbsp;<\/p>\n<p>&nbsp;<\/p>\n<p>&nbsp;<\/p>\n<p>&nbsp;<\/p>\n<p>&nbsp;<\/p>\n<p>&nbsp;<\/p>\n<p>&nbsp;<\/p>\n<p>&nbsp;<\/p>\n<p>&nbsp;<\/p>\n","protected":false},"excerpt":{"rendered":"<p>Por Andr\u00e9 Henrique&nbsp; A decis\u00e3o recente do Ibama de emitir a Licen\u00e7a de Opera\u00e7\u00e3o (LO N\u00ba 1.684\/2025) para a perfura\u00e7\u00e3o no bloco FZA-M-59, na Bacia da Foz do Amazonas, reacende um debate crucial: o licenciamento ambiental n\u00e3o \u00e9 meramente um rito burocr\u00e1tico, mas um instrumento imprescind\u00edvel para a integridade ambiental e social. Transpar\u00eancia e acesso [&hellip;]<\/p>\n","protected":false},"author":1,"featured_media":44927,"comment_status":"open","ping_status":"open","sticky":false,"template":"","format":"standard","meta":{"ngg_post_thumbnail":0,"footnotes":""},"categories":[2,345,41],"tags":[],"class_list":["post-44926","post","type-post","status-publish","format-standard","has-post-thumbnail","hentry","category-destaques","category-meio-ambiente","category-ultimasnoticias"],"_links":{"self":[{"href":"https:\/\/somdepapo.com.br\/portal\/wp-json\/wp\/v2\/posts\/44926","targetHints":{"allow":["GET"]}}],"collection":[{"href":"https:\/\/somdepapo.com.br\/portal\/wp-json\/wp\/v2\/posts"}],"about":[{"href":"https:\/\/somdepapo.com.br\/portal\/wp-json\/wp\/v2\/types\/post"}],"author":[{"embeddable":true,"href":"https:\/\/somdepapo.com.br\/portal\/wp-json\/wp\/v2\/users\/1"}],"replies":[{"embeddable":true,"href":"https:\/\/somdepapo.com.br\/portal\/wp-json\/wp\/v2\/comments?post=44926"}],"version-history":[{"count":1,"href":"https:\/\/somdepapo.com.br\/portal\/wp-json\/wp\/v2\/posts\/44926\/revisions"}],"predecessor-version":[{"id":44929,"href":"https:\/\/somdepapo.com.br\/portal\/wp-json\/wp\/v2\/posts\/44926\/revisions\/44929"}],"wp:featuredmedia":[{"embeddable":true,"href":"https:\/\/somdepapo.com.br\/portal\/wp-json\/wp\/v2\/media\/44927"}],"wp:attachment":[{"href":"https:\/\/somdepapo.com.br\/portal\/wp-json\/wp\/v2\/media?parent=44926"}],"wp:term":[{"taxonomy":"category","embeddable":true,"href":"https:\/\/somdepapo.com.br\/portal\/wp-json\/wp\/v2\/categories?post=44926"},{"taxonomy":"post_tag","embeddable":true,"href":"https:\/\/somdepapo.com.br\/portal\/wp-json\/wp\/v2\/tags?post=44926"}],"curies":[{"name":"wp","href":"https:\/\/api.w.org\/{rel}","templated":true}]}}