{"id":45144,"date":"2025-11-08T11:03:09","date_gmt":"2025-11-08T14:03:09","guid":{"rendered":"https:\/\/somdepapo.com.br\/portal\/?p=45144"},"modified":"2025-11-08T11:03:09","modified_gmt":"2025-11-08T14:03:09","slug":"cobranca-por-marcacao-de-assento-em-voos-e-legal-ou-ilegal-o-que-diz-a-lei-a-respeito","status":"publish","type":"post","link":"https:\/\/somdepapo.com.br\/portal\/cobranca-por-marcacao-de-assento-em-voos-e-legal-ou-ilegal-o-que-diz-a-lei-a-respeito\/","title":{"rendered":"Cobran\u00e7a por marca\u00e7\u00e3o de assento em voos e legal ou ilegal? O que diz a Lei a respeito?"},"content":{"rendered":"<p style=\"text-align: right;\">Por Gilanio Calixto.<\/p>\n<p style=\"text-align: justify;\">&nbsp;Em suas viagens atualmente voc\u00ea j\u00e1 ficou surpreso por cobran\u00e7as de valores a mais pelo assento na janela ou em outro setor do voo? \u00c9 correto as companhias aereas cobrarem por este servi\u00e7o?<\/p>\n<p style=\"text-align: justify;\">&nbsp; Vamos l\u00e1? Te convido por cerca de dois minutos debatermos sobre tal assunto muito necess\u00e1rio. O passageiro tem direito a um assento gratuito, que ser\u00e1 atribu\u00eddo de forma aleat\u00f3ria durante o check-in, mas pode pagar uma taxa para escolher um lugar espec\u00edfico, como os mais pr\u00f3ximos da sa\u00edda de emerg\u00eancia, com mais espa\u00e7o ou na janela.<\/p>\n<p style=\"text-align: justify;\">&nbsp;Ap\u00f3s uma mulher se negar a dar o assento na janela do avi\u00e3o para uma crian\u00e7a, o caso viralizou nas redes sociais e gerou pol\u00eamica. Em voos comerciais no Brasil, a marca\u00e7\u00e3o de assentos \u00e9 definida por cada companhia a\u00e9rea seguindo suas pr\u00f3prias pol\u00edticas e tarifa\u00e7\u00e3o aplicada.<\/p>\n<p style=\"text-align: justify;\">&nbsp;Conforme a Associa\u00e7\u00e3o Brasileira das Empresas A\u00e9reas &#8211; ABEAR, muitas empresas a\u00e9reas cobram pelo assento nas janelas por meio de marca\u00e7\u00e3o antecipada dos lugares escolhidos e por reservas feitas com anteced\u00eancia por op\u00e7\u00e3o dos passageiros. As regras podem ser definidas por trecho, sendo voo dom\u00e9stico ou internacional, e por programa de fidelidade individual em que o passageiro possui com a companhia a\u00e9rea especifica ou atrav\u00e9s de parcerias.<\/p>\n<p style=\"text-align: justify;\">&nbsp;A marca\u00e7\u00e3o antecipada de assentos \u00e9 um servi\u00e7o opcional que as empresas oferecem. Segundo a Ag\u00eancia Nacional de Avia\u00e7\u00e3o Civil (ANAC), este tipo de servi\u00e7o pode ser oferecido gratuitamente ou mediante cobran\u00e7as de taxas e tarifas, conforme a pol\u00edtica interna de cada companhia a\u00e9rea.<\/p>\n<p style=\"text-align: justify;\">&nbsp;Vale ressaltar que, em casos em que haja passageiros com necessidades especiais ou menores desacompanhados, as empresas a\u00e9reas precisam cumprir regulamentos espec\u00edficos para garantir a seguran\u00e7a e o bem-estar de todos os passageiros.<\/p>\n<p style=\"text-align: justify;\">&nbsp;Atualmente ainda tramita um PL \u2013 Projeto de Lei &#8211; j\u00e1 aprovado pela Camara dos Deputados que pro\u00edbe companhias a\u00e9reas de cobrar taxas extras pela escolha de assentos comuns.<\/p>\n<p style=\"text-align: justify;\">&nbsp;A mudan\u00e7a determinada pelo projeto permitir\u00e1 que passageiros selecionem o lugar desejado sem cobran\u00e7as, desde que a cadeira fa\u00e7a parte da categoria comprada. Pela proposta, a reserva de assentos por parte das companhias s\u00f3 ser\u00e1 permitida para viajantes que necessitem de aten\u00e7\u00e3o diferenciada, pessoas com mobilidade reduzida, problemas de sa\u00fade e menores de 16 anos desacompanhados.<\/p>\n<p style=\"text-align: justify;\">&nbsp;A taxa adicional ainda poder\u00e1 ser cobrada para poltronas diferenciadas, entretanto esse PL ainda necessita passar pela aprova\u00e7\u00e3o do Senado Federal.<\/p>\n<p style=\"text-align: justify;\">Fonte: Ag\u00eancia Senado e imagens de Internet.<\/p>\n<p>Gostou da abordagem?<\/p>\n<p style=\"text-align: justify;\">&nbsp; &nbsp; Quer saber mais sobre estes assuntos e outros? Me segue nas redes sociais e l\u00e1 ter\u00e1s mais dicas e informa\u00e7\u00f5es. @gilaniocalixtoadv; @mcrereser.<\/p>\n<p>Gilanio Calixto Velez<\/p>\n<p>Advogado e Professor<\/p>\n<p>\uf0fc Advogado especialista em Direito Previdenci\u00e1rio e em Direito de Familia<\/p>\n<p>\uf0fc Professor Universit\u00e1rio em Direitos Humanos e Educa\u00e7\u00e3o Emocional<\/p>\n<p>\uf0fc Palestrante Motivacional e de Carreira Profissional<\/p>\n<p style=\"text-align: justify;\">\uf0fc Fundador do Instituto de Desenvolvimento Humano &#8211; Crer &amp; Ser \u2013 Metodologia e Projeto de Vida &#8211; Campina Grande \u2013 PB e Queimadas \u2013 PB<\/p>\n<p>\uf0fc Perfil no Instagram: @gilaniocalixtoadv; @mcrereser<\/p>\n<p>\uf0fc Email: gcalixtoadvocacia@gmail.com ; fone: (83).9.9866.3639<\/p>\n<p>&nbsp;<\/p>\n<p>&nbsp;<\/p>\n<p>&nbsp;<\/p>\n<p>&nbsp;<\/p>\n<p>&nbsp;<\/p>\n<p>&nbsp;<\/p>\n<p>&nbsp;<\/p>\n","protected":false},"excerpt":{"rendered":"<p>Por Gilanio Calixto. &nbsp;Em suas viagens atualmente voc\u00ea j\u00e1 ficou surpreso por cobran\u00e7as de valores a mais pelo assento na janela ou em outro setor do voo? \u00c9 correto as companhias aereas cobrarem por este servi\u00e7o? &nbsp; Vamos l\u00e1? Te convido por cerca de dois minutos debatermos sobre tal assunto muito necess\u00e1rio. O passageiro tem [&hellip;]<\/p>\n","protected":false},"author":1,"featured_media":45145,"comment_status":"open","ping_status":"open","sticky":false,"template":"","format":"standard","meta":{"ngg_post_thumbnail":0,"footnotes":""},"categories":[225,2,41],"tags":[],"class_list":["post-45144","post","type-post","status-publish","format-standard","has-post-thumbnail","hentry","category-cidadania","category-destaques","category-ultimasnoticias"],"_links":{"self":[{"href":"https:\/\/somdepapo.com.br\/portal\/wp-json\/wp\/v2\/posts\/45144","targetHints":{"allow":["GET"]}}],"collection":[{"href":"https:\/\/somdepapo.com.br\/portal\/wp-json\/wp\/v2\/posts"}],"about":[{"href":"https:\/\/somdepapo.com.br\/portal\/wp-json\/wp\/v2\/types\/post"}],"author":[{"embeddable":true,"href":"https:\/\/somdepapo.com.br\/portal\/wp-json\/wp\/v2\/users\/1"}],"replies":[{"embeddable":true,"href":"https:\/\/somdepapo.com.br\/portal\/wp-json\/wp\/v2\/comments?post=45144"}],"version-history":[{"count":1,"href":"https:\/\/somdepapo.com.br\/portal\/wp-json\/wp\/v2\/posts\/45144\/revisions"}],"predecessor-version":[{"id":45146,"href":"https:\/\/somdepapo.com.br\/portal\/wp-json\/wp\/v2\/posts\/45144\/revisions\/45146"}],"wp:featuredmedia":[{"embeddable":true,"href":"https:\/\/somdepapo.com.br\/portal\/wp-json\/wp\/v2\/media\/45145"}],"wp:attachment":[{"href":"https:\/\/somdepapo.com.br\/portal\/wp-json\/wp\/v2\/media?parent=45144"}],"wp:term":[{"taxonomy":"category","embeddable":true,"href":"https:\/\/somdepapo.com.br\/portal\/wp-json\/wp\/v2\/categories?post=45144"},{"taxonomy":"post_tag","embeddable":true,"href":"https:\/\/somdepapo.com.br\/portal\/wp-json\/wp\/v2\/tags?post=45144"}],"curies":[{"name":"wp","href":"https:\/\/api.w.org\/{rel}","templated":true}]}}