{"id":45181,"date":"2025-11-12T07:43:38","date_gmt":"2025-11-12T10:43:38","guid":{"rendered":"https:\/\/somdepapo.com.br\/portal\/?p=45181"},"modified":"2025-11-12T07:43:53","modified_gmt":"2025-11-12T10:43:53","slug":"como-encontrar-clareza-profissional-em-meio-ao-caos-do-dia-a-dia","status":"publish","type":"post","link":"https:\/\/somdepapo.com.br\/portal\/como-encontrar-clareza-profissional-em-meio-ao-caos-do-dia-a-dia\/","title":{"rendered":"Como encontrar clareza profissional em meio ao caos do dia a dia?"},"content":{"rendered":"<p style=\"text-align: right;\">Por Vanessa Cunha<\/p>\n<p style=\"text-align: right;\">Mentora de Carreira e Consultora de RH Estrat\u00e9gico<\/p>\n<p style=\"text-align: right;\">\ud83d\udd17 LinkedIn.com\/in\/vanessaabcunha | \ud83d\udcf8 @vc.consultoriarh<\/p>\n<p style=\"text-align: justify;\">&nbsp;<\/p>\n<p style=\"text-align: justify;\">Como encontrar clareza profissional em meio ao caos do dia a dia<\/p>\n<p style=\"text-align: justify;\">Vivemos um tempo em que tudo \u00e9 urgente \u2014 e quase nada \u00e9 essencial.<\/p>\n<p style=\"text-align: justify;\">A rotina \u00e9 um looping de tarefas, notifica\u00e7\u00f5es e prazos que nos fazem confundir movimento com dire\u00e7\u00e3o.<\/p>\n<p style=\"text-align: justify;\">Mas entre tantas demandas, existe uma habilidade que separa quem apenas reage de quem realmente evolui: a clareza.<\/p>\n<p style=\"text-align: justify;\">Clareza \u00e9 o poder de enxergar o que importa.<\/p>\n<p style=\"text-align: justify;\">\u00c9 conseguir silenciar o barulho externo o suficiente para ouvir o que o seu trabalho est\u00e1 tentando te dizer.<\/p>\n<p style=\"text-align: justify;\">Quando o caos se torna o padr\u00e3o<\/p>\n<p style=\"text-align: justify;\">Quantas vezes voc\u00ea terminou a semana exausta, mas com a sensa\u00e7\u00e3o de que n\u00e3o avan\u00e7ou?<\/p>\n<p style=\"text-align: justify;\">Esse \u00e9 o retrato do profissional em modo autom\u00e1tico: ocupado, produtivo, mas sem prop\u00f3sito.<\/p>\n<p style=\"text-align: justify;\">O excesso de est\u00edmulos e a falta de pausa geram um tipo de ru\u00eddo mental que mina o foco e sabota decis\u00f5es estrat\u00e9gicas.<\/p>\n<p style=\"text-align: justify;\">A verdade \u00e9 que o caos n\u00e3o vem s\u00f3 do ambiente \u2014 vem da falta de filtro.<\/p>\n<p style=\"text-align: justify;\">Quando tudo parece prioridade, nada \u00e9.<\/p>\n<p style=\"text-align: justify;\">E sem clareza, a carreira vira uma sequ\u00eancia de rea\u00e7\u00f5es, n\u00e3o de escolhas.<\/p>\n<p style=\"text-align: justify;\">A autogest\u00e3o come\u00e7a pela consci\u00eancia<\/p>\n<p style=\"text-align: justify;\">Autogest\u00e3o n\u00e3o \u00e9 controlar o tempo, \u00e9 direcionar a energia.<\/p>\n<p style=\"text-align: justify;\">O primeiro passo para recuperar clareza \u00e9 fazer uma pausa intencional \u2014 n\u00e3o de descanso, mas de observa\u00e7\u00e3o.<\/p>\n<p style=\"text-align: justify;\">Pergunte-se:<\/p>\n<p style=\"text-align: justify;\">\u201cO que realmente move o que eu fa\u00e7o?\u201d<\/p>\n<p style=\"text-align: justify;\">\u201cO que desse caos \u00e9 ru\u00eddo \u2014 e o que \u00e9 dire\u00e7\u00e3o?\u201d<\/p>\n<p style=\"text-align: justify;\">Essa pausa devolve poder.<\/p>\n<p style=\"text-align: justify;\">Ela transforma cansa\u00e7o em consci\u00eancia, e rotina em estrat\u00e9gia.<\/p>\n<p style=\"text-align: justify;\">Clareza como pr\u00e1tica, n\u00e3o estado<\/p>\n<p style=\"text-align: justify;\">Muitos acreditam que clareza \u00e9 algo que se alcan\u00e7a \u2014 quando, na verdade, \u00e9 algo que se cultiva.<\/p>\n<p style=\"text-align: justify;\">\u00c9 um exerc\u00edcio di\u00e1rio de escolher o que merece presen\u00e7a.<\/p>\n<p style=\"text-align: justify;\">Na Mentoria Clarivium, sempre refor\u00e7o: clareza \u00e9 m\u00e9todo, n\u00e3o inspira\u00e7\u00e3o.<\/p>\n<p style=\"text-align: justify;\">Ela nasce de reflex\u00e3o, diagn\u00f3stico e pr\u00e1tica \u2014 e sustenta decis\u00f5es com prop\u00f3sito.<\/p>\n<p style=\"text-align: justify;\">Tr\u00eas micropr\u00e1ticas para reconectar-se<\/p>\n<p style=\"text-align: justify;\">1\ufe0f\u20e3 Comece o dia com prop\u00f3sito.<\/p>\n<p style=\"text-align: justify;\">Antes de abrir e-mails, pergunte-se: \u201cQual \u00e9 a inten\u00e7\u00e3o do meu dia?\u201d<\/p>\n<p style=\"text-align: justify;\">A resposta pode ser simples, mas d\u00e1 dire\u00e7\u00e3o.<\/p>\n<p style=\"text-align: justify;\">2\ufe0f\u20e3 Fa\u00e7a uma pausa estrat\u00e9gica.<\/p>\n<p style=\"text-align: justify;\">Entre uma reuni\u00e3o e outra, reserve cinco minutos para respirar e revisar sua lista.<\/p>\n<p style=\"text-align: justify;\">Muitas vezes, o que parece urgente \u00e9 s\u00f3 h\u00e1bito de correria.<\/p>\n<p style=\"text-align: justify;\">3\ufe0f\u20e3 Encerramento consciente.<\/p>\n<p style=\"text-align: justify;\">Ao fim do dia, anote um aprendizado e uma decis\u00e3o.<\/p>\n<p style=\"text-align: justify;\">Isso transforma experi\u00eancia em evolu\u00e7\u00e3o.<\/p>\n<p style=\"text-align: justify;\">Clareza como b\u00fassola de carreira<\/p>\n<p style=\"text-align: justify;\">Profissionais com clareza n\u00e3o fazem mais \u2014 fazem o que importa.<\/p>\n<p style=\"text-align: justify;\">Eles comunicam melhor, priorizam com seguran\u00e7a e lidam com desafios com serenidade.<\/p>\n<p style=\"text-align: justify;\">E, no mercado atual, essa lucidez \u00e9 o que diferencia quem se esgota de quem se expande.<\/p>\n<p style=\"text-align: justify;\">Ter clareza \u00e9, no fundo, um ato de coragem: o de escolher o essencial quando o mundo grita pelo imediato.<\/p>\n<p style=\"text-align: justify;\">&nbsp;<\/p>\n<p style=\"text-align: justify;\">\ud83d\udcda Sobre as leituras que inspiraram este artigo<\/p>\n<p style=\"text-align: justify;\">Reflex\u00e3o autoral constru\u00edda a partir da pr\u00e1tica com profissionais em autogest\u00e3o e dos princ\u00edpios da Mentoria Clarivium.<\/p>\n<p style=\"text-align: justify;\">Dialoga com autores como Peter Drucker, Simon Sinek e Carol Dweck, que refor\u00e7am que foco \u00e9 sempre uma decis\u00e3o \u2014 e clareza \u00e9 o ponto de partida para a consist\u00eancia.<\/p>\n<p style=\"text-align: justify;\">&nbsp;<\/p>\n<p style=\"text-align: justify;\">Vanessa Cunha<\/p>\n<p style=\"text-align: justify;\">Mentora de Carreira &amp; Consultora de RH Estrat\u00e9gico<\/p>\n<p style=\"text-align: justify;\">\ud83d\udc9c Clareza para pessoas. Estrat\u00e9gias para neg\u00f3cios.<\/p>\n<p style=\"text-align: justify;\">\ud83d\udccd Curitiba | Remoto em todo o Brasil<\/p>\n<p style=\"text-align: justify;\">\ud83d\udce7 vcconsultoriaderh@gmail.com \ud83d\udcf2 (41) 99985-6523&nbsp;&nbsp;<\/p>\n<p style=\"text-align: justify;\">&nbsp;<\/p>\n<p style=\"text-align: justify;\">&nbsp;<\/p>\n","protected":false},"excerpt":{"rendered":"<p>Por Vanessa Cunha Mentora de Carreira e Consultora de RH Estrat\u00e9gico \ud83d\udd17 LinkedIn.com\/in\/vanessaabcunha | \ud83d\udcf8 @vc.consultoriarh &nbsp; Como encontrar clareza profissional em meio ao caos do dia a dia Vivemos um tempo em que tudo \u00e9 urgente \u2014 e quase nada \u00e9 essencial. A rotina \u00e9 um looping de tarefas, notifica\u00e7\u00f5es e prazos que nos [&hellip;]<\/p>\n","protected":false},"author":1,"featured_media":45182,"comment_status":"open","ping_status":"open","sticky":false,"template":"","format":"standard","meta":{"ngg_post_thumbnail":0,"footnotes":""},"categories":[2,383,31],"tags":[],"class_list":["post-45181","post","type-post","status-publish","format-standard","has-post-thumbnail","hentry","category-destaques","category-gestao-de-carreira","category-noticias"],"_links":{"self":[{"href":"https:\/\/somdepapo.com.br\/portal\/wp-json\/wp\/v2\/posts\/45181","targetHints":{"allow":["GET"]}}],"collection":[{"href":"https:\/\/somdepapo.com.br\/portal\/wp-json\/wp\/v2\/posts"}],"about":[{"href":"https:\/\/somdepapo.com.br\/portal\/wp-json\/wp\/v2\/types\/post"}],"author":[{"embeddable":true,"href":"https:\/\/somdepapo.com.br\/portal\/wp-json\/wp\/v2\/users\/1"}],"replies":[{"embeddable":true,"href":"https:\/\/somdepapo.com.br\/portal\/wp-json\/wp\/v2\/comments?post=45181"}],"version-history":[{"count":1,"href":"https:\/\/somdepapo.com.br\/portal\/wp-json\/wp\/v2\/posts\/45181\/revisions"}],"predecessor-version":[{"id":45183,"href":"https:\/\/somdepapo.com.br\/portal\/wp-json\/wp\/v2\/posts\/45181\/revisions\/45183"}],"wp:featuredmedia":[{"embeddable":true,"href":"https:\/\/somdepapo.com.br\/portal\/wp-json\/wp\/v2\/media\/45182"}],"wp:attachment":[{"href":"https:\/\/somdepapo.com.br\/portal\/wp-json\/wp\/v2\/media?parent=45181"}],"wp:term":[{"taxonomy":"category","embeddable":true,"href":"https:\/\/somdepapo.com.br\/portal\/wp-json\/wp\/v2\/categories?post=45181"},{"taxonomy":"post_tag","embeddable":true,"href":"https:\/\/somdepapo.com.br\/portal\/wp-json\/wp\/v2\/tags?post=45181"}],"curies":[{"name":"wp","href":"https:\/\/api.w.org\/{rel}","templated":true}]}}