{"id":45199,"date":"2025-11-13T07:51:18","date_gmt":"2025-11-13T10:51:18","guid":{"rendered":"https:\/\/somdepapo.com.br\/portal\/?p=45199"},"modified":"2025-11-13T07:51:18","modified_gmt":"2025-11-13T10:51:18","slug":"carros-eletricos-sao-realmente-sustentaveis","status":"publish","type":"post","link":"https:\/\/somdepapo.com.br\/portal\/carros-eletricos-sao-realmente-sustentaveis\/","title":{"rendered":"Carros El\u00e9tricos: S\u00e3o realmente sustent\u00e1veis?"},"content":{"rendered":"<p style=\"text-align: right;\">Por Andr\u00e9 Henrique&nbsp;<\/p>\n<p style=\"text-align: justify;\">&nbsp;<\/p>\n<p style=\"text-align: justify;\">O outro lado da mobilidade verde<\/p>\n<p style=\"text-align: justify;\">Nas \u00faltimas d\u00e9cadas, os carros el\u00e9tricos se consolidaram como s\u00edmbolo da transi\u00e7\u00e3o energ\u00e9tica e da sustentabilidade. Isentos de escapamento e alimentados por eletricidade, eles prometem um futuro com menos emiss\u00f5es e mais efici\u00eancia. No entanto, por tr\u00e1s dessa imagem \u201cverde\u201d, h\u00e1 um debate que ganha for\u00e7a: ser\u00e3o os carros el\u00e9tricos realmente sustent\u00e1veis quando analisamos todo o seu ciclo de vida?<\/p>\n<p style=\"text-align: justify;\">A promessa de um transporte limpo<\/p>\n<p style=\"text-align: justify;\">Os ve\u00edculos el\u00e9tricos s\u00e3o amplamente divulgados como solu\u00e7\u00e3o para reduzir as emiss\u00f5es de gases de efeito estufa (GEE). Enquanto um autom\u00f3vel a combust\u00e3o emite, em m\u00e9dia, de 2 a 3 toneladas de CO\u2082 por ano, um el\u00e9trico n\u00e3o libera poluentes diretamente nas ruas. Al\u00e9m disso, quando a matriz el\u00e9trica \u00e9 majoritariamente renov\u00e1vel, como no Brasil, em que cerca de 80% da energia vem de fontes limpas, o impacto clim\u00e1tico da recarga \u00e9 significativamente menor.<\/p>\n<p style=\"text-align: justify;\">Esses fatores explicam o entusiasmo dos governos e fabricantes, que investem bilh\u00f5es em pol\u00edticas de incentivo e infraestrutura. Contudo, h\u00e1 um componente frequentemente esquecido nessa equa\u00e7\u00e3o: a origem e o destino das baterias.<\/p>\n<p style=\"text-align: justify;\">O custo ambiental das baterias de l\u00edtio<\/p>\n<p style=\"text-align: justify;\">O cora\u00e7\u00e3o dos carros el\u00e9tricos \u00e9 a bateria de \u00edons de l\u00edtio, uma tecnologia eficiente, mas ambientalmente custosa. Para produzi-la, \u00e9 necess\u00e1rio extrair grandes quantidades de l\u00edtio, cobalto, n\u00edquel e mangan\u00eas, minerais cuja minera\u00e7\u00e3o ocorre, em sua maioria, em pa\u00edses da Am\u00e9rica do Sul, \u00c1frica e \u00c1sia.<\/p>\n<p style=\"text-align: justify;\">Na Bol\u00edvia, Chile e Argentina, regi\u00e3o conhecida como \u201cTri\u00e2ngulo do L\u00edtio\u201d, a extra\u00e7\u00e3o envolve o bombeamento de milh\u00f5es de litros de \u00e1gua salobra dos len\u00e7\u00f3is fre\u00e1ticos. Isso tem provocado escassez h\u00eddrica, saliniza\u00e7\u00e3o do solo e impactos sobre comunidades ind\u00edgenas e ecossistemas fr\u00e1geis.<\/p>\n<p style=\"text-align: justify;\">No Congo, a minera\u00e7\u00e3o de cobalto tamb\u00e9m traz um problema \u00e9tico: h\u00e1 registros de trabalho infantil e condi\u00e7\u00f5es degradantes nas minas.<\/p>\n<p style=\"text-align: justify;\">Ou seja, enquanto o carro el\u00e9trico representa uma solu\u00e7\u00e3o limpa nas cidades, sua produ\u00e7\u00e3o carrega uma pegada ambiental e social significativa.<\/p>\n<p style=\"text-align: justify;\">&nbsp;Ciclo de vida e descarte: o desafio do futuro<\/p>\n<p style=\"text-align: justify;\">Outro ponto cr\u00edtico \u00e9 o fim da vida \u00fatil das baterias. Uma bateria automotiva dura entre 8 e 15 anos, dependendo do uso e da temperatura. Ap\u00f3s isso, seu reaproveitamento ainda enfrenta grandes desafios.<\/p>\n<p style=\"text-align: justify;\">O processo de reciclagem de baterias de l\u00edtio \u00e9 complexo, caro e perigoso. Poucas empresas dominam a tecnologia de extra\u00e7\u00e3o dos metais de forma economicamente vi\u00e1vel. Como consequ\u00eancia, grande parte das baterias usadas ainda \u00e9 armazenada ou descartada inadequadamente, com risco de contamina\u00e7\u00e3o do solo e da \u00e1gua.<\/p>\n<p style=\"text-align: justify;\">Em um mundo que prev\u00ea centenas de milh\u00f5es de ve\u00edculos el\u00e9tricos at\u00e9 2040, a falta de uma pol\u00edtica global para o descarte e reaproveitamento das baterias pode transformar a atual solu\u00e7\u00e3o em um novo problema ambiental.<\/p>\n<p style=\"text-align: justify;\">Sustentabilidade depende de contexto<\/p>\n<p style=\"text-align: justify;\">A sustentabilidade dos carros el\u00e9tricos depende de v\u00e1rios fatores:<\/p>\n<p style=\"text-align: justify;\">Origem da energia el\u00e9trica: em pa\u00edses que ainda usam carv\u00e3o ou petr\u00f3leo para gerar eletricidade, a pegada de carbono do carro el\u00e9trico \u00e9 quase equivalente \u00e0 de um carro a gasolina.<\/p>\n<p style=\"text-align: justify;\">Gest\u00e3o dos res\u00edduos: a aus\u00eancia de programas robustos de reciclagem compromete o ganho ambiental.<\/p>\n<p style=\"text-align: justify;\">Efici\u00eancia urbana: se o uso de ve\u00edculos individuais continuar crescendo, mesmo que el\u00e9tricos, os problemas de tr\u00e2nsito, polui\u00e7\u00e3o sonora e ocupa\u00e7\u00e3o urbana persistir\u00e3o.<\/p>\n<p style=\"text-align: justify;\">Portanto, o carro el\u00e9trico deve ser entendido n\u00e3o como um fim em si, mas como parte de uma mudan\u00e7a estrutural na mobilidade urbana, aliada a transporte p\u00fablico de qualidade, ciclovias e planejamento urbano sustent\u00e1vel.<\/p>\n<p style=\"text-align: justify;\">Conclus\u00e3o: o verde que precisa ser repensado<\/p>\n<p style=\"text-align: justify;\">Os carros el\u00e9tricos s\u00e3o uma evolu\u00e7\u00e3o importante, mas n\u00e3o uma solu\u00e7\u00e3o milagrosa. Eles reduzem emiss\u00f5es locais e melhoram a qualidade do ar nas cidades, mas transferem parte dos impactos para outras regi\u00f5es e etapas do ciclo produtivo.<\/p>\n<p style=\"text-align: justify;\">A verdadeira sustentabilidade s\u00f3 ser\u00e1 alcan\u00e7ada quando houver cadeias de produ\u00e7\u00e3o transparentes, minera\u00e7\u00e3o respons\u00e1vel, reciclagem eficiente e transi\u00e7\u00e3o energ\u00e9tica justa, que respeite tanto o meio ambiente quanto as comunidades afetadas.<\/p>\n<p style=\"text-align: justify;\">Enquanto isso, \u00e9 essencial que consumidores e governos encarem o tema com realismo: o futuro da mobilidade deve ser limpo mas tamb\u00e9m \u00e9tico, circular e verdadeiramente sustent\u00e1vel.<\/p>\n<p style=\"text-align: justify;\">Se voc\u00ea deseja aprender mais sobre como iniciar na \u00e1rea ambiental e fazer a diferen\u00e7a no mercado de trabalho, confira o eBook &#8220;Como Iniciar sua Consultoria Ambiental&#8221; dispon\u00edvel na Hotmart. Com ele, voc\u00ea ter\u00e1 um guia pr\u00e1tico para iniciar nas carreiras ambientais.<\/p>\n<p style=\"text-align: justify;\">Andr\u00e9 Henrique de Rezende Almeida<\/p>\n<p style=\"text-align: justify;\">@BIOLOGOANDREHENRIQUE<\/p>\n<p style=\"text-align: justify;\">Bi\u00f3logo CRBIO 02: 60.945<\/p>\n<p style=\"text-align: justify;\">Engenheiro Ambiental CREA: ES-055476\/D<\/p>\n<p style=\"text-align: justify;\">&nbsp;<\/p>\n<p style=\"text-align: justify;\">&nbsp;<\/p>\n","protected":false},"excerpt":{"rendered":"<p>Por Andr\u00e9 Henrique&nbsp; &nbsp; O outro lado da mobilidade verde Nas \u00faltimas d\u00e9cadas, os carros el\u00e9tricos se consolidaram como s\u00edmbolo da transi\u00e7\u00e3o energ\u00e9tica e da sustentabilidade. Isentos de escapamento e alimentados por eletricidade, eles prometem um futuro com menos emiss\u00f5es e mais efici\u00eancia. No entanto, por tr\u00e1s dessa imagem \u201cverde\u201d, h\u00e1 um debate que ganha [&hellip;]<\/p>\n","protected":false},"author":1,"featured_media":45201,"comment_status":"open","ping_status":"open","sticky":false,"template":"","format":"standard","meta":{"ngg_post_thumbnail":0,"footnotes":""},"categories":[2,345,31,41],"tags":[],"class_list":["post-45199","post","type-post","status-publish","format-standard","has-post-thumbnail","hentry","category-destaques","category-meio-ambiente","category-noticias","category-ultimasnoticias"],"_links":{"self":[{"href":"https:\/\/somdepapo.com.br\/portal\/wp-json\/wp\/v2\/posts\/45199","targetHints":{"allow":["GET"]}}],"collection":[{"href":"https:\/\/somdepapo.com.br\/portal\/wp-json\/wp\/v2\/posts"}],"about":[{"href":"https:\/\/somdepapo.com.br\/portal\/wp-json\/wp\/v2\/types\/post"}],"author":[{"embeddable":true,"href":"https:\/\/somdepapo.com.br\/portal\/wp-json\/wp\/v2\/users\/1"}],"replies":[{"embeddable":true,"href":"https:\/\/somdepapo.com.br\/portal\/wp-json\/wp\/v2\/comments?post=45199"}],"version-history":[{"count":1,"href":"https:\/\/somdepapo.com.br\/portal\/wp-json\/wp\/v2\/posts\/45199\/revisions"}],"predecessor-version":[{"id":45202,"href":"https:\/\/somdepapo.com.br\/portal\/wp-json\/wp\/v2\/posts\/45199\/revisions\/45202"}],"wp:featuredmedia":[{"embeddable":true,"href":"https:\/\/somdepapo.com.br\/portal\/wp-json\/wp\/v2\/media\/45201"}],"wp:attachment":[{"href":"https:\/\/somdepapo.com.br\/portal\/wp-json\/wp\/v2\/media?parent=45199"}],"wp:term":[{"taxonomy":"category","embeddable":true,"href":"https:\/\/somdepapo.com.br\/portal\/wp-json\/wp\/v2\/categories?post=45199"},{"taxonomy":"post_tag","embeddable":true,"href":"https:\/\/somdepapo.com.br\/portal\/wp-json\/wp\/v2\/tags?post=45199"}],"curies":[{"name":"wp","href":"https:\/\/api.w.org\/{rel}","templated":true}]}}