{"id":45285,"date":"2025-11-18T15:25:22","date_gmt":"2025-11-18T18:25:22","guid":{"rendered":"https:\/\/somdepapo.com.br\/portal\/?p=45285"},"modified":"2025-11-18T15:25:43","modified_gmt":"2025-11-18T18:25:43","slug":"voce-nao-esta-desmotivada-esta-desconectada","status":"publish","type":"post","link":"https:\/\/somdepapo.com.br\/portal\/voce-nao-esta-desmotivada-esta-desconectada\/","title":{"rendered":"Voc\u00ea n\u00e3o est\u00e1 desmotivada: est\u00e1 desconectada"},"content":{"rendered":"<p style=\"text-align: right;\">Por Vanessa Cunha<\/p>\n<p style=\"text-align: right;\">Mentora de Carreira e Consultora de RH Estrat\u00e9gico<\/p>\n<p style=\"text-align: right;\">\ud83d\udd17 LinkedIn.com\/in\/vanessaabcunha | \ud83d\udcf8 @vc.consultoriarh<\/p>\n<p style=\"text-align: justify;\">&nbsp;<\/p>\n<p style=\"text-align: justify;\">Voc\u00ea n\u00e3o est\u00e1 desmotivada \u2014 est\u00e1 desconectada<\/p>\n<p style=\"text-align: justify;\">A desmotiva\u00e7\u00e3o raramente come\u00e7a grande.<\/p>\n<p style=\"text-align: justify;\">Ela chega aos poucos \u2014 no \u201ctanto faz\u201d da segunda-feira, na falta de brilho nas entregas, na sensa\u00e7\u00e3o de que o trabalho perdeu o sentido.<\/p>\n<p style=\"text-align: justify;\">Mas a verdade \u00e9 que a maioria das pessoas n\u00e3o est\u00e1 desmotivada.<\/p>\n<p style=\"text-align: justify;\">Est\u00e1 desconectada.<\/p>\n<p style=\"text-align: justify;\">Desconectada do prop\u00f3sito, dos valores, do impacto do que faz.<\/p>\n<p style=\"text-align: justify;\">E quando essa desconex\u00e3o acontece, nem o melhor sal\u00e1rio devolve engajamento.<\/p>\n<p style=\"text-align: justify;\">Quando a rotina perde sentido<\/p>\n<p style=\"text-align: justify;\">Motiva\u00e7\u00e3o n\u00e3o \u00e9 combust\u00edvel externo \u2014 \u00e9 coer\u00eancia interna.<\/p>\n<p style=\"text-align: justify;\">Ela nasce quando o que voc\u00ea faz conversa com quem voc\u00ea \u00e9.<\/p>\n<p style=\"text-align: justify;\">Mas, com o tempo, o excesso de demandas e a pressa por resultados desconectam o profissional do pr\u00f3prio prop\u00f3sito.<\/p>\n<p style=\"text-align: justify;\">E \u00e9 a\u00ed que surge o esgotamento emocional: trabalhar muito, entregar bem, mas sentir que nada faz sentido.<\/p>\n<p style=\"text-align: justify;\">O sintoma da desconex\u00e3o<\/p>\n<p style=\"text-align: justify;\">A falta de energia n\u00e3o \u00e9 pregui\u00e7a \u2014 \u00e9 desalinhamento.<\/p>\n<p style=\"text-align: justify;\">\u00c9 o corpo avisando que algo est\u00e1 fora de compasso.<\/p>\n<p style=\"text-align: justify;\">Quando o prop\u00f3sito se perde, a entrega vira obriga\u00e7\u00e3o, e o prazer se transforma em peso.<\/p>\n<p style=\"text-align: justify;\">Por isso, a motiva\u00e7\u00e3o n\u00e3o se recupera com metas, e sim com sentido.<\/p>\n<p style=\"text-align: justify;\">Como reconectar prop\u00f3sito e rotina<\/p>\n<p style=\"text-align: justify;\">Reconectar \u00e9 um processo de tr\u00eas movimentos:<\/p>\n<p style=\"text-align: justify;\">1\ufe0f\u20e3 Reconhecer: identificar o que deixou de fazer sentido.<\/p>\n<p style=\"text-align: justify;\">Quais atividades te drenam? Quais ainda te inspiram?<\/p>\n<p style=\"text-align: justify;\">2\ufe0f\u20e3 Reavaliar: entender se a falta de motiva\u00e7\u00e3o \u00e9 cansa\u00e7o ou desvio de prop\u00f3sito.<\/p>\n<p style=\"text-align: justify;\">3\ufe0f\u20e3 Redirecionar: alinhar pequenas a\u00e7\u00f5es di\u00e1rias ao que tem valor pra voc\u00ea.<\/p>\n<p style=\"text-align: justify;\">\u00c0s vezes, uma simples mudan\u00e7a de foco \u2014 de \u201co que eu preciso fazer\u201d para \u201cpor que isso importa\u201d \u2014 muda toda a energia.<\/p>\n<p style=\"text-align: justify;\">Motiva\u00e7\u00e3o \u00e9 consequ\u00eancia, n\u00e3o meta<\/p>\n<p style=\"text-align: justify;\">Na Mentoria Clarivium, costumo dizer que ningu\u00e9m sustenta alta performance no vazio.<\/p>\n<p style=\"text-align: justify;\">A motiva\u00e7\u00e3o surge quando o prop\u00f3sito \u00e9 vivido, n\u00e3o quando \u00e9 falado.<\/p>\n<p style=\"text-align: justify;\">Ela \u00e9 reflexo da coer\u00eancia \u2014 e coer\u00eancia exige clareza.<\/p>\n<p style=\"text-align: justify;\">Por isso, antes de buscar motiva\u00e7\u00e3o, busque conex\u00e3o.<\/p>\n<p style=\"text-align: justify;\">\u00c9 ela que devolve brilho ao trabalho e leveza \u00e0 entrega.<\/p>\n<p style=\"text-align: justify;\">O poder da reconex\u00e3o<\/p>\n<p style=\"text-align: justify;\">Profissionais conectados n\u00e3o apenas performam melhor \u2014 eles inspiram ao redor.<\/p>\n<p style=\"text-align: justify;\">T\u00eam presen\u00e7a, prop\u00f3sito e discernimento.<\/p>\n<p style=\"text-align: justify;\">Sabem quando acelerar, quando pausar e, principalmente, quando mudar de caminho.<\/p>\n<p style=\"text-align: justify;\">E essa consci\u00eancia \u00e9 o que o mercado mais valoriza hoje: pessoas que n\u00e3o apenas entregam, mas que fazem sentido.<\/p>\n<p style=\"text-align: justify;\">&nbsp;<\/p>\n<p style=\"text-align: justify;\">\ud83d\udcda Sobre as leituras que inspiraram este artigo<\/p>\n<p style=\"text-align: justify;\">Reflex\u00e3o autoral alinhada \u00e0 metodologia Clarivium, com base em estudos de Daniel Goleman e Simon Sinek sobre prop\u00f3sito e autogest\u00e3o emocional.<\/p>\n<p style=\"text-align: justify;\">A desmotiva\u00e7\u00e3o \u00e9 sintoma \u2014 e a reconex\u00e3o, o verdadeiro tratamento.<\/p>\n<p style=\"text-align: justify;\">&nbsp;<\/p>\n<p style=\"text-align: justify;\">Vanessa Cunha<\/p>\n<p style=\"text-align: justify;\">Mentora de Carreira &amp; Consultora de RH Estrat\u00e9gico<\/p>\n<p style=\"text-align: justify;\">\ud83d\udc9c Clareza para pessoas. Estrat\u00e9gias para neg\u00f3cios.<\/p>\n<p style=\"text-align: justify;\">\ud83d\udccd Curitiba | Remoto em todo o Brasil<\/p>\n<p style=\"text-align: justify;\">\ud83d\udce7 vcconsultoriaderh@gmail.com \ud83d\udcf2 (41) 99985-6523&nbsp;&nbsp;<\/p>\n<p style=\"text-align: justify;\">&nbsp;<\/p>\n<p style=\"text-align: justify;\">&nbsp;<\/p>\n","protected":false},"excerpt":{"rendered":"<p>Por Vanessa Cunha Mentora de Carreira e Consultora de RH Estrat\u00e9gico \ud83d\udd17 LinkedIn.com\/in\/vanessaabcunha | \ud83d\udcf8 @vc.consultoriarh &nbsp; Voc\u00ea n\u00e3o est\u00e1 desmotivada \u2014 est\u00e1 desconectada A desmotiva\u00e7\u00e3o raramente come\u00e7a grande. Ela chega aos poucos \u2014 no \u201ctanto faz\u201d da segunda-feira, na falta de brilho nas entregas, na sensa\u00e7\u00e3o de que o trabalho perdeu o sentido. Mas [&hellip;]<\/p>\n","protected":false},"author":1,"featured_media":45286,"comment_status":"open","ping_status":"open","sticky":false,"template":"","format":"standard","meta":{"ngg_post_thumbnail":0,"footnotes":""},"categories":[2,383,41],"tags":[],"class_list":["post-45285","post","type-post","status-publish","format-standard","has-post-thumbnail","hentry","category-destaques","category-gestao-de-carreira","category-ultimasnoticias"],"_links":{"self":[{"href":"https:\/\/somdepapo.com.br\/portal\/wp-json\/wp\/v2\/posts\/45285","targetHints":{"allow":["GET"]}}],"collection":[{"href":"https:\/\/somdepapo.com.br\/portal\/wp-json\/wp\/v2\/posts"}],"about":[{"href":"https:\/\/somdepapo.com.br\/portal\/wp-json\/wp\/v2\/types\/post"}],"author":[{"embeddable":true,"href":"https:\/\/somdepapo.com.br\/portal\/wp-json\/wp\/v2\/users\/1"}],"replies":[{"embeddable":true,"href":"https:\/\/somdepapo.com.br\/portal\/wp-json\/wp\/v2\/comments?post=45285"}],"version-history":[{"count":1,"href":"https:\/\/somdepapo.com.br\/portal\/wp-json\/wp\/v2\/posts\/45285\/revisions"}],"predecessor-version":[{"id":45287,"href":"https:\/\/somdepapo.com.br\/portal\/wp-json\/wp\/v2\/posts\/45285\/revisions\/45287"}],"wp:featuredmedia":[{"embeddable":true,"href":"https:\/\/somdepapo.com.br\/portal\/wp-json\/wp\/v2\/media\/45286"}],"wp:attachment":[{"href":"https:\/\/somdepapo.com.br\/portal\/wp-json\/wp\/v2\/media?parent=45285"}],"wp:term":[{"taxonomy":"category","embeddable":true,"href":"https:\/\/somdepapo.com.br\/portal\/wp-json\/wp\/v2\/categories?post=45285"},{"taxonomy":"post_tag","embeddable":true,"href":"https:\/\/somdepapo.com.br\/portal\/wp-json\/wp\/v2\/tags?post=45285"}],"curies":[{"name":"wp","href":"https:\/\/api.w.org\/{rel}","templated":true}]}}