{"id":45347,"date":"2025-11-21T13:26:51","date_gmt":"2025-11-21T16:26:51","guid":{"rendered":"https:\/\/somdepapo.com.br\/portal\/?p=45347"},"modified":"2025-11-21T13:26:51","modified_gmt":"2025-11-21T16:26:51","slug":"aprendendo-com-as-frustracoes","status":"publish","type":"post","link":"https:\/\/somdepapo.com.br\/portal\/aprendendo-com-as-frustracoes\/","title":{"rendered":"Aprendendo com as frustra\u00e7\u00f5es"},"content":{"rendered":"<p style=\"text-align: justify;\">Aprendendo com \u00e1s frustra\u00e7\u00f5es<\/p>\n<p style=\"text-align: justify;\">Thiago Alves Eduardo &#8211; Psic\u00f3logo&nbsp;<\/p>\n<p style=\"text-align: justify;\">@thiagoalvespsic<\/p>\n<p style=\"text-align: justify;\">A frustra\u00e7\u00e3o \u00e9 uma daquelas presen\u00e7as sutis e inevit\u00e1veis da vida. Ela surge quando nossas expectativas n\u00e3o encontram o mundo como imagin\u00e1vamos, quando o esfor\u00e7o parece n\u00e3o render frutos ou quando algo simplesmente foge do nosso controle. Embora muitos tentem evit\u00e1-la, a verdade \u00e9 que a frustra\u00e7\u00e3o n\u00e3o \u00e9 um erro da vida, \u00e9 parte do processo de viver. E, paradoxalmente, \u00e9 justamente quando paramos para observ\u00e1-la com cuidado que ela deixa de ser apenas inc\u00f4moda e passa a ser transformadora.<\/p>\n<p style=\"text-align: justify;\">Lidar com a frustra\u00e7\u00e3o come\u00e7a com um gesto simples, mas profundo: aceitar a realidade como ela \u00e9, sem renunciar ao que desejamos, mas reconhecendo que nem sempre o caminho ser\u00e1 linear. A aceita\u00e7\u00e3o n\u00e3o \u00e9 resigna\u00e7\u00e3o; \u00e9 maturidade emocional. \u00c9 permitir-se olhar para a situa\u00e7\u00e3o sem fugir dela, entender o que d\u00f3i e descobrir o que essa dor est\u00e1 tentando ensinar.<\/p>\n<p style=\"text-align: justify;\">Em geral, nossas frustra\u00e7\u00f5es revelam duas coisas: uma necessidade n\u00e3o atendida ou uma expectativa que talvez n\u00e3o tenha sido ajustada ao que estava ao nosso alcance naquele momento. \u00c9 por isso que um dos exerc\u00edcios mais poderosos \u00e9 perguntar-se com honestidade: O que exatamente me frustrou? A situa\u00e7\u00e3o em si, ou o que eu esperava dela? Muitas vezes percebemos que n\u00e3o \u00e9 o mundo que nos decepciona, mas as hist\u00f3rias que criamos sobre como ele deveria ser.<\/p>\n<p style=\"text-align: justify;\">Outro passo importante \u00e9 acolher as pr\u00f3prias emo\u00e7\u00f5es. A frustra\u00e7\u00e3o pode vir acompanhada de raiva, tristeza ou sensa\u00e7\u00e3o de incapacidade. Negar esses sentimentos s\u00f3 os prolonga. Permitindo-nos sentir, abrimos espa\u00e7o para compreender. E compreendendo, conseguimos agir com mais clareza. A autocompaix\u00e3o aqui \u00e9 um ingrediente essencial: falar consigo da mesma forma que falaria com algu\u00e9m que ama com gentileza e paci\u00eancia ajuda a desarmar o peso emocional que tantas vezes nos paralisa.<\/p>\n<p style=\"text-align: justify;\">Ap\u00f3s acolher o que se sente, chega o momento de reavaliar o percurso. Nem toda frustra\u00e7\u00e3o indica que devemos desistir; \u00e0s vezes, ela apenas nos convida a mudar a estrat\u00e9gia, ajustar o ritmo ou aprender algo novo. Outras vezes, ela mostra que talvez estejamos insistindo em algo que j\u00e1 n\u00e3o faz sentido ou que n\u00e3o corresponde ao que realmente queremos. Em ambos os casos, a frustra\u00e7\u00e3o funciona como um sinal n\u00e3o um muro intranspon\u00edvel.<\/p>\n<p style=\"text-align: justify;\">Por fim, \u00e9 importante cultivar uma vis\u00e3o mais ampla do processo. Olhando para tr\u00e1s, percebemos que muitos dos momentos em que nos frustramos foram justamente aqueles que nos empurraram para uma nova fase, mais madura e alinhada com quem quer\u00edamos ser. A frustra\u00e7\u00e3o, vista de longe, quase sempre carrega um papel pedag\u00f3gico, ela nos ensina sobre limites, sobre expectativas e, principalmente, sobre n\u00f3s mesmos.<\/p>\n<p style=\"text-align: justify;\">Lidar com a frustra\u00e7\u00e3o, ent\u00e3o, n\u00e3o \u00e9 sobre evit\u00e1-la, mas sobre crescer com ela. \u00c9 transformar desconforto em consci\u00eancia, e consci\u00eancia em movimento. \u00c9 aprender que, mesmo quando algo n\u00e3o sai como planejado, sempre existe a possibilidade de seguir em frente, talvez de um jeito novo, talvez mais forte, talvez mais consciente.<\/p>\n<p style=\"text-align: justify;\">Muitas vezes, o que nos frustra mais \u00e9 a sensa\u00e7\u00e3o de falta de controle. Mas \u00e9 justamente nesses momentos que descobrimos o poder de focar naquilo que depende de n\u00f3s: nossas escolhas, nossa atitude e nossa capacidade de adapta\u00e7\u00e3o. A vida nem sempre responde ao nosso comando, mas sempre nos oferece a chance de responder a ela com sabedoria. Essa mudan\u00e7a de perspectiva do controle para a responsabilidade abre portas para uma liberdade emocional que antes parecia distante.<\/p>\n<p style=\"text-align: justify;\">Outro ponto essencial \u00e9 entender que a frustra\u00e7\u00e3o n\u00e3o precisa ser vivida sozinha. Compartilhar vulnerabilidades com pessoas de confian\u00e7a pode aliviar pesos que carregamos h\u00e1 anos. Quando verbalizamos nossas dores, elas deixam de ser monstros silenciosos e passam a ser experi\u00eancias humanas, comuns, compreens\u00edveis. A escuta acolhedora do outro muitas vezes nos devolve o equil\u00edbrio que perdemos dentro de n\u00f3s mesmos.<\/p>\n<p style=\"text-align: justify;\">E, por fim, vale lembrar que a frustra\u00e7\u00e3o tamb\u00e9m \u00e9 um sinal de que estamos tentando, desejando, nos movendo. Quem n\u00e3o se arrisca raramente se frustra, mas tamb\u00e9m raramente cresce. Cada movimento frustrado \u00e9, de certa forma, uma prova de coragem. E quando percebemos isso, come\u00e7amos a olhar para nossas frustra\u00e7\u00f5es n\u00e3o como falhas, mas como parte do caminho que nos transforma em algu\u00e9m mais consciente, mais forte e mais preparado para os desafios que ainda vir\u00e3o.<\/p>\n<p style=\"text-align: justify;\">Refer\u00eancia bibliogr\u00e1fica<\/p>\n<p style=\"text-align: justify;\">SELIGMAN, Martin E. P. Florescer: uma nova compreens\u00e3o da natureza da felicidade e do bem-estar. Rio de Janeiro: Objetiva, 2011.<\/p>\n<p style=\"text-align: justify;\">&nbsp;<\/p>\n<p style=\"text-align: justify;\">&nbsp;<\/p>\n","protected":false},"excerpt":{"rendered":"<p>Aprendendo com \u00e1s frustra\u00e7\u00f5es Thiago Alves Eduardo &#8211; Psic\u00f3logo&nbsp; @thiagoalvespsic A frustra\u00e7\u00e3o \u00e9 uma daquelas presen\u00e7as sutis e inevit\u00e1veis da vida. Ela surge quando nossas expectativas n\u00e3o encontram o mundo como imagin\u00e1vamos, quando o esfor\u00e7o parece n\u00e3o render frutos ou quando algo simplesmente foge do nosso controle. Embora muitos tentem evit\u00e1-la, a verdade \u00e9 que [&hellip;]<\/p>\n","protected":false},"author":1,"featured_media":45350,"comment_status":"open","ping_status":"open","sticky":false,"template":"","format":"standard","meta":{"ngg_post_thumbnail":0,"footnotes":""},"categories":[2,352,41],"tags":[],"class_list":["post-45347","post","type-post","status-publish","format-standard","has-post-thumbnail","hentry","category-destaques","category-terapias","category-ultimasnoticias"],"_links":{"self":[{"href":"https:\/\/somdepapo.com.br\/portal\/wp-json\/wp\/v2\/posts\/45347","targetHints":{"allow":["GET"]}}],"collection":[{"href":"https:\/\/somdepapo.com.br\/portal\/wp-json\/wp\/v2\/posts"}],"about":[{"href":"https:\/\/somdepapo.com.br\/portal\/wp-json\/wp\/v2\/types\/post"}],"author":[{"embeddable":true,"href":"https:\/\/somdepapo.com.br\/portal\/wp-json\/wp\/v2\/users\/1"}],"replies":[{"embeddable":true,"href":"https:\/\/somdepapo.com.br\/portal\/wp-json\/wp\/v2\/comments?post=45347"}],"version-history":[{"count":1,"href":"https:\/\/somdepapo.com.br\/portal\/wp-json\/wp\/v2\/posts\/45347\/revisions"}],"predecessor-version":[{"id":45351,"href":"https:\/\/somdepapo.com.br\/portal\/wp-json\/wp\/v2\/posts\/45347\/revisions\/45351"}],"wp:featuredmedia":[{"embeddable":true,"href":"https:\/\/somdepapo.com.br\/portal\/wp-json\/wp\/v2\/media\/45350"}],"wp:attachment":[{"href":"https:\/\/somdepapo.com.br\/portal\/wp-json\/wp\/v2\/media?parent=45347"}],"wp:term":[{"taxonomy":"category","embeddable":true,"href":"https:\/\/somdepapo.com.br\/portal\/wp-json\/wp\/v2\/categories?post=45347"},{"taxonomy":"post_tag","embeddable":true,"href":"https:\/\/somdepapo.com.br\/portal\/wp-json\/wp\/v2\/tags?post=45347"}],"curies":[{"name":"wp","href":"https:\/\/api.w.org\/{rel}","templated":true}]}}