{"id":45420,"date":"2025-11-27T08:27:12","date_gmt":"2025-11-27T11:27:12","guid":{"rendered":"https:\/\/somdepapo.com.br\/portal\/?p=45420"},"modified":"2025-11-27T08:28:50","modified_gmt":"2025-11-27T11:28:50","slug":"terramar-praia-do-forte-e-tema-de-livro-de-fotografo-premiado-internacionalmente","status":"publish","type":"post","link":"https:\/\/somdepapo.com.br\/portal\/terramar-praia-do-forte-e-tema-de-livro-de-fotografo-premiado-internacionalmente\/","title":{"rendered":"&#8220;Terramar&#8221;: Praia do Forte \u00e9 tema de livro de fot\u00f3grafo premiado internacionalmente"},"content":{"rendered":"<p style=\"text-align: right;\">Por Reda\u00e7\u00e3o&nbsp;<\/p>\n<p style=\"text-align: justify;\">&nbsp;<\/p>\n<p style=\"text-align: justify;\">Um dos destinos tur\u00edsticos mais visitados do pa\u00eds, rota obrigat\u00f3ria de quem visita a Bahia, as belezas naturais, os personagens do dia a dia e a vida cotidiana de Praia do Forte est\u00e3o sob o olhar \u2014 e a fotografia \u2014 de Eduardo Moody no livro \u201cPraia do Forte \u2013 terrAmar\u201d. O lan\u00e7amento acontece no dia 06 de dezembro, \u00e0s 17h30, em um evento aberto ao p\u00fablico no Projeto Tamar, com entrada gratuita.<\/p>\n<p><img fetchpriority=\"high\" decoding=\"async\" class=\"alignnone size-full wp-image-45421\" src=\"https:\/\/somdepapo.com.br\/portal\/wp-content\/uploads\/2025\/11\/EM26082023-0289-scaled.jpg\" alt=\"\" width=\"2560\" height=\"1656\" srcset=\"https:\/\/somdepapo.com.br\/portal\/wp-content\/uploads\/2025\/11\/EM26082023-0289-scaled.jpg 2560w, https:\/\/somdepapo.com.br\/portal\/wp-content\/uploads\/2025\/11\/EM26082023-0289-300x194.jpg 300w, https:\/\/somdepapo.com.br\/portal\/wp-content\/uploads\/2025\/11\/EM26082023-0289-1024x663.jpg 1024w, https:\/\/somdepapo.com.br\/portal\/wp-content\/uploads\/2025\/11\/EM26082023-0289-768x497.jpg 768w, https:\/\/somdepapo.com.br\/portal\/wp-content\/uploads\/2025\/11\/EM26082023-0289-1536x994.jpg 1536w, https:\/\/somdepapo.com.br\/portal\/wp-content\/uploads\/2025\/11\/EM26082023-0289-2048x1325.jpg 2048w, https:\/\/somdepapo.com.br\/portal\/wp-content\/uploads\/2025\/11\/EM26082023-0289-150x97.jpg 150w, https:\/\/somdepapo.com.br\/portal\/wp-content\/uploads\/2025\/11\/EM26082023-0289-750x485.jpg 750w, https:\/\/somdepapo.com.br\/portal\/wp-content\/uploads\/2025\/11\/EM26082023-0289-1140x738.jpg 1140w\" sizes=\"(max-width: 2560px) 100vw, 2560px\" \/><\/p>\n<p style=\"text-align: justify;\">As imagens capturam a beleza e a diversidade do meio ambiente, al\u00e9m da rica heran\u00e7a art\u00edstico-cultural da comunidade local, que abriga uma tradicional vila de pescadores. O cen\u00e1rio das fotografias tamb\u00e9m inclui patrim\u00f4nios materiais e imateriais. Imagens a\u00e9reas, detalhes da arquitetura local, a rotina dos pescadores, os rostos de personagens e a exuber\u00e2ncia das paisagens e da cultura foram capturadas pelo olhar sens\u00edvel do premiado Moody e reveladas no livro, que tem curadoria da artista visual e doutora em Literatura e Cultura pela Universidade Federal da Bahia (UFBA), Andr\u00e9a Beraldo.<\/p>\n<p><img decoding=\"async\" class=\"alignnone size-full wp-image-45428\" src=\"https:\/\/somdepapo.com.br\/portal\/wp-content\/uploads\/2025\/11\/EM30062018-6225-2-scaled.jpg\" alt=\"\" width=\"1708\" height=\"2560\" srcset=\"https:\/\/somdepapo.com.br\/portal\/wp-content\/uploads\/2025\/11\/EM30062018-6225-2-scaled.jpg 1708w, https:\/\/somdepapo.com.br\/portal\/wp-content\/uploads\/2025\/11\/EM30062018-6225-2-200x300.jpg 200w, https:\/\/somdepapo.com.br\/portal\/wp-content\/uploads\/2025\/11\/EM30062018-6225-2-683x1024.jpg 683w, https:\/\/somdepapo.com.br\/portal\/wp-content\/uploads\/2025\/11\/EM30062018-6225-2-768x1151.jpg 768w, https:\/\/somdepapo.com.br\/portal\/wp-content\/uploads\/2025\/11\/EM30062018-6225-2-1025x1536.jpg 1025w, https:\/\/somdepapo.com.br\/portal\/wp-content\/uploads\/2025\/11\/EM30062018-6225-2-1367x2048.jpg 1367w, https:\/\/somdepapo.com.br\/portal\/wp-content\/uploads\/2025\/11\/EM30062018-6225-2-150x225.jpg 150w, https:\/\/somdepapo.com.br\/portal\/wp-content\/uploads\/2025\/11\/EM30062018-6225-2-750x1124.jpg 750w, https:\/\/somdepapo.com.br\/portal\/wp-content\/uploads\/2025\/11\/EM30062018-6225-2-1140x1708.jpg 1140w\" sizes=\"(max-width: 1708px) 100vw, 1708px\" \/><\/p>\n<p style=\"text-align: justify;\">&nbsp;<\/p>\n<p style=\"text-align: justify;\">Nascido em Salvador, h\u00e1 25 anos o fot\u00f3grafo e artista visual vive e trabalha em Praia do Forte. Ele constr\u00f3i uma obra em que a luz ocupa papel central, seja em ensaios autorais, exposi\u00e7\u00f5es ou projetos editoriais, com fotografias que j\u00e1 foram exibidas em institui\u00e7\u00f5es no Brasil e no exterior, integraram publica\u00e7\u00f5es e acervos p\u00fablicos, e lhe renderam pr\u00eamios de reconhecimento internacional. Tendo na Praia do Forte sua maior inspira\u00e7\u00e3o, o livro tem, segundo o autor, o objetivo de valorizar e difundir a produ\u00e7\u00e3o cultural do destino localizado em Mata de S\u00e3o Jo\u00e3o.&nbsp;<em>\u201cMeu desejo \u00e9 contribuir para a promo\u00e7\u00e3o e a valoriza\u00e7\u00e3o da arte e da cultura local, a exemplo do seu rico artesanato, culin\u00e1ria t\u00edpica, folclore exuberante (como as caretas do carnaval), a persistente cultura ligada \u00e0 pesca, capoeira, rezas e uma por\u00e7\u00e3o de outras manifesta\u00e7\u00f5es que continuam a serem postas em pr\u00e1tica e preservadas no dia a dia da comunidade\u201d<\/em>, conta.<\/p>\n<p style=\"text-align: justify;\"><img decoding=\"async\" class=\"alignnone size-full wp-image-45423\" src=\"https:\/\/somdepapo.com.br\/portal\/wp-content\/uploads\/2025\/11\/EM03122007-0010-scaled.jpg\" alt=\"\" width=\"2560\" height=\"1714\" srcset=\"https:\/\/somdepapo.com.br\/portal\/wp-content\/uploads\/2025\/11\/EM03122007-0010-scaled.jpg 2560w, https:\/\/somdepapo.com.br\/portal\/wp-content\/uploads\/2025\/11\/EM03122007-0010-300x201.jpg 300w, https:\/\/somdepapo.com.br\/portal\/wp-content\/uploads\/2025\/11\/EM03122007-0010-1024x686.jpg 1024w, https:\/\/somdepapo.com.br\/portal\/wp-content\/uploads\/2025\/11\/EM03122007-0010-768x514.jpg 768w, https:\/\/somdepapo.com.br\/portal\/wp-content\/uploads\/2025\/11\/EM03122007-0010-1536x1029.jpg 1536w, https:\/\/somdepapo.com.br\/portal\/wp-content\/uploads\/2025\/11\/EM03122007-0010-2048x1371.jpg 2048w, https:\/\/somdepapo.com.br\/portal\/wp-content\/uploads\/2025\/11\/EM03122007-0010-150x100.jpg 150w, https:\/\/somdepapo.com.br\/portal\/wp-content\/uploads\/2025\/11\/EM03122007-0010-750x502.jpg 750w, https:\/\/somdepapo.com.br\/portal\/wp-content\/uploads\/2025\/11\/EM03122007-0010-1140x763.jpg 1140w\" sizes=\"(max-width: 2560px) 100vw, 2560px\" \/><\/p>\n<p style=\"text-align: justify;\">Para a curadora, o livro respira paix\u00f5es, diz no texto curatorial:&nbsp;<em>\u201cPaix\u00f5es pela terra e pelo mar, pela hist\u00f3ria, pela luz. (&#8230;) Hoje, ao acompanhar a obra de Eduardo Moody, reconhe\u00e7o (&#8230;) o amor como chave de leitura, como energia que molda tanto o gesto art\u00edstico quanto a experi\u00eancia de quem o contempla. Consolidando anos de pesquisa visual, este primeiro livro de Eduardo Moody revela a leitura singular de um territ\u00f3rio que escolheu habitar h\u00e1 mais de duas d\u00e9cadas. (&#8230;) Da experi\u00eancia individual do artista, somos conduzidos \u00e0 dimens\u00e3o coletiva da vila, feita de hist\u00f3ria, natureza e contradi\u00e7\u00f5es\u201d<\/em>.<\/p>\n<p style=\"text-align: justify;\">Este projeto \u00e9 aprovado pelo Minist\u00e9rio da Cultura e usufrui dos benef\u00edcios fiscais previstos na Lei Federal de Incentivo \u00e0 Cultura para a capta\u00e7\u00e3o de recursos.<\/p>\n<p style=\"text-align: justify;\"><img loading=\"lazy\" decoding=\"async\" class=\"alignnone size-full wp-image-45424\" src=\"https:\/\/somdepapo.com.br\/portal\/wp-content\/uploads\/2025\/11\/EM14112010-9947-scaled.jpg\" alt=\"\" width=\"2560\" height=\"2098\" srcset=\"https:\/\/somdepapo.com.br\/portal\/wp-content\/uploads\/2025\/11\/EM14112010-9947-scaled.jpg 2560w, https:\/\/somdepapo.com.br\/portal\/wp-content\/uploads\/2025\/11\/EM14112010-9947-300x246.jpg 300w, https:\/\/somdepapo.com.br\/portal\/wp-content\/uploads\/2025\/11\/EM14112010-9947-1024x839.jpg 1024w, https:\/\/somdepapo.com.br\/portal\/wp-content\/uploads\/2025\/11\/EM14112010-9947-768x630.jpg 768w, https:\/\/somdepapo.com.br\/portal\/wp-content\/uploads\/2025\/11\/EM14112010-9947-1536x1259.jpg 1536w, https:\/\/somdepapo.com.br\/portal\/wp-content\/uploads\/2025\/11\/EM14112010-9947-2048x1679.jpg 2048w, https:\/\/somdepapo.com.br\/portal\/wp-content\/uploads\/2025\/11\/EM14112010-9947-150x123.jpg 150w, https:\/\/somdepapo.com.br\/portal\/wp-content\/uploads\/2025\/11\/EM14112010-9947-750x615.jpg 750w, https:\/\/somdepapo.com.br\/portal\/wp-content\/uploads\/2025\/11\/EM14112010-9947-1140x934.jpg 1140w\" sizes=\"(max-width: 2560px) 100vw, 2560px\" \/> <img loading=\"lazy\" decoding=\"async\" class=\"alignnone size-full wp-image-45425\" src=\"https:\/\/somdepapo.com.br\/portal\/wp-content\/uploads\/2025\/11\/EM04032020-3576-scaled.jpg\" alt=\"\" width=\"2560\" height=\"1703\" srcset=\"https:\/\/somdepapo.com.br\/portal\/wp-content\/uploads\/2025\/11\/EM04032020-3576-scaled.jpg 2560w, https:\/\/somdepapo.com.br\/portal\/wp-content\/uploads\/2025\/11\/EM04032020-3576-300x200.jpg 300w, https:\/\/somdepapo.com.br\/portal\/wp-content\/uploads\/2025\/11\/EM04032020-3576-1024x681.jpg 1024w, https:\/\/somdepapo.com.br\/portal\/wp-content\/uploads\/2025\/11\/EM04032020-3576-768x511.jpg 768w, https:\/\/somdepapo.com.br\/portal\/wp-content\/uploads\/2025\/11\/EM04032020-3576-1536x1022.jpg 1536w, https:\/\/somdepapo.com.br\/portal\/wp-content\/uploads\/2025\/11\/EM04032020-3576-2048x1363.jpg 2048w, https:\/\/somdepapo.com.br\/portal\/wp-content\/uploads\/2025\/11\/EM04032020-3576-150x100.jpg 150w, https:\/\/somdepapo.com.br\/portal\/wp-content\/uploads\/2025\/11\/EM04032020-3576-750x499.jpg 750w, https:\/\/somdepapo.com.br\/portal\/wp-content\/uploads\/2025\/11\/EM04032020-3576-1140x758.jpg 1140w\" sizes=\"(max-width: 2560px) 100vw, 2560px\" \/><\/p>\n<p style=\"text-align: justify;\"><strong>Acessibilidade<\/strong><\/p>\n<p style=\"text-align: justify;\">A escolha do lan\u00e7amento no Projeto Tamar tem um motivo: possibilitar o acesso gratuito do p\u00fablico e da comunidade.&nbsp;<em>\u201cO meu livro \u00e9 uma celebra\u00e7\u00e3o da Praia do Forte. Toda a comunidade est\u00e1 convidada. E no Projeto Tamar, que \u00e9 um s\u00edmbolo do local, uma refer\u00eancia de conserva\u00e7\u00e3o ambiental, de rela\u00e7\u00e3o com os nativos\u201d<\/em>, conta o artista, que quis que, al\u00e9m do evento, a pr\u00f3pria obra tamb\u00e9m tivesse recursos de acessibilidade.&nbsp;As 20 imagens mais representativas do livro contar\u00e3o com faixas de audiodescri\u00e7\u00e3o gravadas na voz de Eduardo Moody, descrevendo, de forma sensorial e detalhada, os elementos visuais e o contexto das obras. Os \u00e1udios estar\u00e3o dispon\u00edveis gratuitamente no hotsite oficial do projeto e poder\u00e3o ser acessados por todos os interessados.&nbsp;O lan\u00e7amento do livro na Praia do Forte contar\u00e1 com a presen\u00e7a de int\u00e9rprete de Libras durante todo o evento, assegurando tradu\u00e7\u00e3o integral das falas do autor e das intera\u00e7\u00f5es com o p\u00fablico.<\/p>\n<p style=\"text-align: justify;\"><strong>Palestras em escolas p\u00fablicas<\/strong><\/p>\n<p style=\"text-align: justify;\">Entre as a\u00e7\u00f5es que integram o lan\u00e7amento do livro, no pr\u00f3ximo ano letivo Eduardo Moody vai visitar escolas p\u00fablicas do Litoral Norte e de Salvador com palestras onde apresentar\u00e1 cerca de 30 fotografias para o p\u00fablico, seguidas de an\u00e1lise semi\u00f3tica e intera\u00e7\u00e3o com a plateia. Um dos locais contemplados ser\u00e1 a AESOS &#8211; Associa\u00e7\u00e3o Educacional Sons no Sil\u00eancio (Salvador), escola voltada estritamente para a educa\u00e7\u00e3o de pessoas surdas, com a presen\u00e7a de int\u00e9rpretes de LIBRAS. O lan\u00e7amento prev\u00ea ainda a distribui\u00e7\u00e3o de exemplares do livro para bibliotecas, escolas p\u00fablicas, Secretarias de Cultura e Minist\u00e9rio da Cultura.<\/p>\n<p style=\"text-align: justify;\">&nbsp;<\/p>\n","protected":false},"excerpt":{"rendered":"<p>Por Reda\u00e7\u00e3o&nbsp; &nbsp; Um dos destinos tur\u00edsticos mais visitados do pa\u00eds, rota obrigat\u00f3ria de quem visita a Bahia, as belezas naturais, os personagens do dia a dia e a vida cotidiana de Praia do Forte est\u00e3o sob o olhar \u2014 e a fotografia \u2014 de Eduardo Moody no livro \u201cPraia do Forte \u2013 terrAmar\u201d. O [&hellip;]<\/p>\n","protected":false},"author":1,"featured_media":45426,"comment_status":"open","ping_status":"open","sticky":false,"template":"","format":"standard","meta":{"ngg_post_thumbnail":0,"footnotes":""},"categories":[14,2,41],"tags":[],"class_list":["post-45420","post","type-post","status-publish","format-standard","has-post-thumbnail","hentry","category-arte-e-literatura","category-destaques","category-ultimasnoticias"],"_links":{"self":[{"href":"https:\/\/somdepapo.com.br\/portal\/wp-json\/wp\/v2\/posts\/45420","targetHints":{"allow":["GET"]}}],"collection":[{"href":"https:\/\/somdepapo.com.br\/portal\/wp-json\/wp\/v2\/posts"}],"about":[{"href":"https:\/\/somdepapo.com.br\/portal\/wp-json\/wp\/v2\/types\/post"}],"author":[{"embeddable":true,"href":"https:\/\/somdepapo.com.br\/portal\/wp-json\/wp\/v2\/users\/1"}],"replies":[{"embeddable":true,"href":"https:\/\/somdepapo.com.br\/portal\/wp-json\/wp\/v2\/comments?post=45420"}],"version-history":[{"count":3,"href":"https:\/\/somdepapo.com.br\/portal\/wp-json\/wp\/v2\/posts\/45420\/revisions"}],"predecessor-version":[{"id":45430,"href":"https:\/\/somdepapo.com.br\/portal\/wp-json\/wp\/v2\/posts\/45420\/revisions\/45430"}],"wp:featuredmedia":[{"embeddable":true,"href":"https:\/\/somdepapo.com.br\/portal\/wp-json\/wp\/v2\/media\/45426"}],"wp:attachment":[{"href":"https:\/\/somdepapo.com.br\/portal\/wp-json\/wp\/v2\/media?parent=45420"}],"wp:term":[{"taxonomy":"category","embeddable":true,"href":"https:\/\/somdepapo.com.br\/portal\/wp-json\/wp\/v2\/categories?post=45420"},{"taxonomy":"post_tag","embeddable":true,"href":"https:\/\/somdepapo.com.br\/portal\/wp-json\/wp\/v2\/tags?post=45420"}],"curies":[{"name":"wp","href":"https:\/\/api.w.org\/{rel}","templated":true}]}}