{"id":45670,"date":"2025-12-11T06:17:19","date_gmt":"2025-12-11T09:17:19","guid":{"rendered":"https:\/\/somdepapo.com.br\/portal\/?p=45670"},"modified":"2025-12-10T20:20:29","modified_gmt":"2025-12-10T23:20:29","slug":"licenciamento-ambiental-em-risco-por-que-a-nova-lei-ameaca-a-constituicao-e-o-meio-ambiente","status":"publish","type":"post","link":"https:\/\/somdepapo.com.br\/portal\/licenciamento-ambiental-em-risco-por-que-a-nova-lei-ameaca-a-constituicao-e-o-meio-ambiente\/","title":{"rendered":"Licenciamento Ambiental em Risco: por que a nova Lei amea\u00e7a a Constitui\u00e7\u00e3o e o meio ambiente?"},"content":{"rendered":"<p style=\"text-align: right;\">Por Andr\u00e9 Henrique&nbsp;<\/p>\n<p style=\"text-align: justify;\">&nbsp;<\/p>\n<p style=\"text-align: justify;\">Recentemente, foi divulgado que promotores e procuradores federais e estaduais apontam que a nova Lei Geral do Licenciamento Ambiental viola pelo menos 13 artigos da Constitui\u00e7\u00e3o Federal de 1988. A acusa\u00e7\u00e3o n\u00e3o pode ser ignorada: ao revisar os procedimentos de licenciamento com a promessa de \u201cdesburocratiza\u00e7\u00e3o\u201d e \u201cagilidade\u201d, o pa\u00eds pode estar abrindo m\u00e3o de direitos fundamentais de prote\u00e7\u00e3o ambiental, participa\u00e7\u00e3o social, seguran\u00e7a jur\u00eddica e igualdade de tratamento, consagrados na Carta Magna.<\/p>\n<p style=\"text-align: justify;\">O que est\u00e1 em jogo n\u00e3o \u00e9 apenas um entrave administrativo, mas a pr\u00f3pria base legal da pol\u00edtica ambiental brasileira.<\/p>\n<p style=\"text-align: justify;\">As mudan\u00e7as na lei e seus problemas estruturais<\/p>\n<p style=\"text-align: justify;\">Exonera\u00e7\u00e3o de estudos e autopreenchimento (\u201cself-licensing\u201d)<\/p>\n<p style=\"text-align: justify;\">A nova lei amplia mecanismos como a Licen\u00e7a por Ades\u00e3o e Compromisso (LAC), que permite a autorregula\u00e7\u00e3o pelas empresas, sem a exig\u00eancia obrigat\u00f3ria de estudos ambientais pr\u00e9vios ou avalia\u00e7\u00e3o t\u00e9cnica rigorosa.&nbsp;<\/p>\n<p style=\"text-align: justify;\">Tamb\u00e9m mant\u00e9m a possibilidade da Licen\u00e7a Ambiental Especial (LAE) para \u201cempreendimentos estrat\u00e9gicos\u201d, com dispensa de exig\u00eancias tradicionais sob o pretexto de promover infraestrutura e desenvolvimento r\u00e1pido.&nbsp;<\/p>\n<p style=\"text-align: justify;\">Com isso, empreendimentos potencialmente poluidores como minera\u00e7\u00e3o, obras de infraestrutura, agropecu\u00e1ria intensiva podem ser aprovados sem a devida avalia\u00e7\u00e3o de impactos imediatos e cumulativos, violando o princ\u00edpio constitucional da prote\u00e7\u00e3o ao meio ambiente e da preven\u00e7\u00e3o de danos.<\/p>\n<p style=\"text-align: justify;\">Fragiliza\u00e7\u00e3o da participa\u00e7\u00e3o social e dos direitos de comunidades tradicionais<\/p>\n<p style=\"text-align: justify;\">Ag\u00eancias ambientais, popula\u00e7\u00f5es ind\u00edgenas, quilombolas e comunidades tradicionais perdem voz: a lei reduz os mecanismos de consulta p\u00fablica e simplifica o processo de licenciamento, muitas vezes ignorando a real diversidade territorial e a complexidade socioambiental brasileira.&nbsp;<\/p>\n<p style=\"text-align: justify;\">Esse retrocesso contraria os artigos constitucionais que garantem direito ao meio ambiente ecologicamente equilibrado e a participa\u00e7\u00e3o da popula\u00e7\u00e3o na defesa desse direito.<\/p>\n<p style=\"text-align: justify;\">Centraliza\u00e7\u00e3o de poder nas m\u00e3os do empreendedor e inseguran\u00e7a jur\u00eddica<\/p>\n<p style=\"text-align: justify;\">Ao permitir autoriza\u00e7\u00f5es autom\u00e1ticas ou simplificadas, a lei transfere o \u00f4nus da prova para o Estado que caberia a \u00f3rg\u00e3os p\u00fablicos demonstrar o risco ou dano, e n\u00e3o \u00e0 empresa demonstrar a seguran\u00e7a ambiental. Esse desequil\u00edbrio fragiliza o princ\u00edpio da precau\u00e7\u00e3o e abre espa\u00e7o para lit\u00edgios intermin\u00e1veis, impunidade e impasses judiciais.<\/p>\n<p style=\"text-align: justify;\">Al\u00e9m disso, o sistema deixa de lado o controle preventivo e passa a depender de fiscaliza\u00e7\u00e3o posterior, quando os danos j\u00e1 podem ser irrevers\u00edveis.<\/p>\n<p style=\"text-align: justify;\">Consequ\u00eancias para a natureza, o clima e a sociedade.<\/p>\n<p style=\"text-align: justify;\">A ado\u00e7\u00e3o dessas brechas legislativas n\u00e3o \u00e9 apenas hip\u00f3crita, \u00e9 perigosa. Especialistas e organiza\u00e7\u00f5es ambientais j\u00e1 alertam para os impactos poss\u00edveis: aumento acelerado de desmatamento, degrada\u00e7\u00e3o de biomas sens\u00edveis, contamina\u00e7\u00e3o de solo e \u00e1gua, eros\u00e3o de direitos de comunidades tradicionais, e retrocesso na agenda de conserva\u00e7\u00e3o e clima.&nbsp;<\/p>\n<p style=\"text-align: justify;\">O risco \u00e9 perder instrumentos de prote\u00e7\u00e3o essenciais num momento em que o mundo exige a\u00e7\u00f5es concretas contra a crise clim\u00e1tica, preserva\u00e7\u00e3o da biodiversidade e justi\u00e7a ambiental. Uma lei que supostamente regula o licenciamento, mas que fragiliza salvaguardas, \u00e9, na pr\u00e1tica, um convite ao desrespeito ambiental.<\/p>\n<p style=\"text-align: justify;\">Por que o argumento de \u201cagilidade\u201d n\u00e3o se sustenta.<\/p>\n<p style=\"text-align: justify;\">Proponentes da lei afirmam que ela moderniza o licenciamento, agiliza obras e impulsiona o desenvolvimento. Mas essa ret\u00f3rica ignora que:<\/p>\n<p style=\"text-align: justify;\">A velocidade n\u00e3o garante qualidade;<\/p>\n<p style=\"text-align: justify;\">Impactos ambientais e sociais n\u00e3o t\u00eam pressa: acumulam-se silenciosamente;<\/p>\n<p style=\"text-align: justify;\">A destrui\u00e7\u00e3o de ecossistemas e a viola\u00e7\u00e3o de direitos n\u00e3o podem ser medidas em dias ou meses, mas geram danos irrevers\u00edveis por d\u00e9cadas;<\/p>\n<p style=\"text-align: justify;\">A boiada muda de prefeito, de governo, mas a devasta\u00e7\u00e3o permanece.<\/p>\n<p style=\"text-align: justify;\">No fim das contas, a \u201cefici\u00eancia\u201d que convincente apenas no papel pode custar caro para o Brasil: em clima, biodiversidade e soberania ambiental.<\/p>\n<p style=\"text-align: justify;\">Urg\u00eancia de resist\u00eancia institucional e cidad\u00e3<\/p>\n<p style=\"text-align: justify;\">Diante desse cen\u00e1rio, cabe a promotores, procuradores, entidades de fiscaliza\u00e7\u00e3o, magistrados, organiza\u00e7\u00f5es ambientais e cidad\u00e3os comuns:<\/p>\n<p style=\"text-align: justify;\">Acionar o controle de constitucionalidade da lei;<\/p>\n<p style=\"text-align: justify;\">Exigir transpar\u00eancia total nos processos de licenciamento: estudos ambientais, relat\u00f3rios, condicionantes e monitoramento;<\/p>\n<p style=\"text-align: justify;\">Garantir participa\u00e7\u00e3o social real e representativa, sobretudo de comunidades locais e tradicionais;<\/p>\n<p style=\"text-align: justify;\">Manter a press\u00e3o por governo com compromisso ambiental e com as leis;<\/p>\n<p style=\"text-align: justify;\">Rejeitar o \u201cauto-licenciamento\u201d como solu\u00e7\u00e3o para o desenvolvimento, porque desenvolvimento sem prote\u00e7\u00e3o n\u00e3o \u00e9 progresso, \u00e9 retrocesso.<\/p>\n<p style=\"text-align: justify;\">Conclus\u00e3o: mais do que um retrocesso t\u00e9cnico, um ataque \u00e0 Constitui\u00e7\u00e3o<\/p>\n<p style=\"text-align: justify;\">Se a lei representa de fato a viola\u00e7\u00e3o de 13 artigos da Constitui\u00e7\u00e3o, ela n\u00e3o configura mero ajuste administrativo, \u00e9 tentativa de minar a base do Estado de Direito Ambiental no Brasil.<\/p>\n<p style=\"text-align: justify;\">O licenciamento ambiental n\u00e3o pode ser reduzido a um carimbo de conveni\u00eancia. Ele \u00e9 um instrumento constitucional, t\u00e9cnico, social e \u00e9tico de prote\u00e7\u00e3o da vida, das florestas, dos rios e da diversidade que sustenta nossa na\u00e7\u00e3o.<\/p>\n<p style=\"text-align: justify;\">Revog\u00e1-lo, fragiliz\u00e1-lo ou tornar sua aplica\u00e7\u00e3o opcional \u00e9 jogar fora d\u00e9cadas de constru\u00e7\u00e3o legal, e abrir as portas para uma devasta\u00e7\u00e3o irrevers\u00edvel.<\/p>\n<p style=\"text-align: justify;\">Se voc\u00ea deseja aprender mais sobre como iniciar na \u00e1rea ambiental e fazer a diferen\u00e7a no mercado de trabalho, confira o eBook &#8220;Como Iniciar sua Consultoria Ambiental&#8221; dispon\u00edvel na Hotmart. Com ele, voc\u00ea ter\u00e1 um guia pr\u00e1tico para iniciar nas carreiras ambientais.<\/p>\n<p style=\"text-align: justify;\">Andr\u00e9 Henrique de Rezende Almeida<\/p>\n<p style=\"text-align: justify;\">@BIOLOGOANDREHENRIQUE<\/p>\n<p style=\"text-align: justify;\">Bi\u00f3logo CRBIO 02: 60.945<\/p>\n<p style=\"text-align: justify;\">Engenheiro Ambiental CREA: ES-055476\/D<\/p>\n<p style=\"text-align: justify;\">&nbsp;<\/p>\n<p style=\"text-align: justify;\">&nbsp;<\/p>\n","protected":false},"excerpt":{"rendered":"<p>Por Andr\u00e9 Henrique&nbsp; &nbsp; Recentemente, foi divulgado que promotores e procuradores federais e estaduais apontam que a nova Lei Geral do Licenciamento Ambiental viola pelo menos 13 artigos da Constitui\u00e7\u00e3o Federal de 1988. A acusa\u00e7\u00e3o n\u00e3o pode ser ignorada: ao revisar os procedimentos de licenciamento com a promessa de \u201cdesburocratiza\u00e7\u00e3o\u201d e \u201cagilidade\u201d, o pa\u00eds pode [&hellip;]<\/p>\n","protected":false},"author":1,"featured_media":45671,"comment_status":"open","ping_status":"open","sticky":false,"template":"","format":"standard","meta":{"ngg_post_thumbnail":0,"footnotes":""},"categories":[2,345,31,41],"tags":[],"class_list":["post-45670","post","type-post","status-publish","format-standard","has-post-thumbnail","hentry","category-destaques","category-meio-ambiente","category-noticias","category-ultimasnoticias"],"_links":{"self":[{"href":"https:\/\/somdepapo.com.br\/portal\/wp-json\/wp\/v2\/posts\/45670","targetHints":{"allow":["GET"]}}],"collection":[{"href":"https:\/\/somdepapo.com.br\/portal\/wp-json\/wp\/v2\/posts"}],"about":[{"href":"https:\/\/somdepapo.com.br\/portal\/wp-json\/wp\/v2\/types\/post"}],"author":[{"embeddable":true,"href":"https:\/\/somdepapo.com.br\/portal\/wp-json\/wp\/v2\/users\/1"}],"replies":[{"embeddable":true,"href":"https:\/\/somdepapo.com.br\/portal\/wp-json\/wp\/v2\/comments?post=45670"}],"version-history":[{"count":1,"href":"https:\/\/somdepapo.com.br\/portal\/wp-json\/wp\/v2\/posts\/45670\/revisions"}],"predecessor-version":[{"id":45672,"href":"https:\/\/somdepapo.com.br\/portal\/wp-json\/wp\/v2\/posts\/45670\/revisions\/45672"}],"wp:featuredmedia":[{"embeddable":true,"href":"https:\/\/somdepapo.com.br\/portal\/wp-json\/wp\/v2\/media\/45671"}],"wp:attachment":[{"href":"https:\/\/somdepapo.com.br\/portal\/wp-json\/wp\/v2\/media?parent=45670"}],"wp:term":[{"taxonomy":"category","embeddable":true,"href":"https:\/\/somdepapo.com.br\/portal\/wp-json\/wp\/v2\/categories?post=45670"},{"taxonomy":"post_tag","embeddable":true,"href":"https:\/\/somdepapo.com.br\/portal\/wp-json\/wp\/v2\/tags?post=45670"}],"curies":[{"name":"wp","href":"https:\/\/api.w.org\/{rel}","templated":true}]}}