{"id":45719,"date":"2025-12-13T14:40:09","date_gmt":"2025-12-13T17:40:09","guid":{"rendered":"https:\/\/somdepapo.com.br\/portal\/?p=45719"},"modified":"2025-12-13T14:40:09","modified_gmt":"2025-12-13T17:40:09","slug":"a-sociedade-do-cansaco-por-que-andamos-atualmente-tao-exaustos-e-sem-tempo","status":"publish","type":"post","link":"https:\/\/somdepapo.com.br\/portal\/a-sociedade-do-cansaco-por-que-andamos-atualmente-tao-exaustos-e-sem-tempo\/","title":{"rendered":"A Sociedade do Cansa\u00e7o: Por que andamos atualmente t\u00e3o exaustos e &#8220;sem tempo&#8221;?"},"content":{"rendered":"<p style=\"text-align: right;\">Por Gilanio Calixto.<\/p>\n<p style=\"text-align: justify;\">&nbsp;<\/p>\n<p style=\"text-align: justify;\">&nbsp;Vivemos a era da velocidade. Tudo \u00e9 urgente, tudo \u00e9 imediato, tudo exige resposta. A tecnologia, que nasceu para facilitar a vida, tornou-se tamb\u00e9m uma fonte silenciosa de exaust\u00e3o emocional. Nunca tivemos tanto acesso \u00e0 informa\u00e7\u00e3o, \u00e0s pessoas e \u00e0s oportunidades \u2014 e, paradoxalmente, nunca estivemos t\u00e3o cansados, ansiosos e sobrecarregados. O cansa\u00e7o contempor\u00e2neo n\u00e3o \u00e9 apenas f\u00edsico. Ele \u00e9 mental, emocional e existencial. O excesso de est\u00edmulos e a perda do sil\u00eancio.<\/p>\n<p style=\"text-align: justify;\">&nbsp;Notifica\u00e7\u00f5es constantes, redes sociais, cobran\u00e7as profissionais, compara\u00e7\u00f5es di\u00e1rias e a sensa\u00e7\u00e3o de que estamos sempre atrasados criaram uma cultura do esgotamento. O sil\u00eancio, o descanso e o \u00f3cio passaram a ser vistos como improdutivos, quase um erro. A mente humana, por\u00e9m, n\u00e3o foi feita para funcionar sem pausas. Quando n\u00e3o h\u00e1 espa\u00e7o para respirar, refletir e simplesmente existir, o resultado \u00e9 o adoecimento emocional.<\/p>\n<p style=\"text-align: justify;\">&nbsp;Um dos grandes paradoxos do nosso tempo \u00e9 a glorifica\u00e7\u00e3o do cansa\u00e7o. Estar ocupado virou sin\u00f4nimo de sucesso. Descansar gera culpa. Dizer \u201cn\u00e3o\u201d parece fracasso. Essa l\u00f3gica cria uma produtividade t\u00f3xica, na qual o valor da pessoa \u00e9 medido pelo quanto ela produz, e n\u00e3o pelo que ela \u00e9. Com isso, rela\u00e7\u00f5es se tornam superficiais, o prazer diminui e a vida perde profundidade. A solid\u00e3o em meio \u00e0 multid\u00e3o digital.<\/p>\n<p style=\"text-align: justify;\">&nbsp;<\/p>\n<p style=\"text-align: justify;\">&nbsp;Apesar da hiperconectividade, cresce o sentimento de solid\u00e3o. Conversamos muito, mas nos conectamos pouco. Compartilhamos imagens, mas escondemos sentimentos. A busca por valida\u00e7\u00e3o externa substituiu o autoconhecimento, e o medo de ficar sozinho nos afastou de n\u00f3s mesmos. Uma produtividade t\u00f3xica e a culpa por descansar est\u00e1 em todos os niveis da sociedade atual. Mas ent\u00e3o o que podemos fazer? Cabe a cada um procurar fazer sua parte.<\/p>\n<p style=\"text-align: justify;\">&nbsp;A solid\u00e3o moderna n\u00e3o \u00e9 a aus\u00eancia de pessoas, mas a aus\u00eancia de v\u00ednculos verdadeiros. O corpo e a mente pedindo socorro. Ansiedade, ins\u00f4nia, depress\u00e3o, s\u00edndrome de burnout e crises de p\u00e2nico tornaram-se comuns. O corpo, muitas vezes ignorado, passa a falar atrav\u00e9s de dores, cansa\u00e7o extremo e doen\u00e7as emocionais. Esses sinais n\u00e3o s\u00e3o fraqueza \u2014 s\u00e3o pedidos de ajuda.&nbsp;<\/p>\n<p style=\"text-align: justify;\">&nbsp;Desacelerar n\u00e3o significa desistir, mas escolher com mais consci\u00eancia. Significa colocar limites, respeitar o pr\u00f3prio ritmo, valorizar o presente e reconstruir prioridades. \u00c9 um movimento silencioso, mas profundamente transformador. Talvez o verdadeiro progresso do nosso tempo n\u00e3o esteja em fazer mais, mas em viver melhor.&nbsp;<\/p>\n<p style=\"text-align: justify;\">&nbsp;Aprender a escutar esses sinais \u00e9 um ato de coragem e autocuidado. A necessidade urgente de desacelerar, em um mundo que exige pressa, escolher a calma \u00e9 um ato revolucion\u00e1rio. Procure n\u00e3o acelerar audios, videos e mensagens, fa\u00e7a sua parte e ver\u00e1s as mudan\u00e7as de maior qualidade de vida acontecer. Tente!! Experimente!!!<\/p>\n<p style=\"text-align: justify;\">&nbsp;<\/p>\n<p style=\"text-align: justify;\">&nbsp;<\/p>\n<p style=\"text-align: justify;\">Gostou da abordagem?<\/p>\n<p style=\"text-align: justify;\">&nbsp;<\/p>\n<p style=\"text-align: justify;\">Fonte: Contexto retirada de meu livro \u2013 Degraus de Deus para uma Vida Nova!! e imagens de internet.<\/p>\n<p style=\"text-align: justify;\">&nbsp;<\/p>\n<p style=\"text-align: justify;\">&nbsp; &nbsp; Quer saber mais sobre estes assuntos e outros? Me segue nas redes sociais e l\u00e1 ter\u00e1s mais dicas e informa\u00e7\u00f5es. @gilaniocalixtoadv; @mcrereser.<\/p>\n<p style=\"text-align: justify;\">&nbsp;<\/p>\n<p style=\"text-align: justify;\">Gilanio Calixto Velez<\/p>\n<p style=\"text-align: justify;\">Advogado e Professor<\/p>\n<p style=\"text-align: justify;\">&nbsp;<\/p>\n<p style=\"text-align: justify;\">Advogado especialista em Direito Previdenci\u00e1rio e em Direito de Familia<\/p>\n<p style=\"text-align: justify;\">Professor Universit\u00e1rio em Direitos Humanos e Educa\u00e7\u00e3o Emocional<\/p>\n<p style=\"text-align: justify;\">Palestrante Motivacional e de Carreira Profissional e Autor de Livros<\/p>\n<p style=\"text-align: justify;\">Fundador do Instituto de Desenvolvimento Humano &#8211; Crer &amp; Ser \u2013 Metodologia e Projeto de Vida &#8211; Campina Grande \u2013 PB e Queimadas \u2013 PB<\/p>\n<p style=\"text-align: justify;\">Perfil no Instagram: @gilaniocalixtoadv; @mcrereser<\/p>\n<p style=\"text-align: justify;\">Email: gcalixtoadvocacia@gmail.com ; fone: (83).9.9866.3639<\/p>\n<p style=\"text-align: justify;\">&nbsp;<\/p>\n<p style=\"text-align: justify;\">&nbsp;<\/p>\n","protected":false},"excerpt":{"rendered":"<p>Por Gilanio Calixto. &nbsp; &nbsp;Vivemos a era da velocidade. Tudo \u00e9 urgente, tudo \u00e9 imediato, tudo exige resposta. A tecnologia, que nasceu para facilitar a vida, tornou-se tamb\u00e9m uma fonte silenciosa de exaust\u00e3o emocional. Nunca tivemos tanto acesso \u00e0 informa\u00e7\u00e3o, \u00e0s pessoas e \u00e0s oportunidades \u2014 e, paradoxalmente, nunca estivemos t\u00e3o cansados, ansiosos e sobrecarregados. [&hellip;]<\/p>\n","protected":false},"author":1,"featured_media":45720,"comment_status":"open","ping_status":"open","sticky":false,"template":"","format":"standard","meta":{"ngg_post_thumbnail":0,"footnotes":""},"categories":[225,2,41],"tags":[],"class_list":["post-45719","post","type-post","status-publish","format-standard","has-post-thumbnail","hentry","category-cidadania","category-destaques","category-ultimasnoticias"],"_links":{"self":[{"href":"https:\/\/somdepapo.com.br\/portal\/wp-json\/wp\/v2\/posts\/45719","targetHints":{"allow":["GET"]}}],"collection":[{"href":"https:\/\/somdepapo.com.br\/portal\/wp-json\/wp\/v2\/posts"}],"about":[{"href":"https:\/\/somdepapo.com.br\/portal\/wp-json\/wp\/v2\/types\/post"}],"author":[{"embeddable":true,"href":"https:\/\/somdepapo.com.br\/portal\/wp-json\/wp\/v2\/users\/1"}],"replies":[{"embeddable":true,"href":"https:\/\/somdepapo.com.br\/portal\/wp-json\/wp\/v2\/comments?post=45719"}],"version-history":[{"count":1,"href":"https:\/\/somdepapo.com.br\/portal\/wp-json\/wp\/v2\/posts\/45719\/revisions"}],"predecessor-version":[{"id":45721,"href":"https:\/\/somdepapo.com.br\/portal\/wp-json\/wp\/v2\/posts\/45719\/revisions\/45721"}],"wp:featuredmedia":[{"embeddable":true,"href":"https:\/\/somdepapo.com.br\/portal\/wp-json\/wp\/v2\/media\/45720"}],"wp:attachment":[{"href":"https:\/\/somdepapo.com.br\/portal\/wp-json\/wp\/v2\/media?parent=45719"}],"wp:term":[{"taxonomy":"category","embeddable":true,"href":"https:\/\/somdepapo.com.br\/portal\/wp-json\/wp\/v2\/categories?post=45719"},{"taxonomy":"post_tag","embeddable":true,"href":"https:\/\/somdepapo.com.br\/portal\/wp-json\/wp\/v2\/tags?post=45719"}],"curies":[{"name":"wp","href":"https:\/\/api.w.org\/{rel}","templated":true}]}}