{"id":45783,"date":"2025-12-18T09:07:48","date_gmt":"2025-12-18T12:07:48","guid":{"rendered":"https:\/\/somdepapo.com.br\/portal\/?p=45783"},"modified":"2025-12-18T09:07:48","modified_gmt":"2025-12-18T12:07:48","slug":"saneamento-basico-no-brasil-um-direito-ainda-longe-da-universalizacao","status":"publish","type":"post","link":"https:\/\/somdepapo.com.br\/portal\/saneamento-basico-no-brasil-um-direito-ainda-longe-da-universalizacao\/","title":{"rendered":"Saneamento B\u00e1sico no Brasil: Um Direito ainda longe da Universaliza\u00e7\u00e3o"},"content":{"rendered":"<p style=\"text-align: right;\">Por Andr\u00e9 Henrique&nbsp;<\/p>\n<p style=\"text-align: justify;\">&nbsp;<\/p>\n<p style=\"text-align: justify;\">A not\u00edcia de que menos de 3 % das cidades brasileiras est\u00e3o perto da universaliza\u00e7\u00e3o dos servi\u00e7os de saneamento b\u00e1sico exp\u00f5e uma realidade que choca pela sua discrep\u00e2ncia: em um pa\u00eds com mais de 5 500 munic\u00edpios, a grande maioria ainda n\u00e3o garante acesso adequado \u00e0 \u00e1gua pot\u00e1vel e ao tratamento de esgoto de forma ampla e efetiva. Essa estat\u00edstica demonstra que, apesar de legisla\u00e7\u00f5es e marcos legais recentes voltados para melhorar o setor, o Brasil ainda enfrenta um dos maiores desafios de infraestrutura e sa\u00fade p\u00fablica de sua hist\u00f3ria recente, com impactos sociais, econ\u00f4micos e ambientais profundos.&nbsp;<\/p>\n<p style=\"text-align: justify;\">A import\u00e2ncia do saneamento b\u00e1sico para a sa\u00fade p\u00fablica<\/p>\n<p style=\"text-align: justify;\">O saneamento b\u00e1sico n\u00e3o se resume \u00e0 coleta de lixo ou \u00e0 distribui\u00e7\u00e3o de \u00e1gua; ele envolve um conjunto de servi\u00e7os que incluem abastecimento de \u00e1gua tratada, coleta e tratamento de esgoto, manejo de res\u00edduos s\u00f3lidos e drenagem urbana. Quando esses servi\u00e7os s\u00e3o insuficientes ou inexistentes, surgem consequ\u00eancias imediatas e graves para a sa\u00fade da popula\u00e7\u00e3o.<\/p>\n<p style=\"text-align: justify;\">Doen\u00e7as de veicula\u00e7\u00e3o h\u00eddrica, como diarreias, hepatites, esquistossomose, leptospirose, proliferam em ambientes com esgoto a c\u00e9u aberto e \u00e1gua contaminada. Estudos mostram que a falta de saneamento est\u00e1 diretamente associada a eleva\u00e7\u00f5es nas taxas de hospitaliza\u00e7\u00f5es, especialmente em crian\u00e7as pequenas, e ao aumento da mortalidade evit\u00e1vel. Uma nota t\u00e9cnica do Instituto Mobilidade e Desenvolvimento Social aponta que munic\u00edpios com baixa cobertura de saneamento apresentam taxas de hospitaliza\u00e7\u00e3o muito superiores \u00e0s de localidades com servi\u00e7os adequados.&nbsp;<\/p>\n<p style=\"text-align: justify;\">Al\u00e9m disso, a aus\u00eancia de saneamento agrava vulnerabilidades sociais j\u00e1 existentes, afetando principalmente popula\u00e7\u00f5es pobres e residentes em \u00e1reas perif\u00e9ricas ou rurais, onde a infraestrutura \u00e9 ainda mais prec\u00e1ria.<\/p>\n<p style=\"text-align: justify;\">Universaliza\u00e7\u00e3o: meta ambiciosa, obst\u00e1culos reais<\/p>\n<p style=\"text-align: justify;\">O Novo Marco Legal do Saneamento B\u00e1sico (Lei n\u00ba 14.026\/2020) estabeleceu metas objetivas:<\/p>\n<p style=\"text-align: justify;\">&#8211; 99 % da popula\u00e7\u00e3o com acesso \u00e0 \u00e1gua pot\u00e1vel e<\/p>\n<p style=\"text-align: justify;\">&#8211; 90 % com coleta e tratamento de esgoto at\u00e9 2033.&nbsp;<\/p>\n<p style=\"text-align: justify;\">No entanto, os n\u00fameros dispon\u00edveis em 2025 revelam que a grande maioria dos munic\u00edpios ainda est\u00e1 muito distante desses objetivos. Enquanto algumas cidades, especialmente no Sudeste e Sul, conseguem cobertura quase plena, outras regi\u00f5es enfrentam \u00edndices extremamente baixos tanto no acesso \u00e0 \u00e1gua quanto ao esgoto.&nbsp;<\/p>\n<p style=\"text-align: justify;\">Essa desigualdade regional mostra que as pol\u00edticas p\u00fablicas ainda n\u00e3o alcan\u00e7aram uniformidade efetiva. Munic\u00edpios pequenos e economicamente vulner\u00e1veis, sobretudo no Norte e Nordeste, ainda carecem de investimentos robustos e de capacidade t\u00e9cnica para manter a expans\u00e3o das redes de saneamento.<\/p>\n<p style=\"text-align: justify;\">Impactos econ\u00f4micos da falta de saneamento<\/p>\n<p style=\"text-align: justify;\">A aus\u00eancia de saneamento extrapola a sa\u00fade e afeta diretamente a economia. A economia de um munic\u00edpio ou estado sofre quando grande parte dos recursos \u00e9 gasta com tratamento de doen\u00e7as evit\u00e1veis, absente\u00edsmo no trabalho, menor produtividade e menores oportunidades de desenvolvimento econ\u00f4mico local.<\/p>\n<p style=\"text-align: justify;\">Relat\u00f3rios e audi\u00eancias p\u00fablicas no Senado apontam que seriam necess\u00e1rios cerca de R$ 900 bilh\u00f5es para que o Brasil possa realmente universalizar os servi\u00e7os at\u00e9 2033, um valor alto, mas compat\u00edvel com os benef\u00edcios sociais e econ\u00f4micos gerados pela universaliza\u00e7\u00e3o.&nbsp;<\/p>\n<p style=\"text-align: justify;\">Al\u00e9m disso, estudos demonstram que cada R$ 1,00 investido em saneamento b\u00e1sico pode resultar em R$ 4,00 a R$ 5,00 economizados em custos de sa\u00fade, evidenciando o retorno social e econ\u00f4mico de investir nessa infraestrutura essencial.&nbsp;<\/p>\n<p style=\"text-align: justify;\">Saneamento e meio ambiente: uma rela\u00e7\u00e3o insepar\u00e1vel<\/p>\n<p style=\"text-align: justify;\">O saneamento b\u00e1sico tamb\u00e9m est\u00e1 profundamente ligado \u00e0 preserva\u00e7\u00e3o ambiental. Sem tratamento adequado de esgotos, rios, lagos e cursos d\u2019\u00e1gua recebem cargas org\u00e2nicas elevadas que afetam a biodiversidade aqu\u00e1tica, contaminam mananciais e prejudicam ecossistemas inteiros.&nbsp;<\/p>\n<p style=\"text-align: justify;\">A polui\u00e7\u00e3o h\u00eddrica ainda impacta \u00e1reas de recarga de aqu\u00edferos e afeta a disponibilidade de \u00e1gua de boa qualidade, comprometendo futuros abastecimentos. Quando consideramos que o Brasil \u00e9 lar de grandes bacias hidrogr\u00e1ficas e uma das maiores reservas de \u00e1gua doce do planeta, a falta de saneamento se torna um paradoxo grave: teremos \u00e1gua, mas ela ser\u00e1 inadequada para uso seguro ou saud\u00e1vel se continuarmos a contaminar nossos recursos naturais.<\/p>\n<p style=\"text-align: justify;\">Desafios e caminhos para o futuro<\/p>\n<p style=\"text-align: justify;\">Embora o quadro seja preocupante, existem experi\u00eancias de sucesso que demonstram que a universaliza\u00e7\u00e3o \u00e9 poss\u00edvel. Alguns munic\u00edpios brasileiros j\u00e1 alcan\u00e7aram n\u00edveis plenos de atendimento com \u00e1gua pot\u00e1vel e esgoto coletado e tratado, casos que servem de modelo e inspira\u00e7\u00e3o para outras localidades.&nbsp;<\/p>\n<p style=\"text-align: justify;\">Mas para avan\u00e7ar de fato, \u00e9 preciso:<\/p>\n<p style=\"text-align: justify;\">Aumentar investimentos p\u00fablicos e privados de forma articulada;<\/p>\n<p style=\"text-align: justify;\">Fortalecer a regula\u00e7\u00e3o e a governan\u00e7a dos servi\u00e7os de \u00e1gua e esgoto;<\/p>\n<p style=\"text-align: justify;\">Garantir financiamento sustent\u00e1vel que n\u00e3o onere excessivamente os usu\u00e1rios;<\/p>\n<p style=\"text-align: justify;\">Fomentar parcerias entre munic\u00edpios maiores e menores para compartilhamento de infraestrutura e capacidade t\u00e9cnica;<\/p>\n<p style=\"text-align: justify;\">Ampliar a conscientiza\u00e7\u00e3o p\u00fablica sobre como saneamento est\u00e1 ligado \u00e0 sa\u00fade, dignidade humana e desenvolvimento econ\u00f4mico.<\/p>\n<p style=\"text-align: justify;\">Conclus\u00e3o<\/p>\n<p style=\"text-align: justify;\">A realidade de que menos de 3 % das cidades brasileiras est\u00e3o perto da universaliza\u00e7\u00e3o do saneamento evidencia um problema estrutural, n\u00e3o apenas de infraestrutura, mas tamb\u00e9m de prioridade pol\u00edtica e consci\u00eancia social. Saneamento b\u00e1sico \u00e9 muito mais do que rede de canos; ele \u00e9 um direito constitucional, conectado \u00e0 dignidade da pessoa humana, \u00e0 sa\u00fade p\u00fablica, ao meio ambiente equilibrado e ao desenvolvimento sustent\u00e1vel.&nbsp;<\/p>\n<p style=\"text-align: justify;\">Investir em saneamento n\u00e3o \u00e9 apenas uma pol\u00edtica p\u00fablica: \u00e9 uma decis\u00e3o estrat\u00e9gica de sa\u00fade, economia e justi\u00e7a social. E, \u00e0 medida que caminhamos para 2033, n\u00e3o podemos mais adiar essa agenda civilizat\u00f3ria fundamental.<\/p>\n<p style=\"text-align: justify;\">Se voc\u00ea deseja aprender mais sobre como iniciar na \u00e1rea ambiental e fazer a diferen\u00e7a no mercado de trabalho, confira o eBook &#8220;Como Iniciar sua Consultoria Ambiental&#8221; dispon\u00edvel na Hotmart. Com ele, voc\u00ea ter\u00e1 um guia pr\u00e1tico para iniciar nas carreiras ambientais.<\/p>\n<p style=\"text-align: justify;\">Andr\u00e9 Henrique de Rezende Almeida<\/p>\n<p style=\"text-align: justify;\">@BIOLOGOANDREHENRIQUE<\/p>\n<p style=\"text-align: justify;\">Bi\u00f3logo CRBIO 02: 60.945<\/p>\n<p style=\"text-align: justify;\">Engenheiro Ambiental CREA: ES-055476\/D<\/p>\n<p style=\"text-align: justify;\">&nbsp;<\/p>\n<p style=\"text-align: justify;\">&nbsp;<\/p>\n","protected":false},"excerpt":{"rendered":"<p>Por Andr\u00e9 Henrique&nbsp; &nbsp; A not\u00edcia de que menos de 3 % das cidades brasileiras est\u00e3o perto da universaliza\u00e7\u00e3o dos servi\u00e7os de saneamento b\u00e1sico exp\u00f5e uma realidade que choca pela sua discrep\u00e2ncia: em um pa\u00eds com mais de 5 500 munic\u00edpios, a grande maioria ainda n\u00e3o garante acesso adequado \u00e0 \u00e1gua pot\u00e1vel e ao tratamento [&hellip;]<\/p>\n","protected":false},"author":1,"featured_media":45784,"comment_status":"open","ping_status":"open","sticky":false,"template":"","format":"standard","meta":{"ngg_post_thumbnail":0,"footnotes":""},"categories":[2,345,31,41],"tags":[],"class_list":["post-45783","post","type-post","status-publish","format-standard","has-post-thumbnail","hentry","category-destaques","category-meio-ambiente","category-noticias","category-ultimasnoticias"],"_links":{"self":[{"href":"https:\/\/somdepapo.com.br\/portal\/wp-json\/wp\/v2\/posts\/45783","targetHints":{"allow":["GET"]}}],"collection":[{"href":"https:\/\/somdepapo.com.br\/portal\/wp-json\/wp\/v2\/posts"}],"about":[{"href":"https:\/\/somdepapo.com.br\/portal\/wp-json\/wp\/v2\/types\/post"}],"author":[{"embeddable":true,"href":"https:\/\/somdepapo.com.br\/portal\/wp-json\/wp\/v2\/users\/1"}],"replies":[{"embeddable":true,"href":"https:\/\/somdepapo.com.br\/portal\/wp-json\/wp\/v2\/comments?post=45783"}],"version-history":[{"count":1,"href":"https:\/\/somdepapo.com.br\/portal\/wp-json\/wp\/v2\/posts\/45783\/revisions"}],"predecessor-version":[{"id":45785,"href":"https:\/\/somdepapo.com.br\/portal\/wp-json\/wp\/v2\/posts\/45783\/revisions\/45785"}],"wp:featuredmedia":[{"embeddable":true,"href":"https:\/\/somdepapo.com.br\/portal\/wp-json\/wp\/v2\/media\/45784"}],"wp:attachment":[{"href":"https:\/\/somdepapo.com.br\/portal\/wp-json\/wp\/v2\/media?parent=45783"}],"wp:term":[{"taxonomy":"category","embeddable":true,"href":"https:\/\/somdepapo.com.br\/portal\/wp-json\/wp\/v2\/categories?post=45783"},{"taxonomy":"post_tag","embeddable":true,"href":"https:\/\/somdepapo.com.br\/portal\/wp-json\/wp\/v2\/tags?post=45783"}],"curies":[{"name":"wp","href":"https:\/\/api.w.org\/{rel}","templated":true}]}}