{"id":46110,"date":"2026-01-12T05:12:43","date_gmt":"2026-01-12T08:12:43","guid":{"rendered":"https:\/\/somdepapo.com.br\/portal\/?p=46110"},"modified":"2026-01-11T19:14:40","modified_gmt":"2026-01-11T22:14:40","slug":"janeiro-branco-cuidar-da-mente-tambem-e-um-ato-de-saude","status":"publish","type":"post","link":"https:\/\/somdepapo.com.br\/portal\/janeiro-branco-cuidar-da-mente-tambem-e-um-ato-de-saude\/","title":{"rendered":"Janeiro Branco: Cuidar da Mente tamb\u00e9m \u00e9 um ato de sa\u00fade"},"content":{"rendered":"<p style=\"text-align: right;\">Por A\u00edres Lacerda<\/p>\n<p style=\"text-align: right;\">@aireslacerda.terapeuta<\/p>\n<p style=\"text-align: justify;\">Leitura recomend\u00e1vel para todas as idades<\/p>\n<p style=\"text-align: justify;\">Janeiro costuma ser associado a recome\u00e7os, planos e organiza\u00e7\u00e3o da vida. No entanto, para muitas pessoas, o in\u00edcio do ano chega acompanhado de cansa\u00e7o emocional, ansiedade silenciosa e uma sensa\u00e7\u00e3o difusa de sobrecarga. O corpo at\u00e9 descansou em alguns dias de pausa, mas a mente parece n\u00e3o ter acompanhado o mesmo ritmo.<\/p>\n<p style=\"text-align: justify;\">\u00c9 nesse contexto que o Janeiro Branco se torna especialmente necess\u00e1rio. Mais do que uma campanha, ele prop\u00f5e uma mudan\u00e7a de olhar: compreender que sa\u00fade mental n\u00e3o \u00e9 um tema separado da sa\u00fade f\u00edsica, mas parte essencial dela.<\/p>\n<p style=\"text-align: justify;\">Cuidar da mente n\u00e3o \u00e9 luxo, exagero ou fraqueza. \u00c9 preven\u00e7\u00e3o.<\/p>\n<p style=\"text-align: justify;\">*A sa\u00fade mental que n\u00e3o aparece nos exames<\/p>\n<p style=\"text-align: justify;\">Muitas pessoas s\u00f3 procuram ajuda quando o sofrimento j\u00e1 se manifesta de forma intensa: crises de ansiedade, ins\u00f4nia persistente, sintomas f\u00edsicos recorrentes ou esgotamento extremo. Antes disso, por\u00e9m, o sistema emocional costuma dar sinais sutis \u2014 frequentemente ignorados.<\/p>\n<p style=\"text-align: justify;\">Alguns exemplos comuns:<\/p>\n<p style=\"text-align: justify;\">Irritabilidade constante sem causa aparente<\/p>\n<p style=\"text-align: justify;\">Dificuldade de concentra\u00e7\u00e3o<\/p>\n<p style=\"text-align: justify;\">Sensa\u00e7\u00e3o de estar sempre \u201cligada(o)\u201d<\/p>\n<p style=\"text-align: justify;\">Cansa\u00e7o que n\u00e3o melhora com descanso<\/p>\n<p style=\"text-align: justify;\">Autocr\u00edtica excessiva<\/p>\n<p style=\"text-align: justify;\">Falta de prazer em atividades antes agrad\u00e1veis<\/p>\n<p style=\"text-align: justify;\">Esses sinais n\u00e3o indicam fraqueza emocional. Indicam sobrecarga.<\/p>\n<p style=\"text-align: justify;\">Assim como ningu\u00e9m espera um infarto para cuidar do cora\u00e7\u00e3o, n\u00e3o deveria ser necess\u00e1rio chegar ao colapso para cuidar da mente.<\/p>\n<p style=\"text-align: justify;\">*Emo\u00e7\u00f5es tamb\u00e9m fazem parte do corpo<\/p>\n<p style=\"text-align: justify;\">A ci\u00eancia j\u00e1 demonstrou que emo\u00e7\u00f5es n\u00e3o s\u00e3o apenas experi\u00eancias subjetivas; elas envolvem o sistema nervoso, o eixo hormonal, o sistema imunol\u00f3gico e o funcionamento cerebral. Estados emocionais prolongados de estresse, medo ou tens\u00e3o mant\u00eam o corpo em alerta constante, impactando sono, digest\u00e3o, imunidade e at\u00e9 processos inflamat\u00f3rios.<\/p>\n<p style=\"text-align: justify;\">Daniel Siegel, ao falar de integra\u00e7\u00e3o mente-corpo, refor\u00e7a que sa\u00fade emocional est\u00e1 diretamente ligada \u00e0 capacidade de autorregula\u00e7\u00e3o \u2014 ou seja, \u00e0 forma como o organismo responde e se reorganiza diante das experi\u00eancias da vida.<\/p>\n<p style=\"text-align: justify;\">Quando cuidar da mente deixa de ser prioridade, o corpo paga a conta.<\/p>\n<p style=\"text-align: justify;\">*Por que cuidar da mente ainda \u00e9 adiado?<\/p>\n<p style=\"text-align: justify;\">Mesmo com tantas informa\u00e7\u00f5es dispon\u00edveis, muitas pessoas continuam postergando o cuidado emocional. Algumas raz\u00f5es frequentes s\u00e3o:<\/p>\n<p style=\"text-align: justify;\">Cren\u00e7a de que \u201cvai passar sozinho\u201d<\/p>\n<p style=\"text-align: justify;\">Medo de entrar em contato com sentimentos dif\u00edceis<\/p>\n<p style=\"text-align: justify;\">Normaliza\u00e7\u00e3o do cansa\u00e7o extremo<\/p>\n<p style=\"text-align: justify;\">Ideia de que cuidar da mente \u00e9 sinal de fragilidade<\/p>\n<p style=\"text-align: justify;\">Falta de tempo para si<\/p>\n<p style=\"text-align: justify;\">Excesso de exig\u00eancia e produtividade<\/p>\n<p style=\"text-align: justify;\">Esses fatores refor\u00e7am um padr\u00e3o cultural perigoso: s\u00f3 se legitima o cuidado quando a dor j\u00e1 se tornou vis\u00edvel demais para ser ignorada.<\/p>\n<p style=\"text-align: justify;\">*Janeiro Branco como convite \u00e0 preven\u00e7\u00e3o<\/p>\n<p style=\"text-align: justify;\">O Janeiro Branco n\u00e3o prop\u00f5e que todos iniciem o ano \u201cbem\u201d, mas que iniciem o ano conscientes. Cuidar da mente \u00e9 criar espa\u00e7os regulares de escuta interna, observar limites e buscar suporte antes que o sofrimento se intensifique.<\/p>\n<p style=\"text-align: justify;\">Preven\u00e7\u00e3o em sa\u00fade emocional envolve:<\/p>\n<p style=\"text-align: justify;\">Reconhecer sinais precoces de desequil\u00edbrio<\/p>\n<p style=\"text-align: justify;\">Desenvolver autorregula\u00e7\u00e3o emocional<\/p>\n<p style=\"text-align: justify;\">Reduzir padr\u00f5es autom\u00e1ticos de autocobran\u00e7a<\/p>\n<p style=\"text-align: justify;\">Cuidar do corpo como aliado do emocional<\/p>\n<p style=\"text-align: justify;\">Buscar acompanhamento quando necess\u00e1rio<\/p>\n<p style=\"text-align: justify;\">Cuidar da mente n\u00e3o \u00e9 resolver tudo, mas n\u00e3o se abandonar no processo.<\/p>\n<p style=\"text-align: justify;\">*Um convite simples para este in\u00edcio de ano<\/p>\n<p style=\"text-align: justify;\">Em vez de uma pr\u00e1tica formal, deixo aqui uma pergunta-guia para este Janeiro Branco:<\/p>\n<p style=\"text-align: justify;\">\u201cO que na minha rotina atual est\u00e1 desgastando minha sa\u00fade emocional \u2014 e o que poderia ser ajustado com mais gentileza?\u201d<\/p>\n<p style=\"text-align: justify;\">Essa pergunta n\u00e3o exige respostas imediatas. Ela convida \u00e0 observa\u00e7\u00e3o honesta, sem julgamento.<\/p>\n<p style=\"text-align: justify;\">\u00c0s vezes, o primeiro cuidado n\u00e3o \u00e9 fazer mais, mas diminuir.<\/p>\n<p style=\"text-align: justify;\">N\u00e3o \u00e9 se cobrar mais, mas se escutar melhor.<\/p>\n<p style=\"text-align: justify;\">*Cuidar da mente tamb\u00e9m \u00e9 responsabilidade<\/p>\n<p style=\"text-align: justify;\">Assumir o cuidado com a sa\u00fade mental n\u00e3o significa fazer tudo sozinha(o). Significa reconhecer limites, buscar apoio e compreender que equil\u00edbrio emocional \u00e9 constru\u00e7\u00e3o cont\u00ednua.<\/p>\n<p style=\"text-align: justify;\">Quando a mente \u00e9 cuidada, decis\u00f5es se tornam mais claras, o corpo responde melhor e a vida ganha mais espa\u00e7o interno para acontecer.<\/p>\n<p style=\"text-align: justify;\">Se voc\u00ea percebe que come\u00e7a mais um ano sentindo-se cansada(o), sobrecarregada(o) ou emocionalmente no limite, isso n\u00e3o precisa ser normalizado.<\/p>\n<p style=\"text-align: justify;\">Meu m\u00e9todo integra Terapias Integrativas + Reprograma\u00e7\u00e3o Emocional + Suplementa\u00e7\u00e3o Personalizada, com foco na regula\u00e7\u00e3o do sistema emocional e no cuidado preventivo da sa\u00fade f\u00edsica e mental, respeitando a individualidade de cada pessoa.<\/p>\n<p style=\"text-align: justify;\">Agende sua sess\u00e3o e inicie o ano cuidando de quem sustenta todas as outras \u00e1reas da sua vida: voc\u00ea.<\/p>\n<p style=\"text-align: justify;\">\ud83d\udcf2 @aireslacerda.terapeuta<\/p>\n<p style=\"text-align: justify;\">\ud83d\udcde (71) 9 9174-9192<\/p>\n<p style=\"text-align: justify;\">Cuidar da mente tamb\u00e9m \u00e9 um ato de sa\u00fade.<\/p>\n<p style=\"text-align: justify;\">*Refer\u00eancias<\/p>\n<p style=\"text-align: justify;\">\u2022 Siegel, D. J. Mindsight. Bantam Books, 2010.<\/p>\n<p style=\"text-align: justify;\">\u2022 Goleman, D. Intelig\u00eancia Emocional. Objetiva, 2012.<\/p>\n<p style=\"text-align: justify;\">\u2022 Porges, S. The Polyvagal Theory. Norton, 2011.<\/p>\n<p style=\"text-align: justify;\">\u2022 World Health Organization (WHO). Mental Health and Well-being, 2022.<\/p>\n<p style=\"text-align: justify;\">\u2022 Kabat-Zinn, J. Onde Quer que Voc\u00ea V\u00e1, \u00e9 Voc\u00ea. Rocco, 2017.<\/p>\n<p style=\"text-align: justify;\">\u2022 Estudos sobre preven\u00e7\u00e3o em sa\u00fade mental e autorregula\u00e7\u00e3o emocional \u2013 PubMed, 2019\u20132024.<\/p>\n<p style=\"text-align: justify;\">&nbsp;<\/p>\n<p style=\"text-align: justify;\">&nbsp;<\/p>\n<p style=\"text-align: justify;\">&nbsp;<\/p>\n","protected":false},"excerpt":{"rendered":"<p>Por A\u00edres Lacerda @aireslacerda.terapeuta Leitura recomend\u00e1vel para todas as idades Janeiro costuma ser associado a recome\u00e7os, planos e organiza\u00e7\u00e3o da vida. No entanto, para muitas pessoas, o in\u00edcio do ano chega acompanhado de cansa\u00e7o emocional, ansiedade silenciosa e uma sensa\u00e7\u00e3o difusa de sobrecarga. O corpo at\u00e9 descansou em alguns dias de pausa, mas a mente [&hellip;]<\/p>\n","protected":false},"author":1,"featured_media":46111,"comment_status":"open","ping_status":"open","sticky":false,"template":"","format":"standard","meta":{"ngg_post_thumbnail":0,"footnotes":""},"categories":[2,361,41],"tags":[],"class_list":["post-46110","post","type-post","status-publish","format-standard","has-post-thumbnail","hentry","category-destaques","category-reprogramacao-emocional","category-ultimasnoticias"],"_links":{"self":[{"href":"https:\/\/somdepapo.com.br\/portal\/wp-json\/wp\/v2\/posts\/46110","targetHints":{"allow":["GET"]}}],"collection":[{"href":"https:\/\/somdepapo.com.br\/portal\/wp-json\/wp\/v2\/posts"}],"about":[{"href":"https:\/\/somdepapo.com.br\/portal\/wp-json\/wp\/v2\/types\/post"}],"author":[{"embeddable":true,"href":"https:\/\/somdepapo.com.br\/portal\/wp-json\/wp\/v2\/users\/1"}],"replies":[{"embeddable":true,"href":"https:\/\/somdepapo.com.br\/portal\/wp-json\/wp\/v2\/comments?post=46110"}],"version-history":[{"count":1,"href":"https:\/\/somdepapo.com.br\/portal\/wp-json\/wp\/v2\/posts\/46110\/revisions"}],"predecessor-version":[{"id":46112,"href":"https:\/\/somdepapo.com.br\/portal\/wp-json\/wp\/v2\/posts\/46110\/revisions\/46112"}],"wp:featuredmedia":[{"embeddable":true,"href":"https:\/\/somdepapo.com.br\/portal\/wp-json\/wp\/v2\/media\/46111"}],"wp:attachment":[{"href":"https:\/\/somdepapo.com.br\/portal\/wp-json\/wp\/v2\/media?parent=46110"}],"wp:term":[{"taxonomy":"category","embeddable":true,"href":"https:\/\/somdepapo.com.br\/portal\/wp-json\/wp\/v2\/categories?post=46110"},{"taxonomy":"post_tag","embeddable":true,"href":"https:\/\/somdepapo.com.br\/portal\/wp-json\/wp\/v2\/tags?post=46110"}],"curies":[{"name":"wp","href":"https:\/\/api.w.org\/{rel}","templated":true}]}}