{"id":46315,"date":"2026-01-23T11:05:36","date_gmt":"2026-01-23T14:05:36","guid":{"rendered":"https:\/\/somdepapo.com.br\/portal\/?p=46315"},"modified":"2026-01-23T11:06:00","modified_gmt":"2026-01-23T14:06:00","slug":"relacoes-feridas-quando-ficar-e-uma-forma-de-sobreviver","status":"publish","type":"post","link":"https:\/\/somdepapo.com.br\/portal\/relacoes-feridas-quando-ficar-e-uma-forma-de-sobreviver\/","title":{"rendered":"Rela\u00e7\u00f5es Feridas: Quando ficar \u00e9 uma forma de sobreviver"},"content":{"rendered":"<p style=\"text-align: right;\">Por Larissa Fran\u00e7a&nbsp;<\/p>\n<p style=\"text-align: right;\">Psic\u00f3loga&nbsp;<\/p>\n<p style=\"text-align: justify;\">Nem sempre permanecemos em uma rela\u00e7\u00e3o porque queremos ficar. Em muitos casos, ficamos porque sair parece amea\u00e7ador demais.<\/p>\n<p style=\"text-align: justify;\">Na cl\u00ednica, \u00e9 comum escutar pessoas que sabem que a rela\u00e7\u00e3o machuca, mas ainda assim n\u00e3o conseguem se afastar. N\u00e3o por falta de consci\u00eancia, mas porque o rompimento ativa um medo profundo: o medo de deixar de existir emocionalmente.<\/p>\n<p style=\"text-align: justify;\">Chamamos isso de medo da morte ps\u00edquica, n\u00e3o no sentido literal, mas como a sensa\u00e7\u00e3o de colapso interno quando o v\u00ednculo que sustenta o eu \u00e9 amea\u00e7ado. Para algumas pessoas, a rela\u00e7\u00e3o n\u00e3o \u00e9 apenas um la\u00e7o afetivo, \u00e9 uma estrutura de sobreviv\u00eancia.<\/p>\n<p style=\"text-align: justify;\">Esse medo aparece quando o sujeito sente que, sem o outro, perde tamb\u00e9m o lugar que ocupa: o papel de parceira, de escolhida, de necess\u00e1ria. Assim, ceder vira estrat\u00e9gia. Permanecer vira prote\u00e7\u00e3o. N\u00e3o porque h\u00e1 amor suficiente, mas porque h\u00e1 medo demais de ficar s\u00f3 consigo.<\/p>\n<p style=\"text-align: justify;\">Nessas din\u00e2micas, \u00e9 comum que a pessoa:<\/p>\n<p style=\"text-align: justify;\">se adapte excessivamente para n\u00e3o ser abandonada<\/p>\n<p style=\"text-align: justify;\">silencie necessidades para manter o v\u00ednculo<\/p>\n<p style=\"text-align: justify;\">confunda ser escolhida com ser amada<\/p>\n<p style=\"text-align: justify;\">tolere dores que, em outros contextos, n\u00e3o toleraria<\/p>\n<p style=\"text-align: justify;\">&nbsp;<\/p>\n<p style=\"text-align: justify;\">O sofrimento n\u00e3o est\u00e1 apenas no que o outro faz, mas no quanto o v\u00ednculo se tornou indispens\u00e1vel para a pr\u00f3pria identidade.<\/p>\n<p style=\"text-align: justify;\">Por isso, sair de uma rela\u00e7\u00e3o ferida n\u00e3o \u00e9 apenas uma decis\u00e3o pr\u00e1tica. \u00c9 um processo emocional profundo. Exige reconstruir um eu que exista para al\u00e9m daquele v\u00ednculo, sem depender da valida\u00e7\u00e3o constante do outro para se sentir inteiro.<\/p>\n<p style=\"text-align: justify;\">Na psicoterapia, o trabalho n\u00e3o \u00e9 convencer algu\u00e9m a ir embora, mas ajudar a pessoa a voltar para si. Quando o sujeito se reconhece, o medo diminui. E quando o medo diminui, a escolha deixa de ser sobreviv\u00eancia e pode, finalmente, ser desejo.<\/p>\n<p style=\"text-align: justify;\">Por que algumas pessoas permanecem em rela\u00e7\u00f5es que machucam mesmo sabendo que sofrem? Porque, para quem vive esse padr\u00e3o, a rela\u00e7\u00e3o n\u00e3o \u00e9 apenas um encontro. \u00c9 uma forma de se manter inteiro emocionalmente.<\/p>\n<p style=\"text-align: justify;\">Quando existir depende do v\u00ednculo, ficar parece mais seguro do que partir. O cuidado come\u00e7a quando a pessoa aprende a existir fora da rela\u00e7\u00e3o.<\/p>\n<p style=\"text-align: justify;\">Se voc\u00ea se reconhece nessas viv\u00eancias, talvez o caminho n\u00e3o seja decidir r\u00e1pido demais, mas olhar com mais profundidade para o que te prende. Rela\u00e7\u00f5es feridas pedem escuta, n\u00e3o julgamento. Buscar clareza emocional \u00e9 um passo fundamental para transformar a forma de se vincular.<\/p>\n<p style=\"text-align: justify;\">Psic\u00f3loga Larissa Fran\u00e7a<\/p>\n<p style=\"text-align: justify;\">&nbsp;CRP 03\/33953<\/p>\n<p style=\"text-align: justify;\">&nbsp;Atua\u00e7\u00e3o cl\u00ednica com foco em v\u00ednculos, luto e rela\u00e7\u00f5es feridas, a partir de uma abordagem sist\u00eamica.<\/p>\n<p style=\"text-align: justify;\">&nbsp;\ud83d\udcf2 Instagram: @larifranca.psique<\/p>\n<p style=\"text-align: justify;\">&nbsp;\ud83d\udcde Agendamentos: (75) 98704-5012<\/p>\n<p style=\"text-align: justify;\">Onde h\u00e1 dor, h\u00e1 algo pedindo clareza.<\/p>\n<p style=\"text-align: justify;\">&nbsp;<\/p>\n<p style=\"text-align: justify;\">&nbsp;<\/p>\n","protected":false},"excerpt":{"rendered":"<p>Por Larissa Fran\u00e7a&nbsp; Psic\u00f3loga&nbsp; Nem sempre permanecemos em uma rela\u00e7\u00e3o porque queremos ficar. Em muitos casos, ficamos porque sair parece amea\u00e7ador demais. Na cl\u00ednica, \u00e9 comum escutar pessoas que sabem que a rela\u00e7\u00e3o machuca, mas ainda assim n\u00e3o conseguem se afastar. N\u00e3o por falta de consci\u00eancia, mas porque o rompimento ativa um medo profundo: o [&hellip;]<\/p>\n","protected":false},"author":1,"featured_media":46316,"comment_status":"open","ping_status":"open","sticky":false,"template":"","format":"standard","meta":{"ngg_post_thumbnail":0,"footnotes":""},"categories":[2,387,41],"tags":[],"class_list":["post-46315","post","type-post","status-publish","format-standard","has-post-thumbnail","hentry","category-destaques","category-relacoes-feridas","category-ultimasnoticias"],"_links":{"self":[{"href":"https:\/\/somdepapo.com.br\/portal\/wp-json\/wp\/v2\/posts\/46315","targetHints":{"allow":["GET"]}}],"collection":[{"href":"https:\/\/somdepapo.com.br\/portal\/wp-json\/wp\/v2\/posts"}],"about":[{"href":"https:\/\/somdepapo.com.br\/portal\/wp-json\/wp\/v2\/types\/post"}],"author":[{"embeddable":true,"href":"https:\/\/somdepapo.com.br\/portal\/wp-json\/wp\/v2\/users\/1"}],"replies":[{"embeddable":true,"href":"https:\/\/somdepapo.com.br\/portal\/wp-json\/wp\/v2\/comments?post=46315"}],"version-history":[{"count":1,"href":"https:\/\/somdepapo.com.br\/portal\/wp-json\/wp\/v2\/posts\/46315\/revisions"}],"predecessor-version":[{"id":46317,"href":"https:\/\/somdepapo.com.br\/portal\/wp-json\/wp\/v2\/posts\/46315\/revisions\/46317"}],"wp:featuredmedia":[{"embeddable":true,"href":"https:\/\/somdepapo.com.br\/portal\/wp-json\/wp\/v2\/media\/46316"}],"wp:attachment":[{"href":"https:\/\/somdepapo.com.br\/portal\/wp-json\/wp\/v2\/media?parent=46315"}],"wp:term":[{"taxonomy":"category","embeddable":true,"href":"https:\/\/somdepapo.com.br\/portal\/wp-json\/wp\/v2\/categories?post=46315"},{"taxonomy":"post_tag","embeddable":true,"href":"https:\/\/somdepapo.com.br\/portal\/wp-json\/wp\/v2\/tags?post=46315"}],"curies":[{"name":"wp","href":"https:\/\/api.w.org\/{rel}","templated":true}]}}