{"id":46433,"date":"2026-01-30T11:50:14","date_gmt":"2026-01-30T14:50:14","guid":{"rendered":"https:\/\/somdepapo.com.br\/portal\/?p=46433"},"modified":"2026-01-30T11:50:14","modified_gmt":"2026-01-30T14:50:14","slug":"alinhar-a-saude-mental-um-compromisso-diario-consigo-mesmo","status":"publish","type":"post","link":"https:\/\/somdepapo.com.br\/portal\/alinhar-a-saude-mental-um-compromisso-diario-consigo-mesmo\/","title":{"rendered":"Alinhar a sa\u00fade mental: um compromisso di\u00e1rio consigo mesmo"},"content":{"rendered":"<p style=\"text-align: right;\">Por Thiago Alves Eduardo<\/p>\n<p style=\"text-align: right;\">Psic\u00f3logo<\/p>\n<p style=\"text-align: right;\">@thiagoalvespsic<\/p>\n<p style=\"text-align: justify;\">Cuidar da sa\u00fade mental \u00e9 um dos desafios mais importantes da vida contempor\u00e2nea. Em meio a cobran\u00e7as constantes, excesso de informa\u00e7\u00f5es e expectativas externas, muitas vezes nos afastamos de n\u00f3s mesmos sem perceber. Alinhar a sa\u00fade mental n\u00e3o significa viver sem problemas, dores ou conflitos, mas aprender a lidar com eles de forma mais consciente, respeitosa e equilibrada. Trata-se de um processo cont\u00ednuo de escuta interior, aceita\u00e7\u00e3o e constru\u00e7\u00e3o de h\u00e1bitos que sustentem o bem-estar emocional.<\/p>\n<p style=\"text-align: justify;\">Um dos pilares fundamentais para esse alinhamento \u00e9 o autoconhecimento. Conhecer a si mesmo vai al\u00e9m de identificar gostos ou prefer\u00eancias; envolve reconhecer emo\u00e7\u00f5es, padr\u00f5es de comportamento, gatilhos emocionais e limites pessoais. Quando ignoramos nossos sentimentos, eles n\u00e3o deixam de existir apenas se acumulam, muitas vezes se manifestando em forma de ansiedade, irritabilidade ou esgotamento. Ao nos permitirmos sentir, refletir e compreender o que se passa internamente, criamos espa\u00e7o para escolhas mais saud\u00e1veis e alinhadas com nossos valores.<\/p>\n<p style=\"text-align: justify;\">Outro ponto essencial \u00e9 o respeito aos pr\u00f3prios limites. Vivemos em uma cultura que valoriza o excesso: excesso de trabalho, de produtividade, de disponibilidade. Aprendemos a dizer \u201csim\u201d mesmo quando estamos cansados, sobrecarregados ou emocionalmente fragilizados. No entanto, alinhar a sa\u00fade mental exige coragem para dizer \u201cn\u00e3o\u201d quando necess\u00e1rio. Estabelecer limites n\u00e3o \u00e9 um ato de ego\u00edsmo, mas de autopreserva\u00e7\u00e3o. Quando respeitamos nossos limites, conseguimos estar mais inteiros nas rela\u00e7\u00f5es e atividades que realmente importam.<\/p>\n<p style=\"text-align: justify;\">As rela\u00e7\u00f5es interpessoais tamb\u00e9m exercem grande influ\u00eancia sobre a sa\u00fade mental. Estar cercado de pessoas que oferecem apoio, escuta e compreens\u00e3o fortalece emocionalmente. Por outro lado, rela\u00e7\u00f5es baseadas em cr\u00edticas constantes, desvaloriza\u00e7\u00e3o ou falta de empatia podem se tornar fontes silenciosas de sofrimento. Aprender a cultivar v\u00ednculos saud\u00e1veis e, quando necess\u00e1rio, se afastar do que machuca, \u00e9 uma forma leg\u00edtima de autocuidado. Rela\u00e7\u00f5es saud\u00e1veis n\u00e3o s\u00e3o perfeitas, mas s\u00e3o aquelas onde existe respeito, di\u00e1logo e espa\u00e7o para ser quem se \u00e9.<\/p>\n<p style=\"text-align: justify;\">Al\u00e9m disso, \u00e9 imposs\u00edvel falar de sa\u00fade mental sem considerar a integra\u00e7\u00e3o entre mente e corpo. O corpo reflete aquilo que a mente vive. Priva\u00e7\u00e3o de sono, alimenta\u00e7\u00e3o desregulada, sedentarismo e aus\u00eancia de pausas afetam diretamente o equil\u00edbrio emocional. Da mesma forma, emo\u00e7\u00f5es reprimidas podem se manifestar fisicamente, atrav\u00e9s de dores, cansa\u00e7o excessivo ou tens\u00e3o constante. Pequenos h\u00e1bitos di\u00e1rios como dormir melhor, se alimentar de forma consciente, movimentar o corpo e respeitar momentos de descanso constroem uma base s\u00f3lida para o bem-estar mental.<\/p>\n<p style=\"text-align: justify;\">Outro aspecto importante \u00e9 a autocompaix\u00e3o. Muitas vezes somos duros demais conosco, exigindo perfei\u00e7\u00e3o e resultados imediatos. Erros, falhas e momentos de fragilidade fazem parte da experi\u00eancia humana. Tratar-se com gentileza, reconhecer esfor\u00e7os e aceitar imperfei\u00e7\u00f5es ajuda a reduzir a autocobran\u00e7a e fortalece a autoestima. A autocompaix\u00e3o n\u00e3o significa acomoda\u00e7\u00e3o, mas sim compreens\u00e3o de que o crescimento acontece em ritmo pr\u00f3prio.<\/p>\n<p style=\"text-align: justify;\">Alinhar a sa\u00fade mental tamb\u00e9m envolve reconhecer quando \u00e9 hora de pedir ajuda. Ainda existe um estigma em torno do cuidado psicol\u00f3gico, como se buscar apoio fosse sinal de fraqueza. No entanto, pedir ajuda \u00e9 um ato de responsabilidade e coragem. Conversar com um profissional, compartilhar sentimentos com algu\u00e9m de confian\u00e7a ou simplesmente admitir que n\u00e3o est\u00e1 tudo bem pode aliviar pesos invis\u00edveis. Ningu\u00e9m precisa enfrentar tudo sozinho.<\/p>\n<p style=\"text-align: justify;\">Por fim, cuidar da sa\u00fade mental \u00e9 um exerc\u00edcio di\u00e1rio de presen\u00e7a e honestidade consigo mesmo. N\u00e3o existe uma f\u00f3rmula \u00fanica, nem um estado permanente de equil\u00edbrio. Haver\u00e1 dias bons e dias dif\u00edceis, avan\u00e7os e reca\u00eddas. O mais importante \u00e9 manter o compromisso de se escutar, se respeitar e se cuidar ao longo do caminho. Alinhar a sa\u00fade mental \u00e9, acima de tudo, um gesto de amor-pr\u00f3prio silencioso, constante e profundamente transformador.<\/p>\n<p style=\"text-align: justify;\">&nbsp;<\/p>\n<p style=\"text-align: justify;\">&nbsp;<\/p>\n","protected":false},"excerpt":{"rendered":"<p>Por Thiago Alves Eduardo Psic\u00f3logo @thiagoalvespsic Cuidar da sa\u00fade mental \u00e9 um dos desafios mais importantes da vida contempor\u00e2nea. Em meio a cobran\u00e7as constantes, excesso de informa\u00e7\u00f5es e expectativas externas, muitas vezes nos afastamos de n\u00f3s mesmos sem perceber. Alinhar a sa\u00fade mental n\u00e3o significa viver sem problemas, dores ou conflitos, mas aprender a lidar [&hellip;]<\/p>\n","protected":false},"author":1,"featured_media":46434,"comment_status":"open","ping_status":"open","sticky":false,"template":"","format":"standard","meta":{"ngg_post_thumbnail":0,"footnotes":""},"categories":[2,31,352,41],"tags":[],"class_list":["post-46433","post","type-post","status-publish","format-standard","has-post-thumbnail","hentry","category-destaques","category-noticias","category-terapias","category-ultimasnoticias"],"_links":{"self":[{"href":"https:\/\/somdepapo.com.br\/portal\/wp-json\/wp\/v2\/posts\/46433","targetHints":{"allow":["GET"]}}],"collection":[{"href":"https:\/\/somdepapo.com.br\/portal\/wp-json\/wp\/v2\/posts"}],"about":[{"href":"https:\/\/somdepapo.com.br\/portal\/wp-json\/wp\/v2\/types\/post"}],"author":[{"embeddable":true,"href":"https:\/\/somdepapo.com.br\/portal\/wp-json\/wp\/v2\/users\/1"}],"replies":[{"embeddable":true,"href":"https:\/\/somdepapo.com.br\/portal\/wp-json\/wp\/v2\/comments?post=46433"}],"version-history":[{"count":1,"href":"https:\/\/somdepapo.com.br\/portal\/wp-json\/wp\/v2\/posts\/46433\/revisions"}],"predecessor-version":[{"id":46435,"href":"https:\/\/somdepapo.com.br\/portal\/wp-json\/wp\/v2\/posts\/46433\/revisions\/46435"}],"wp:featuredmedia":[{"embeddable":true,"href":"https:\/\/somdepapo.com.br\/portal\/wp-json\/wp\/v2\/media\/46434"}],"wp:attachment":[{"href":"https:\/\/somdepapo.com.br\/portal\/wp-json\/wp\/v2\/media?parent=46433"}],"wp:term":[{"taxonomy":"category","embeddable":true,"href":"https:\/\/somdepapo.com.br\/portal\/wp-json\/wp\/v2\/categories?post=46433"},{"taxonomy":"post_tag","embeddable":true,"href":"https:\/\/somdepapo.com.br\/portal\/wp-json\/wp\/v2\/tags?post=46433"}],"curies":[{"name":"wp","href":"https:\/\/api.w.org\/{rel}","templated":true}]}}