{"id":46439,"date":"2026-01-30T12:02:58","date_gmt":"2026-01-30T15:02:58","guid":{"rendered":"https:\/\/somdepapo.com.br\/portal\/?p=46439"},"modified":"2026-01-30T12:02:58","modified_gmt":"2026-01-30T15:02:58","slug":"caps-cuidado-em-liberdade-nao-e-meme","status":"publish","type":"post","link":"https:\/\/somdepapo.com.br\/portal\/caps-cuidado-em-liberdade-nao-e-meme\/","title":{"rendered":"CAPS: cuidado em liberdade n\u00e3o \u00e9 meme"},"content":{"rendered":"<p style=\"text-align: right;\">Por Jo\u00e3o Costa<\/p>\n<p style=\"text-align: justify;\">Iniciar esta coluna \u00e9, para mim, motivo de honra. Mais do que isso, \u00e9 um compromisso \u00e9tico com um tema que atravessa minha pr\u00e1tica e minha compreens\u00e3o sobre o cuidado em sa\u00fade mental: a Aten\u00e7\u00e3o Psicossocial. E n\u00e3o haveria maneira mais coerente de come\u00e7ar do que refletindo sobre uma pergunta simples, mas ainda pouco compreendida: afinal, o que \u00e9 o CAPS?<\/p>\n<p style=\"text-align: justify;\">O Centro de Aten\u00e7\u00e3o Psicossocial (CAPS) \u00e9 um servi\u00e7o estrat\u00e9gico da Rede de Aten\u00e7\u00e3o Psicossocial (RAPS) e nasce oficialmente no Brasil a partir da Lei n\u00ba 10.216, sancionada em 6 de abril de 2001, conhecida como Lei da Reforma Psiqui\u00e1trica ou Lei Antimanicomial. Essa legisla\u00e7\u00e3o estabeleceu diretrizes fundamentais para a prote\u00e7\u00e3o e os direitos das pessoas com transtornos mentais, al\u00e9m de promover o redirecionamento do modelo assistencial, substituindo a l\u00f3gica do isolamento pelo cuidado em liberdade e no territ\u00f3rio.<\/p>\n<p style=\"text-align: justify;\">Apesar desse avan\u00e7o hist\u00f3rico, temos observado, especialmente nas redes sociais, a circula\u00e7\u00e3o de memes e conte\u00fados que associam o CAPS \u00e0 \u201cloucura\u201d como algo engra\u00e7ado ou pejorativo. Esse tipo de representa\u00e7\u00e3o n\u00e3o \u00e9 inofensivo. Ao contr\u00e1rio: refor\u00e7a estigmas, banaliza o sofrimento ps\u00edquico e contribui para o afastamento das pessoas dos servi\u00e7os de cuidado.<\/p>\n<p style=\"text-align: justify;\">\u00c9 importante afirmar com clareza: o CAPS \u00e9 um servi\u00e7o de sa\u00fade. Assim como qualquer outro equipamento do SUS, ele existe para acolher pessoas que est\u00e3o vivenciando algum tipo de sofrimento. Esse sofrimento pode se manifestar de diferentes formas: crises intensas de ansiedade ou depress\u00e3o, epis\u00f3dios psic\u00f3ticos, uso prejudicial de \u00e1lcool e outras drogas, sofrimento mental associado a viol\u00eancias, perdas, rupturas familiares, desemprego, adoecimento f\u00edsico ou contextos de extrema vulnerabilidade social.<\/p>\n<p style=\"text-align: justify;\">O CAPS atende crian\u00e7as, adolescentes, adultos e idosos, respeitando as especificidades de cada fase da vida. Atende pessoas que j\u00e1 possuem um diagn\u00f3stico em sa\u00fade mental, mas tamb\u00e9m aquelas que, mesmo sem um diagn\u00f3stico definido, encontram-se em um momento de desorganiza\u00e7\u00e3o ps\u00edquica importante, no qual o sofrimento ultrapassa a capacidade de enfrentamento individual. Por isso, o CAPS n\u00e3o \u00e9 um espa\u00e7o \u201cpara alguns\u201d, mas um servi\u00e7o que reconhece a fragilidade humana como parte da experi\u00eancia de viver.<\/p>\n<p style=\"text-align: justify;\">E \u00e9 justamente por isso que qualquer um de n\u00f3s pode, em algum momento da vida, precisar de um CAPS. Situa\u00e7\u00f5es de luto, adoecimento, sobrecarga emocional, crises familiares, viol\u00eancia, pobreza ou isolamento social podem produzir rupturas profundas no modo como a pessoa se organiza subjetivamente. Nessas horas, o cuidado n\u00e3o se d\u00e1 apenas com medica\u00e7\u00e3o ou interven\u00e7\u00f5es pontuais, mas com presen\u00e7a, escuta, v\u00ednculo e constru\u00e7\u00e3o coletiva de possibilidades.<\/p>\n<p style=\"text-align: justify;\">O funcionamento do CAPS se baseia no princ\u00edpio das portas abertas, o que significa que n\u00e3o \u00e9 necess\u00e1rio encaminhamento para buscar acolhimento. O cuidado \u00e9 constru\u00eddo por uma equipe interdisciplinar, que discute coletivamente os projetos terap\u00eauticos, sempre com a participa\u00e7\u00e3o ativa do usu\u00e1rio. No CAPS, compreende-se que estar em sofrimento n\u00e3o retira a autonomia do sujeito; ao contr\u00e1rio, o cuidado s\u00f3 faz sentido quando respeita escolhas, desejos e singularidades.<\/p>\n<p style=\"text-align: justify;\">Existem diferentes modalidades de CAPS \u2014 CAPS Infantojuvenil (CAPSi), CAPS II (atendimento diurno), CAPS III (funcionamento 24 horas), CAPS \u00c1lcool e Drogas (CAPS AD) e CAPS Adulto. Apesar das diferen\u00e7as estruturais, todos compartilham a mesma diretriz \u00e9tica e pol\u00edtica: acolher de forma humanizada, ofertar escuta qualificada, cuidar em liberdade e favorecer a reinser\u00e7\u00e3o social.<\/p>\n<p style=\"text-align: justify;\">O CAPS n\u00e3o \u00e9 um espa\u00e7o de exclus\u00e3o, controle ou confinamento. \u00c9 um lugar de cuidado, atravessado por hist\u00f3rias reais, sofrimento leg\u00edtimo e pela aposta de que ningu\u00e9m deve ser reduzido \u00e0 sua crise. Transformar esse servi\u00e7o em piada \u00e9 negar a complexidade da vida humana. Defend\u00ea-lo \u00e9 afirmar que sa\u00fade mental se constr\u00f3i com dignidade, v\u00ednculo e respeito.<\/p>\n<p style=\"text-align: justify;\">&nbsp;<\/p>\n<p style=\"text-align: justify;\">REFER\u00caNCIAS&nbsp;<\/p>\n<p style=\"text-align: justify;\">AMARANTE, P. Sa\u00fade mental e aten\u00e7\u00e3o psicossocial. Rio de Janeiro: Fiocruz, 2007<\/p>\n<p style=\"text-align: justify;\">BRASIL. Lei n\u00ba 10.216, de 6 de abril de 2001. Disp\u00f5e sobre a prote\u00e7\u00e3o e os direitos das pessoas com transtornos mentais e redireciona o modelo assistencial em sa\u00fade mental. Di\u00e1rio Oficial da Uni\u00e3o, Bras\u00edlia, 2001.<\/p>\n<p style=\"text-align: justify;\">BRASIL. Minist\u00e9rio da Sa\u00fade. Sa\u00fade Mental no SUS: os Centros de Aten\u00e7\u00e3o Psicossocial. Bras\u00edlia: Minist\u00e9rio da Sa\u00fade, 2004.<\/p>\n<p style=\"text-align: justify;\">YASUI, S. Rupturas e encontros: desafios da reforma psiqui\u00e1trica brasileira. Rio de Janeiro: Fiocruz, 2010.<\/p>\n<p style=\"text-align: justify;\">&nbsp;<\/p>\n<p style=\"text-align: justify;\">&nbsp;<\/p>\n<p style=\"text-align: justify;\">Autor:<\/p>\n<p style=\"text-align: justify;\">Psic\u00f3logo Jo\u00e3o Costa&nbsp;<\/p>\n<p style=\"text-align: justify;\">Formado orla FSA e especialista em Sa\u00fade Mental e Aten\u00e7\u00e3o Psicossocial&nbsp;<\/p>\n<p style=\"text-align: justify;\">Contato: (11) 98436-1978<\/p>\n<p style=\"text-align: justify;\">Instagram: @psi.joaocosta<\/p>\n<p style=\"text-align: justify;\">E-mail: psico.joaocosta@gmail.com<\/p>\n<p style=\"text-align: justify;\">&nbsp;<\/p>\n<p style=\"text-align: justify;\">Mini curr\u00edculo&nbsp;<\/p>\n<p style=\"text-align: justify;\">Jo\u00e3o Costa Bezerra \u00e9 psicoterapeuta, com atua\u00e7\u00e3o cl\u00ednica voltada para o desenvolvimento emocional, sa\u00fade mental e qualidade de vida. Utiliza uma abordagem integrativa, combinando t\u00e9cnicas da Terapia Cognitivo-Comportamental (TCC), DBT, Terapia do Esquema e Psicologia Anal\u00edtica. Atende crian\u00e7as adolescentes e adultos, com foco em autoconhecimento, regula\u00e7\u00e3o emocional e fortalecimento psicol\u00f3gico.<\/p>\n<p style=\"text-align: justify;\">&nbsp;<\/p>\n","protected":false},"excerpt":{"rendered":"<p>Por Jo\u00e3o Costa Iniciar esta coluna \u00e9, para mim, motivo de honra. Mais do que isso, \u00e9 um compromisso \u00e9tico com um tema que atravessa minha pr\u00e1tica e minha compreens\u00e3o sobre o cuidado em sa\u00fade mental: a Aten\u00e7\u00e3o Psicossocial. E n\u00e3o haveria maneira mais coerente de come\u00e7ar do que refletindo sobre uma pergunta simples, mas [&hellip;]<\/p>\n","protected":false},"author":1,"featured_media":46440,"comment_status":"open","ping_status":"open","sticky":false,"template":"","format":"standard","meta":{"ngg_post_thumbnail":0,"footnotes":""},"categories":[391,2,41],"tags":[],"class_list":["post-46439","post","type-post","status-publish","format-standard","has-post-thumbnail","hentry","category-atencao-psicossocial","category-destaques","category-ultimasnoticias"],"_links":{"self":[{"href":"https:\/\/somdepapo.com.br\/portal\/wp-json\/wp\/v2\/posts\/46439","targetHints":{"allow":["GET"]}}],"collection":[{"href":"https:\/\/somdepapo.com.br\/portal\/wp-json\/wp\/v2\/posts"}],"about":[{"href":"https:\/\/somdepapo.com.br\/portal\/wp-json\/wp\/v2\/types\/post"}],"author":[{"embeddable":true,"href":"https:\/\/somdepapo.com.br\/portal\/wp-json\/wp\/v2\/users\/1"}],"replies":[{"embeddable":true,"href":"https:\/\/somdepapo.com.br\/portal\/wp-json\/wp\/v2\/comments?post=46439"}],"version-history":[{"count":1,"href":"https:\/\/somdepapo.com.br\/portal\/wp-json\/wp\/v2\/posts\/46439\/revisions"}],"predecessor-version":[{"id":46441,"href":"https:\/\/somdepapo.com.br\/portal\/wp-json\/wp\/v2\/posts\/46439\/revisions\/46441"}],"wp:featuredmedia":[{"embeddable":true,"href":"https:\/\/somdepapo.com.br\/portal\/wp-json\/wp\/v2\/media\/46440"}],"wp:attachment":[{"href":"https:\/\/somdepapo.com.br\/portal\/wp-json\/wp\/v2\/media?parent=46439"}],"wp:term":[{"taxonomy":"category","embeddable":true,"href":"https:\/\/somdepapo.com.br\/portal\/wp-json\/wp\/v2\/categories?post=46439"},{"taxonomy":"post_tag","embeddable":true,"href":"https:\/\/somdepapo.com.br\/portal\/wp-json\/wp\/v2\/tags?post=46439"}],"curies":[{"name":"wp","href":"https:\/\/api.w.org\/{rel}","templated":true}]}}