{"id":46446,"date":"2026-01-31T08:08:12","date_gmt":"2026-01-31T11:08:12","guid":{"rendered":"https:\/\/somdepapo.com.br\/portal\/?p=46446"},"modified":"2026-01-31T08:08:12","modified_gmt":"2026-01-31T11:08:12","slug":"a-falta-de-consciencia-nos-relacionamentos-e-as-dores-que-ela-provoca-voce-ja-sentiu-isso","status":"publish","type":"post","link":"https:\/\/somdepapo.com.br\/portal\/a-falta-de-consciencia-nos-relacionamentos-e-as-dores-que-ela-provoca-voce-ja-sentiu-isso\/","title":{"rendered":"A Falta de Consci\u00eancia nos relacionamentos e as dores que ela provoca. Voc\u00ea ja sentiu isso?"},"content":{"rendered":"<p style=\"text-align: right;\">&nbsp; Por Gilanio Calixto.<\/p>\n<p style=\"text-align: justify;\">&nbsp;<\/p>\n<p style=\"text-align: justify;\">&nbsp;Eita que maravilha hein? Falo agora de uma ferida que nos machuca, nos assola interiormente e que aos poucos se inserem nos nossos pensamentos e palavras que acabam destruindo tudo aquilo que conquistamos e as nossas viv\u00eancias nos relacionamentos amorosos e sociais. E voc\u00ea j\u00e1 agiu com algu\u00e9m por falta de consci\u00eancia, de reflex\u00e3o? Ou j\u00e1 foi ferido ou ferida pela falta de consciencia de algu\u00e9m?<\/p>\n<p style=\"text-align: justify;\">&nbsp;Pois bem, fica comigo e em dois minutos vamos bater um papinho sbore isso?<\/p>\n<p style=\"text-align: justify;\">&nbsp;Grande parte dos sofrimentos vividos nos relacionamentos amorosos e sociais n\u00e3o nasce da maldade, mas da falta de consci\u00eancia. Falta consci\u00eancia sobre quem somos, sobre o que sentimos, sobre o que esperamos do outro e, principalmente sobre o impacto que nossas atitudes causam. Quando nos relacionamos de forma inconsciente, ferimos e somos feridos, muitas vezes sem perceber.<\/p>\n<p style=\"text-align: justify;\">&nbsp;A inconsci\u00eancia faz com que pessoas entrem em rela\u00e7\u00f5es buscando preencher vazios internos, esperando que o outro cure dores que nunca foram tratadas. Assim, o amor deixa de ser encontro e passa a ser depend\u00eancia. A amizade deixa de ser troca e se transforma em cobran\u00e7a. O v\u00ednculo, que deveria ser espa\u00e7o de cuidado, torna-se campo de frustra\u00e7\u00f5es silenciosas.<\/p>\n<p style=\"text-align: justify;\">&nbsp;Entre as principais causas desse sofrimento est\u00e1 a incapacidade de se comunicar com verdade, muitos calam o que sentem por medo de perder e outros falam sem responsabilidade emocional. H\u00e1 quem confunda amor com posse, aten\u00e7\u00e3o com controle, carinho com obriga\u00e7\u00e3o. Tudo isso nasce da aus\u00eancia de autoconhecimento e da dificuldade de lidar com limites pr\u00f3prios e tamb\u00e9m os alheios.<\/p>\n<p style=\"text-align: justify;\">&nbsp;Outro fator doloroso \u00e9 a repeti\u00e7\u00e3o de padr\u00f5es n\u00e3o curados. Pessoas que n\u00e3o elaboraram rejei\u00e7\u00f5es, abandonos ou traumas do passado tendem a reviv\u00ea-los em novas rela\u00e7\u00f5es esperando inconscientemente um final diferente. Por\u00e9m, sem consci\u00eancia o ciclo se repete: escolhas semelhantes, dores semelhantes, feridas aprofundadas.<\/p>\n<p style=\"text-align: justify;\">&nbsp;Nos relacionamentos sociais a falta de consci\u00eancia tamb\u00e9m gera distanciamento e solid\u00e3o. Julgamentos precipitados, falta de empatia, competitividade excessiva e a necessidade constante de ter raz\u00e3o enfraquecem os la\u00e7os humanos em um mundo onde todos querem ser ouvidos poucos est\u00e3o realmente dispostos a escutar.<\/p>\n<p style=\"text-align: justify;\">&nbsp;A consci\u00eancia nos relacionamentos exige maturidade emocional. Exige assumir responsabilidades, reconhecer limites, respeitar diferen\u00e7as e compreender que amar n\u00e3o \u00e9 invadir, mas acolher. Que se relacionar n\u00e3o \u00e9 exigir perfei\u00e7\u00e3o, mas oferecer presen\u00e7a. Quando h\u00e1 consci\u00eancia sempre h\u00e1 di\u00e1logo e quando h\u00e1 di\u00e1logo h\u00e1 cura e onde h\u00e1 cura, sem d\u00favidas o sofrimento deixa de ser pris\u00e3o e passa a ser aprendizado.<\/p>\n<p style=\"text-align: justify;\">&nbsp;Relacionamentos saud\u00e1veis n\u00e3o nascem da sorte, mas da escolha di\u00e1ria de agir com consci\u00eancia, com verdade e respeito, porque onde falta consci\u00eancia sobra dor. Mas onde ela floresce, o amor em todas as suas formas encontra espa\u00e7o para crescer e tudo se transforma, pois contruimos aquilo que queremos, aquilo que desejamos SER assim como tamb\u00e9m aquilo que desejamos TER.<\/p>\n<p style=\"text-align: justify;\">&nbsp;<\/p>\n<p style=\"text-align: justify;\">Vale a pena fazermos reflex\u00e3o sempre sobre nossos atos e escolhas!!<\/p>\n<p style=\"text-align: justify;\">&nbsp;<\/p>\n<p style=\"text-align: justify;\">Gostou da abordagem?<\/p>\n<p style=\"text-align: justify;\">&nbsp;<\/p>\n<p style=\"text-align: justify;\">Fonte: Pr\u00f3pria autoria. Imagem Internet \u2013 Casule Sa\u00fade e Bem Estar.<\/p>\n<p style=\"text-align: justify;\">&nbsp;<\/p>\n<p style=\"text-align: justify;\">&nbsp; &nbsp; Quer saber mais sobre estes assuntos e outros? Me segue nas redes sociais e l\u00e1 ter\u00e1s mais dicas e informa\u00e7\u00f5es. @gilaniocalixtoadv; @mcrereser.<\/p>\n<p style=\"text-align: justify;\">&nbsp;<\/p>\n<p style=\"text-align: justify;\">Gilanio Calixto Velez<\/p>\n<p style=\"text-align: justify;\">Advogado e Professor<\/p>\n<p style=\"text-align: justify;\">&nbsp;<\/p>\n<p style=\"text-align: justify;\">Advogado especialista em Direito Previdenci\u00e1rio e em Direito de Familia<\/p>\n<p style=\"text-align: justify;\">Professor Universit\u00e1rio em Direitos Humanos e Educa\u00e7\u00e3o Emocional<\/p>\n<p style=\"text-align: justify;\">Palestrante Motivacional e de Carreira Profissional e Autor de Livros<\/p>\n<p style=\"text-align: justify;\">Fundador do Instituto de Desenvolvimento Humano &#8211; Crer &amp; Ser \u2013 Metodologia e Projeto de Vida &#8211; Campina Grande \u2013 PB e Queimadas \u2013 PB<\/p>\n<p style=\"text-align: justify;\">Perfil no Instagram: @gilaniocalixtoadv; @mcrereser<\/p>\n<p style=\"text-align: justify;\">Email: gcalixtoadvocacia@gmail.com ; fone: (83).9.9866.3639<\/p>\n<p style=\"text-align: justify;\">&nbsp;<\/p>\n<p style=\"text-align: justify;\">&nbsp;<\/p>\n","protected":false},"excerpt":{"rendered":"<p>&nbsp; Por Gilanio Calixto. &nbsp; &nbsp;Eita que maravilha hein? Falo agora de uma ferida que nos machuca, nos assola interiormente e que aos poucos se inserem nos nossos pensamentos e palavras que acabam destruindo tudo aquilo que conquistamos e as nossas viv\u00eancias nos relacionamentos amorosos e sociais. E voc\u00ea j\u00e1 agiu com algu\u00e9m por falta [&hellip;]<\/p>\n","protected":false},"author":1,"featured_media":46447,"comment_status":"open","ping_status":"open","sticky":false,"template":"","format":"standard","meta":{"ngg_post_thumbnail":0,"footnotes":""},"categories":[225,2,41],"tags":[],"class_list":["post-46446","post","type-post","status-publish","format-standard","has-post-thumbnail","hentry","category-cidadania","category-destaques","category-ultimasnoticias"],"_links":{"self":[{"href":"https:\/\/somdepapo.com.br\/portal\/wp-json\/wp\/v2\/posts\/46446","targetHints":{"allow":["GET"]}}],"collection":[{"href":"https:\/\/somdepapo.com.br\/portal\/wp-json\/wp\/v2\/posts"}],"about":[{"href":"https:\/\/somdepapo.com.br\/portal\/wp-json\/wp\/v2\/types\/post"}],"author":[{"embeddable":true,"href":"https:\/\/somdepapo.com.br\/portal\/wp-json\/wp\/v2\/users\/1"}],"replies":[{"embeddable":true,"href":"https:\/\/somdepapo.com.br\/portal\/wp-json\/wp\/v2\/comments?post=46446"}],"version-history":[{"count":1,"href":"https:\/\/somdepapo.com.br\/portal\/wp-json\/wp\/v2\/posts\/46446\/revisions"}],"predecessor-version":[{"id":46448,"href":"https:\/\/somdepapo.com.br\/portal\/wp-json\/wp\/v2\/posts\/46446\/revisions\/46448"}],"wp:featuredmedia":[{"embeddable":true,"href":"https:\/\/somdepapo.com.br\/portal\/wp-json\/wp\/v2\/media\/46447"}],"wp:attachment":[{"href":"https:\/\/somdepapo.com.br\/portal\/wp-json\/wp\/v2\/media?parent=46446"}],"wp:term":[{"taxonomy":"category","embeddable":true,"href":"https:\/\/somdepapo.com.br\/portal\/wp-json\/wp\/v2\/categories?post=46446"},{"taxonomy":"post_tag","embeddable":true,"href":"https:\/\/somdepapo.com.br\/portal\/wp-json\/wp\/v2\/tags?post=46446"}],"curies":[{"name":"wp","href":"https:\/\/api.w.org\/{rel}","templated":true}]}}