{"id":46592,"date":"2026-02-06T08:03:41","date_gmt":"2026-02-06T11:03:41","guid":{"rendered":"https:\/\/somdepapo.com.br\/portal\/?p=46592"},"modified":"2026-02-06T08:03:41","modified_gmt":"2026-02-06T11:03:41","slug":"relacoes-feridas-quando-o-amor-vira-esforco","status":"publish","type":"post","link":"https:\/\/somdepapo.com.br\/portal\/relacoes-feridas-quando-o-amor-vira-esforco\/","title":{"rendered":"Rela\u00e7\u00f5es Feridas: Quando o Amor vira esfor\u00e7o?"},"content":{"rendered":"<p style=\"text-align: right;\">Por Larissa Fran\u00e7a&nbsp;<\/p>\n<p style=\"text-align: justify;\">Se amar est\u00e1 exigindo que voc\u00ea se diminua, talvez isso j\u00e1 n\u00e3o seja amor seja sobreviv\u00eancia.<\/p>\n<p style=\"text-align: justify;\">Na cl\u00ednica, escuto com frequ\u00eancia pessoas dizendo:<\/p>\n<p style=\"text-align: justify;\">&nbsp;\u201cEu tento mais.\u201d<\/p>\n<p style=\"text-align: justify;\">&nbsp;\u201cEu preciso ter mais paci\u00eancia.\u201d<\/p>\n<p style=\"text-align: justify;\">&nbsp;\u201cSe eu mudar, talvez a rela\u00e7\u00e3o melhore.\u201d<\/p>\n<p style=\"text-align: justify;\">O que aparece por tr\u00e1s dessas falas n\u00e3o \u00e9 falta de amor, mas um padr\u00e3o relacional marcado pelo . Quando o v\u00ednculo adoece, o amor deixa de ser encontro e passa a ser esfor\u00e7o constante para n\u00e3o perder o outro.<\/p>\n<p style=\"text-align: justify;\">Nesse tipo de rela\u00e7\u00e3o, a pessoa n\u00e3o est\u00e1 apenas tentando manter o v\u00ednculo est\u00e1 tentando manter o pr\u00f3prio lugar nele. O medo n\u00e3o \u00e9 s\u00f3 da separa\u00e7\u00e3o, mas de perder a identidade constru\u00edda dentro daquela rela\u00e7\u00e3o.<\/p>\n<p style=\"text-align: justify;\">Clinicamente, esse padr\u00e3o costuma aparecer quando:o afeto \u00e9 condicionado (\u201cs\u00f3 sou amado se eu fizer certo\u201d)a pessoa assume responsabilidades emocionais que n\u00e3o s\u00e3o s\u00f3 dela,o conflito \u00e9 evitado para n\u00e3o amea\u00e7ar o v\u00ednculo,amar se confunde com suportar<\/p>\n<p style=\"text-align: justify;\">O amor, ent\u00e3o, deixa de ser espa\u00e7o de troca e vira um campo de prova. Prova de resist\u00eancia, de lealdade, de adapta\u00e7\u00e3o. Quanto mais a pessoa cede, mais acredita que est\u00e1 amando quando, na verdade, est\u00e1 se afastando de si.<\/p>\n<p style=\"text-align: justify;\">Do ponto de vista cl\u00ednico, isso costuma estar ligado a hist\u00f3rias de v\u00ednculos inseguros, experi\u00eancias precoces de afeto inst\u00e1vel ou rela\u00e7\u00f5es onde o amor precisou ser conquistado. O sujeito aprende que, para n\u00e3o ser abandonado, precisa se moldar.<\/p>\n<p style=\"text-align: justify;\">Por isso, sair desse padr\u00e3o n\u00e3o \u00e9 simples. N\u00e3o se trata apenas de \u201cimpor limites\u201d ou \u201cse valorizar mais\u201d, como muitas vezes se escuta por a\u00ed. Trata-se de reconstruir a capacidade de existir em rela\u00e7\u00e3o sem se anular.<\/p>\n<p style=\"text-align: justify;\">Na psicoterapia, o trabalho \u00e9 devolver \u00e0 pessoa algo fundamental:<\/p>\n<p style=\"text-align: justify;\">&nbsp;a possibilidade de amar sem desaparecer.<\/p>\n<p style=\"text-align: justify;\">Quando o amor deixa de ser esfor\u00e7o, ele volta a ser escolha.<\/p>\n<p style=\"text-align: justify;\">Por que algumas pessoas permanecem em rela\u00e7\u00f5es onde amar d\u00f3i mais do que acolhe?<\/p>\n<p style=\"text-align: justify;\">Porque aprenderam, muito cedo, que amor exige sacrif\u00edcio e n\u00e3o presen\u00e7a.Quando o v\u00ednculo se torna condi\u00e7\u00e3o para existir, o esfor\u00e7o parece mais seguro do que o risco de ser quem se \u00e9.<\/p>\n<p style=\"text-align: justify;\">Se voc\u00ea sente que amar tem custado demais, talvez n\u00e3o seja sobre amar melhor, mas sobre olhar para os padr\u00f5es que te levam a se abandonar para permanecer. Rela\u00e7\u00f5es feridas pedem clareza emocional, n\u00e3o culpa. A psicoterapia \u00e9 um espa\u00e7o para compreender essas repeti\u00e7\u00f5es e construir formas mais saud\u00e1veis de se vincular.<\/p>\n<p style=\"text-align: justify;\">Onde h\u00e1 dor, h\u00e1 algo pedindo clareza.<\/p>\n<p>&nbsp;<\/p>\n<p>&nbsp;<\/p>\n<p style=\"text-align: justify;\">Psic\u00f3loga Larissa Fran\u00e7a<\/p>\n<p style=\"text-align: justify;\">&nbsp;CRP 03\/33953<\/p>\n<p style=\"text-align: justify;\">&nbsp;Atua\u00e7\u00e3o cl\u00ednica com foco em v\u00ednculos adoecidos, traumas relacionais e luto<\/p>\n<p style=\"text-align: justify;\">&nbsp;Instagram: @larifranca.psique<\/p>\n<p style=\"text-align: justify;\">&nbsp;<\/p>\n<p style=\"text-align: justify;\">&nbsp;<\/p>\n","protected":false},"excerpt":{"rendered":"<p>Por Larissa Fran\u00e7a&nbsp; Se amar est\u00e1 exigindo que voc\u00ea se diminua, talvez isso j\u00e1 n\u00e3o seja amor seja sobreviv\u00eancia. Na cl\u00ednica, escuto com frequ\u00eancia pessoas dizendo: &nbsp;\u201cEu tento mais.\u201d &nbsp;\u201cEu preciso ter mais paci\u00eancia.\u201d &nbsp;\u201cSe eu mudar, talvez a rela\u00e7\u00e3o melhore.\u201d O que aparece por tr\u00e1s dessas falas n\u00e3o \u00e9 falta de amor, mas um [&hellip;]<\/p>\n","protected":false},"author":1,"featured_media":46593,"comment_status":"open","ping_status":"open","sticky":false,"template":"","format":"standard","meta":{"ngg_post_thumbnail":0,"footnotes":""},"categories":[2,387,41],"tags":[],"class_list":["post-46592","post","type-post","status-publish","format-standard","has-post-thumbnail","hentry","category-destaques","category-relacoes-feridas","category-ultimasnoticias"],"_links":{"self":[{"href":"https:\/\/somdepapo.com.br\/portal\/wp-json\/wp\/v2\/posts\/46592","targetHints":{"allow":["GET"]}}],"collection":[{"href":"https:\/\/somdepapo.com.br\/portal\/wp-json\/wp\/v2\/posts"}],"about":[{"href":"https:\/\/somdepapo.com.br\/portal\/wp-json\/wp\/v2\/types\/post"}],"author":[{"embeddable":true,"href":"https:\/\/somdepapo.com.br\/portal\/wp-json\/wp\/v2\/users\/1"}],"replies":[{"embeddable":true,"href":"https:\/\/somdepapo.com.br\/portal\/wp-json\/wp\/v2\/comments?post=46592"}],"version-history":[{"count":1,"href":"https:\/\/somdepapo.com.br\/portal\/wp-json\/wp\/v2\/posts\/46592\/revisions"}],"predecessor-version":[{"id":46594,"href":"https:\/\/somdepapo.com.br\/portal\/wp-json\/wp\/v2\/posts\/46592\/revisions\/46594"}],"wp:featuredmedia":[{"embeddable":true,"href":"https:\/\/somdepapo.com.br\/portal\/wp-json\/wp\/v2\/media\/46593"}],"wp:attachment":[{"href":"https:\/\/somdepapo.com.br\/portal\/wp-json\/wp\/v2\/media?parent=46592"}],"wp:term":[{"taxonomy":"category","embeddable":true,"href":"https:\/\/somdepapo.com.br\/portal\/wp-json\/wp\/v2\/categories?post=46592"},{"taxonomy":"post_tag","embeddable":true,"href":"https:\/\/somdepapo.com.br\/portal\/wp-json\/wp\/v2\/tags?post=46592"}],"curies":[{"name":"wp","href":"https:\/\/api.w.org\/{rel}","templated":true}]}}