{"id":46716,"date":"2026-02-13T06:39:09","date_gmt":"2026-02-13T09:39:09","guid":{"rendered":"https:\/\/somdepapo.com.br\/portal\/?p=46716"},"modified":"2026-02-11T17:42:17","modified_gmt":"2026-02-11T20:42:17","slug":"entre-a-festa-e-a-rotina-o-que-o-carnaval-nos-ensina-sobre-saude-mental","status":"publish","type":"post","link":"https:\/\/somdepapo.com.br\/portal\/entre-a-festa-e-a-rotina-o-que-o-carnaval-nos-ensina-sobre-saude-mental\/","title":{"rendered":"Entre a festa e a rotina: o que o Carnaval nos ensina sobre sa\u00fade mental"},"content":{"rendered":"<p style=\"text-align: right;\">Por Jo\u00e3o Costa Bezerra&nbsp;<\/p>\n<p style=\"text-align: justify;\">O Carnaval \u00e9, para muitos brasileiros, um dos momentos mais esperados do ano.&nbsp;<\/p>\n<p style=\"text-align: justify;\">Mais do que uma festa, ele representa uma pausa simb\u00f3lica na rotina, um per\u00edodo em que as pessoas se permitem rir mais, dan\u00e7ar, encontrar amigos e experimentar uma sensa\u00e7\u00e3o de leveza que, muitas vezes, fica restrita a poucos dias do ano.<\/p>\n<p style=\"text-align: justify;\">Do ponto de vista da sa\u00fade mental, esse fen\u00f4meno n\u00e3o \u00e9 por acaso. A conviv\u00eancia social, a express\u00e3o emocional, o movimento corporal e os momentos de lazer s\u00e3o fatores reconhecidos pela literatura cient\u00edfica como importantes para a redu\u00e7\u00e3o do estresse e para a promo\u00e7\u00e3o do bem-estar psicol\u00f3gico.<\/p>\n<p style=\"text-align: justify;\">Durante o Carnaval, muitas pessoas entram em contato com aspectos essenciais da vida que costumam ser negligenciados na rotina: o descanso mental, a espontaneidade, o humor e a conex\u00e3o com outras pessoas. Esses elementos contribuem para o equil\u00edbrio emocional e para a preven\u00e7\u00e3o do adoecimento ps\u00edquico.<\/p>\n<p style=\"text-align: justify;\">No entanto, ap\u00f3s o t\u00e9rmino da festa, \u00e9 comum que a leveza d\u00ea lugar novamente \u00e0 pressa, \u00e0s cobran\u00e7as excessivas e \u00e0 sensa\u00e7\u00e3o de sobrecarga. Esse contraste nos convida a refletir: por que a alegria e o cuidado com a sa\u00fade mental precisam ficar restritos a um per\u00edodo espec\u00edfico do ano?<\/p>\n<p style=\"text-align: justify;\">Leveza n\u00e3o significa falta de responsabilidade. Pelo contr\u00e1rio, pessoas que preservam momentos de descanso, lazer e conviv\u00eancia tendem a lidar melhor com desafios, apresentam maior capacidade de regula\u00e7\u00e3o emocional e desenvolvem mais resili\u00eancia diante das dificuldades do cotidiano.<\/p>\n<p style=\"text-align: justify;\">Levar o \u201cesp\u00edrito do Carnaval\u201d para o restante do ano n\u00e3o significa viver em festa permanente, mas sim incorporar pequenos h\u00e1bitos que favore\u00e7am o bem-estar: reservar momentos de lazer, cultivar v\u00ednculos, praticar atividades prazerosas, respeitar limites e permitir-se pausas reais ao longo da semana.<\/p>\n<p style=\"text-align: justify;\">Cuidar da sa\u00fade mental \u00e9 um processo cont\u00ednuo. A leveza n\u00e3o precisa ser um evento raro. Quando aprendemos a valorizar momentos simples de alegria, descanso e conex\u00e3o, ampliamos nossa qualidade de vida e fortalecemos recursos emocionais importantes para enfrentar as exig\u00eancias do dia a dia.<\/p>\n<p style=\"text-align: justify;\">Refer\u00eancias Bibliogr\u00e1ficas<\/p>\n<p style=\"text-align: justify;\">Organiza\u00e7\u00e3o Mundial da Sa\u00fade (OMS). (2022). World mental health report: Transforming mental health for all.<\/p>\n<p style=\"text-align: justify;\">Seligman, M. E. P. (2011). Florescer: Uma nova compreens\u00e3o sobre a natureza da felicidade e do bem-estar. Porto Alegre: Artmed.<\/p>\n<p style=\"text-align: justify;\">American Psychological Association (APA). (2020). Stress in America: A national mental health crisis.<\/p>\n<p style=\"text-align: justify;\">Csikszentmihalyi, M. (2014). Flow and the Foundations of Positive Psychology. Springer.<\/p>\n<p style=\"text-align: justify;\">Contato Profissional<\/p>\n<p style=\"text-align: justify;\">@psi.joaocosta<\/p>\n<p style=\"text-align: justify;\">www.psijoaocosta.com.br<\/p>\n<p style=\"text-align: justify;\">(11) 98436-1978<\/p>\n<p style=\"text-align: justify;\">Atendimento pela Plataforma Zenklub<\/p>\n<p style=\"text-align: justify;\">Busque: Jo\u00e3o Costa Bezerra<\/p>\n<p style=\"text-align: justify;\">&nbsp;<\/p>\n","protected":false},"excerpt":{"rendered":"<p>Por Jo\u00e3o Costa Bezerra&nbsp; O Carnaval \u00e9, para muitos brasileiros, um dos momentos mais esperados do ano.&nbsp; Mais do que uma festa, ele representa uma pausa simb\u00f3lica na rotina, um per\u00edodo em que as pessoas se permitem rir mais, dan\u00e7ar, encontrar amigos e experimentar uma sensa\u00e7\u00e3o de leveza que, muitas vezes, fica restrita a poucos [&hellip;]<\/p>\n","protected":false},"author":1,"featured_media":46718,"comment_status":"open","ping_status":"open","sticky":false,"template":"","format":"standard","meta":{"ngg_post_thumbnail":0,"footnotes":""},"categories":[391,2,41],"tags":[],"class_list":["post-46716","post","type-post","status-publish","format-standard","has-post-thumbnail","hentry","category-atencao-psicossocial","category-destaques","category-ultimasnoticias"],"_links":{"self":[{"href":"https:\/\/somdepapo.com.br\/portal\/wp-json\/wp\/v2\/posts\/46716","targetHints":{"allow":["GET"]}}],"collection":[{"href":"https:\/\/somdepapo.com.br\/portal\/wp-json\/wp\/v2\/posts"}],"about":[{"href":"https:\/\/somdepapo.com.br\/portal\/wp-json\/wp\/v2\/types\/post"}],"author":[{"embeddable":true,"href":"https:\/\/somdepapo.com.br\/portal\/wp-json\/wp\/v2\/users\/1"}],"replies":[{"embeddable":true,"href":"https:\/\/somdepapo.com.br\/portal\/wp-json\/wp\/v2\/comments?post=46716"}],"version-history":[{"count":1,"href":"https:\/\/somdepapo.com.br\/portal\/wp-json\/wp\/v2\/posts\/46716\/revisions"}],"predecessor-version":[{"id":46717,"href":"https:\/\/somdepapo.com.br\/portal\/wp-json\/wp\/v2\/posts\/46716\/revisions\/46717"}],"wp:featuredmedia":[{"embeddable":true,"href":"https:\/\/somdepapo.com.br\/portal\/wp-json\/wp\/v2\/media\/46718"}],"wp:attachment":[{"href":"https:\/\/somdepapo.com.br\/portal\/wp-json\/wp\/v2\/media?parent=46716"}],"wp:term":[{"taxonomy":"category","embeddable":true,"href":"https:\/\/somdepapo.com.br\/portal\/wp-json\/wp\/v2\/categories?post=46716"},{"taxonomy":"post_tag","embeddable":true,"href":"https:\/\/somdepapo.com.br\/portal\/wp-json\/wp\/v2\/tags?post=46716"}],"curies":[{"name":"wp","href":"https:\/\/api.w.org\/{rel}","templated":true}]}}