{"id":46816,"date":"2026-02-18T14:16:57","date_gmt":"2026-02-18T17:16:57","guid":{"rendered":"https:\/\/somdepapo.com.br\/portal\/?p=46816"},"modified":"2026-02-18T14:16:57","modified_gmt":"2026-02-18T17:16:57","slug":"contratos-agrarios-breves-consideracoes-sobre-contratos-de-arrendamento-e-de-parceira-rural","status":"publish","type":"post","link":"https:\/\/somdepapo.com.br\/portal\/contratos-agrarios-breves-consideracoes-sobre-contratos-de-arrendamento-e-de-parceira-rural\/","title":{"rendered":"Contratos Agr\u00e1rios: Breves Considera\u00e7\u00f5es sobre Contratos de Arrendamento e de Parceira Rural"},"content":{"rendered":"<p style=\"text-align: right;\">Por Andr\u00e9 Luiz Ortiz Minichiello<\/p>\n<p style=\"text-align: justify;\">O autor \u00e9 Advogado atuante no Direito do Agroneg\u00f3cio defendendo direitos dos produtores rurais nacionalmente. Professor Universit\u00e1rio. Especialista em Direito Empresarial; Mestre em Direito pela UNIMAR \u2013 Universidade de Mar\u00edlia. Instagram: @andreortiz.adv e-mail: alom@adv.oabsp.org.br Whatsapp: (14) 98199-4761.<\/p>\n<p style=\"text-align: justify;\">&nbsp;<\/p>\n<p style=\"text-align: justify;\">&nbsp; Quando se fala em contratos agr\u00e1rios os mais conhecidos s\u00e3o os contratos de arrendamento rural e o contrato de parceria rural. No presente texto pretende-se apresentar de forma simples e direta algumas considera\u00e7\u00f5es sobre tais contratos costumeiramente pactuados na atividade rural.<\/p>\n<p style=\"text-align: justify;\">&nbsp;Em rela\u00e7\u00e3o aos dois tipos de contratos a regulamenta\u00e7\u00e3o se d\u00e1 pelo Estatuto da Terra e pelo seu Regulamento, tratados nas leis 4504\/64 e Decreto 59.566\/66.<\/p>\n<p style=\"text-align: justify;\">&nbsp;O referido Decreto em seu artigo 1\u00ba, prev\u00ea:<\/p>\n<p style=\"text-align: justify;\">O arrendamento e a parceria s\u00e3o contratos agr\u00e1rios que a lei reconhece, para o fim de posse ou uso tempor\u00e1rio da terra, entre o propriet\u00e1rio, quem detenha a posse ou tenha a livre administra\u00e7\u00e3o de um im\u00f3vel rural, e aquele que nela exer\u00e7a qualquer atividade agr\u00edcola, pecu\u00e1ria, agroindustrial, extrativa ou mista.<\/p>\n<p style=\"text-align: justify;\">&nbsp;<\/p>\n<p style=\"text-align: justify;\">&nbsp; O Contrato de Arrendamento tem suas peculiaridades e de certa forma funciona como um contrato especial de loca\u00e7\u00e3o de terra e tem previs\u00e3o no artigo 3\u00ba do referido Decreto:<\/p>\n<p style=\"text-align: justify;\">&nbsp;<\/p>\n<p style=\"text-align: justify;\">Arrendamento rural \u00e9 o contrato agr\u00e1rio pelo qual uma pessoa (arrendador) se obriga a ceder \u00e0 outra (arrendat\u00e1rio), por tempo determinado ou n\u00e3o, o uso e gozo de im\u00f3vel rural, parte ou partes do mesmo, incluindo, ou n\u00e3o, outros bens, benfeitorias e ou facilidades, com o objetivo de nele ser exercida atividade de explora\u00e7\u00e3o agr\u00edcola, pecu\u00e1ria, agroindustrial, extrativa ou mista, mediante, certa retribui\u00e7\u00e3o ou aluguel , observados os limites percentuais da Lei.<\/p>\n<p style=\"text-align: justify;\">&nbsp;<\/p>\n<p style=\"text-align: justify;\">&nbsp; O artigo 18 do Decreto regulamentador faz men\u00e7\u00e3o a uma fixa\u00e7\u00e3o de valor em dinheiro, n\u00e3o prevendo a fixa\u00e7\u00e3o do valor em gr\u00e3os ou outra forma de remunera\u00e7\u00e3o, apesar de a jurisprud\u00eancia j\u00e1 ter reconhecido a possibilidade de fixa\u00e7\u00e3o em sacas de gr\u00e3os ou outros meios de produ\u00e7\u00e3o.<\/p>\n<p style=\"text-align: justify;\">&nbsp; J\u00e1 o Contrato de parceria, previsto no artigo 4\u00ba, \u00e9 um contrato em que se prev\u00ea o compartilhamento dos riscos da atividade, vejamos:<\/p>\n<p style=\"text-align: justify;\">&nbsp;<\/p>\n<p style=\"text-align: justify;\">Parceria rural \u00e9 o contrato agr\u00e1rio pelo qual uma pessoa se obriga a ceder \u00e0 outra, por tempo determinado ou n\u00e3o, o uso especifico de im\u00f3vel rural, de parte ou partes do mesmo, incluindo, ou n\u00e3o, benfeitorias, outros bens e ou facilidades, com o objetivo de nele ser exercida atividade de explora\u00e7\u00e3o agr\u00edcola, pecu\u00e1ria, agroindustrial, extrativa vegetal ou mista; e ou lhe entrega animais para cria, recria, invernagem, engorda ou extra\u00e7\u00e3o de mat\u00e9rias primas de origem animal, mediante partilha de riscos do caso fortuito e da for\u00e7a maior do empreendimento rural, e dos frutos, produtos ou lucros havidos nas propor\u00e7\u00f5es que estipularem, observados os limites percentuais da lei.<\/p>\n<p style=\"text-align: justify;\">&nbsp; Em quaisquer dos contratos, existe a previs\u00e3o de prazos m\u00ednimos de dura\u00e7\u00e3o previstos no inciso II do artigo 13 do Decreto, observe-se:<\/p>\n<p style=\"text-align: justify;\">Art 13. Nos contratos agr\u00e1rios, qualquer que seja a sua forma, contar\u00e3o obrigatoriamente, clausulas que assegurem a conserva\u00e7\u00e3o dos recursos naturais e a prote\u00e7\u00e3o social e econ\u00f4mica dos arrendat\u00e1rios e dos parceiros-outorgados a saber (Art. 13, incisos III e V da Lei n\u00ba 4.947-66);<\/p>\n<p style=\"text-align: justify;\">(&#8230;)<\/p>\n<p style=\"text-align: justify;\">&nbsp; &nbsp; &nbsp; &nbsp; II &#8211; Observ\u00e2ncia das seguintes normas, visando a conserva\u00e7\u00e3o dos recursos naturais:<\/p>\n<p style=\"text-align: justify;\">&nbsp; &nbsp; &nbsp; &nbsp; a) prazos m\u00ednimos, na forma da al\u00ednea &#8221; b &#8220;, do inciso XI, do art. 95 e da al\u00ednea &#8221; b &#8220;, do inciso V, do art. 96 do Estatuto da Terra:<\/p>\n<p style=\"text-align: justify;\">&nbsp; &nbsp; &nbsp; &nbsp; &#8211; de 3 (tr\u00eas), anos nos casos de arrendamento em que ocorra atividade de explora\u00e7\u00e3o de lavoura tempor\u00e1ria e ou de pecu\u00e1ria de pequeno e m\u00e9dio porte; ou em todos os casos de parceria;<\/p>\n<p style=\"text-align: justify;\">&nbsp; &nbsp; &nbsp; &nbsp; &#8211; de 5 (cinco), anos nos casos de arrendamento em que ocorra atividade de explora\u00e7\u00e3o de lavoura permanente e ou de pecu\u00e1ria de grande porte para cria, recria, engorda ou extra\u00e7\u00e3o de mat\u00e9rias primas de origem animal;<\/p>\n<p style=\"text-align: justify;\">&nbsp; &nbsp; &nbsp; &nbsp; &#8211; de 7 (sete), anos nos casos em que ocorra atividade de explora\u00e7\u00e3o florestal;<\/p>\n<p style=\"text-align: justify;\">&nbsp; Muito importante que as partes envolvidas estejam sempre cientes das obriga\u00e7\u00f5es e direitos e qual a melhor forma de contrata\u00e7\u00e3o para a situa\u00e7\u00e3o do caso concreto, pois, tais contratos s\u00e3o regulados em lei e existem previs\u00e3o quanto aos limites de valores, porcentagens na parceria, al\u00e9m de requisitos especiais para seus encerramentos.<\/p>\n<p style=\"text-align: justify;\">&nbsp;&nbsp;<\/p>\n<p style=\"text-align: justify;\">&nbsp;<\/p>\n<p style=\"text-align: justify;\">&nbsp;<\/p>\n<p style=\"text-align: justify;\">&nbsp;<\/p>\n","protected":false},"excerpt":{"rendered":"<p>Por Andr\u00e9 Luiz Ortiz Minichiello O autor \u00e9 Advogado atuante no Direito do Agroneg\u00f3cio defendendo direitos dos produtores rurais nacionalmente. Professor Universit\u00e1rio. Especialista em Direito Empresarial; Mestre em Direito pela UNIMAR \u2013 Universidade de Mar\u00edlia. Instagram: @andreortiz.adv e-mail: alom@adv.oabsp.org.br Whatsapp: (14) 98199-4761. &nbsp; &nbsp; Quando se fala em contratos agr\u00e1rios os mais conhecidos s\u00e3o os [&hellip;]<\/p>\n","protected":false},"author":1,"featured_media":46817,"comment_status":"open","ping_status":"open","sticky":false,"template":"","format":"standard","meta":{"ngg_post_thumbnail":0,"footnotes":""},"categories":[2,388,41],"tags":[],"class_list":["post-46816","post","type-post","status-publish","format-standard","has-post-thumbnail","hentry","category-destaques","category-direito-ambiental-e-agrario","category-ultimasnoticias"],"_links":{"self":[{"href":"https:\/\/somdepapo.com.br\/portal\/wp-json\/wp\/v2\/posts\/46816","targetHints":{"allow":["GET"]}}],"collection":[{"href":"https:\/\/somdepapo.com.br\/portal\/wp-json\/wp\/v2\/posts"}],"about":[{"href":"https:\/\/somdepapo.com.br\/portal\/wp-json\/wp\/v2\/types\/post"}],"author":[{"embeddable":true,"href":"https:\/\/somdepapo.com.br\/portal\/wp-json\/wp\/v2\/users\/1"}],"replies":[{"embeddable":true,"href":"https:\/\/somdepapo.com.br\/portal\/wp-json\/wp\/v2\/comments?post=46816"}],"version-history":[{"count":1,"href":"https:\/\/somdepapo.com.br\/portal\/wp-json\/wp\/v2\/posts\/46816\/revisions"}],"predecessor-version":[{"id":46818,"href":"https:\/\/somdepapo.com.br\/portal\/wp-json\/wp\/v2\/posts\/46816\/revisions\/46818"}],"wp:featuredmedia":[{"embeddable":true,"href":"https:\/\/somdepapo.com.br\/portal\/wp-json\/wp\/v2\/media\/46817"}],"wp:attachment":[{"href":"https:\/\/somdepapo.com.br\/portal\/wp-json\/wp\/v2\/media?parent=46816"}],"wp:term":[{"taxonomy":"category","embeddable":true,"href":"https:\/\/somdepapo.com.br\/portal\/wp-json\/wp\/v2\/categories?post=46816"},{"taxonomy":"post_tag","embeddable":true,"href":"https:\/\/somdepapo.com.br\/portal\/wp-json\/wp\/v2\/tags?post=46816"}],"curies":[{"name":"wp","href":"https:\/\/api.w.org\/{rel}","templated":true}]}}