{"id":46864,"date":"2026-02-20T08:41:57","date_gmt":"2026-02-20T11:41:57","guid":{"rendered":"https:\/\/somdepapo.com.br\/portal\/?p=46864"},"modified":"2026-02-20T08:41:57","modified_gmt":"2026-02-20T11:41:57","slug":"quando-procurar-um-psicologo","status":"publish","type":"post","link":"https:\/\/somdepapo.com.br\/portal\/quando-procurar-um-psicologo\/","title":{"rendered":"Quando procurar um Psic\u00f3logo?"},"content":{"rendered":"<p style=\"text-align: right;\">Por Thiago Alves Eduardo- Psic\u00f3logo<\/p>\n<p style=\"text-align: right;\">@thiagoalvespsic&nbsp;<\/p>\n<p style=\"text-align: justify;\">Procurar um psic\u00f3logo ainda \u00e9, para muitas pessoas, um passo cercado de d\u00favidas, receios e at\u00e9 preconceitos. Em uma cultura que valoriza a autossufici\u00eancia e a ideia de que \u201cdar conta de tudo sozinho\u201d \u00e9 sinal de for\u00e7a, admitir que precisamos de ajuda pode parecer fraqueza. No entanto, reconhecer a necessidade de apoio emocional \u00e9, na verdade, um gesto de coragem e maturidade. A psicologia n\u00e3o \u00e9 apenas um recurso para momentos extremos, mas um espa\u00e7o de cuidado, autoconhecimento e transforma\u00e7\u00e3o.<\/p>\n<p style=\"text-align: justify;\">Muitas pessoas associam a busca por um psic\u00f3logo a situa\u00e7\u00f5es-limite: crises intensas, diagn\u00f3sticos psiqui\u00e1tricos ou eventos traum\u00e1ticos. Embora esses sejam, sim, motivos leg\u00edtimos e importantes para procurar ajuda, eles n\u00e3o s\u00e3o os \u00fanicos. Sofrimentos mais silenciosos e persistentes como tristeza constante, ansiedade frequente, irritabilidade, sensa\u00e7\u00e3o de vazio ou dificuldades nos relacionamentos tamb\u00e9m s\u00e3o sinais de que algo precisa de aten\u00e7\u00e3o. \u00c0s vezes, o mal-estar n\u00e3o tem um nome claro, mas se manifesta como um cansa\u00e7o emocional que n\u00e3o passa, uma desmotiva\u00e7\u00e3o diante da vida ou uma dificuldade de encontrar sentido nas atividades cotidianas.<\/p>\n<p style=\"text-align: justify;\">Buscar um psic\u00f3logo \u00e9 especialmente importante quando percebemos que nossos recursos internos j\u00e1 n\u00e3o s\u00e3o suficientes para lidar com determinada situa\u00e7\u00e3o. Todos n\u00f3s enfrentamos perdas, frustra\u00e7\u00f5es e conflitos; isso faz parte da condi\u00e7\u00e3o humana. Contudo, quando esses eventos come\u00e7am a comprometer nosso sono, nosso apetite, nosso desempenho no trabalho ou nos estudos, ou nossa capacidade de manter v\u00ednculos saud\u00e1veis, \u00e9 um sinal de alerta. A ajuda profissional oferece um espa\u00e7o seguro para compreender o que est\u00e1 acontecendo, organizar pensamentos e emo\u00e7\u00f5es e desenvolver estrat\u00e9gias mais saud\u00e1veis de enfrentamento.<\/p>\n<p style=\"text-align: justify;\">Tamb\u00e9m \u00e9 fundamental entender que n\u00e3o \u00e9 preciso \u201cestar no fundo do po\u00e7o\u201d para iniciar um acompanhamento psicol\u00f3gico. Muitas pessoas procuram terapia em momentos de transi\u00e7\u00e3o: in\u00edcio ou t\u00e9rmino de relacionamentos, mudan\u00e7as de carreira, maternidade ou paternidade, luto, mudan\u00e7as de cidade. Essas fases, mesmo quando positivas, podem gerar inseguran\u00e7a e ansiedade. O psic\u00f3logo atua como um facilitador do processo de adapta\u00e7\u00e3o, ajudando a pessoa a se conhecer melhor e a tomar decis\u00f5es mais conscientes.<\/p>\n<p style=\"text-align: justify;\">Outro aspecto relevante \u00e9 o autoconhecimento. A rotina acelerada e as m\u00faltiplas demandas do mundo contempor\u00e2neo muitas vezes nos afastam de n\u00f3s mesmos. Agimos no \u201cpiloto autom\u00e1tico\u201d, repetindo padr\u00f5es de comportamento e relacionamento sem refletir sobre suas origens e consequ\u00eancias. A psicoterapia \u00e9 um convite \u00e0 pausa e \u00e0 escuta interna. Ao longo das sess\u00f5es, o indiv\u00edduo pode identificar cren\u00e7as limitantes, compreender a influ\u00eancia de experi\u00eancias passadas e construir novas formas de se posicionar diante da vida.<\/p>\n<p style=\"text-align: justify;\">H\u00e1, ainda, o estigma social que envolve a sa\u00fade mental. Por muito tempo, falar sobre emo\u00e7\u00f5es foi considerado sinal de fragilidade. No entanto, movimentos globais e organiza\u00e7\u00f5es como a Organiza\u00e7\u00e3o Mundial da Sa\u00fade t\u00eam refor\u00e7ado a import\u00e2ncia de cuidar da sa\u00fade mental com a mesma seriedade dedicada \u00e0 sa\u00fade f\u00edsica. Assim como procuramos um m\u00e9dico quando sentimos dores persistentes no corpo, tamb\u00e9m dever\u00edamos considerar buscar apoio psicol\u00f3gico quando o sofrimento emocional se prolonga ou se intensifica.<\/p>\n<p style=\"text-align: justify;\">\u00c9 importante destacar que o psic\u00f3logo n\u00e3o oferece respostas prontas nem solu\u00e7\u00f5es m\u00e1gicas. O processo terap\u00eautico \u00e9 constru\u00eddo em parceria, baseado na escuta qualificada, no respeito e na \u00e9tica. O profissional ajuda a ampliar a percep\u00e7\u00e3o sobre os problemas, a questionar padr\u00f5es e a desenvolver recursos internos. Muitas vezes, o simples fato de ter um espa\u00e7o onde \u00e9 poss\u00edvel falar sem julgamentos j\u00e1 produz al\u00edvio e clareza.<\/p>\n<p style=\"text-align: justify;\">Procurar um psic\u00f3logo tamb\u00e9m pode ser um ato preventivo. Ao aprender a lidar melhor com emo\u00e7\u00f5es, estabelecer limites saud\u00e1veis e comunicar necessidades de forma assertiva, a pessoa fortalece sua sa\u00fade mental e reduz a probabilidade de desenvolver quadros mais graves no futuro. A terapia n\u00e3o elimina os desafios da vida, mas pode transformar a maneira como nos relacionamos com eles.<\/p>\n<p style=\"text-align: justify;\">Cuidar da sa\u00fade mental \u00e9 um compromisso cont\u00ednuo consigo mesmo. Procurar um psic\u00f3logo n\u00e3o \u00e9 um sinal de fracasso, mas um passo em dire\u00e7\u00e3o \u00e0 responsabilidade emocional. \u00c9 um gesto de respeito \u00e0 pr\u00f3pria hist\u00f3ria e uma aposta na possibilidade de mudan\u00e7a. Afinal, reconhecer que precisamos de ajuda \u00e9, muitas vezes, o primeiro e mais importante movimento de transforma\u00e7\u00e3o.<\/p>\n<p style=\"text-align: justify;\">&nbsp;<\/p>\n<p style=\"text-align: justify;\">&nbsp;<\/p>\n","protected":false},"excerpt":{"rendered":"<p>Por Thiago Alves Eduardo- Psic\u00f3logo @thiagoalvespsic&nbsp; Procurar um psic\u00f3logo ainda \u00e9, para muitas pessoas, um passo cercado de d\u00favidas, receios e at\u00e9 preconceitos. Em uma cultura que valoriza a autossufici\u00eancia e a ideia de que \u201cdar conta de tudo sozinho\u201d \u00e9 sinal de for\u00e7a, admitir que precisamos de ajuda pode parecer fraqueza. No entanto, reconhecer [&hellip;]<\/p>\n","protected":false},"author":1,"featured_media":46865,"comment_status":"open","ping_status":"open","sticky":false,"template":"","format":"standard","meta":{"ngg_post_thumbnail":0,"footnotes":""},"categories":[2,352,41],"tags":[],"class_list":["post-46864","post","type-post","status-publish","format-standard","has-post-thumbnail","hentry","category-destaques","category-terapias","category-ultimasnoticias"],"_links":{"self":[{"href":"https:\/\/somdepapo.com.br\/portal\/wp-json\/wp\/v2\/posts\/46864","targetHints":{"allow":["GET"]}}],"collection":[{"href":"https:\/\/somdepapo.com.br\/portal\/wp-json\/wp\/v2\/posts"}],"about":[{"href":"https:\/\/somdepapo.com.br\/portal\/wp-json\/wp\/v2\/types\/post"}],"author":[{"embeddable":true,"href":"https:\/\/somdepapo.com.br\/portal\/wp-json\/wp\/v2\/users\/1"}],"replies":[{"embeddable":true,"href":"https:\/\/somdepapo.com.br\/portal\/wp-json\/wp\/v2\/comments?post=46864"}],"version-history":[{"count":1,"href":"https:\/\/somdepapo.com.br\/portal\/wp-json\/wp\/v2\/posts\/46864\/revisions"}],"predecessor-version":[{"id":46866,"href":"https:\/\/somdepapo.com.br\/portal\/wp-json\/wp\/v2\/posts\/46864\/revisions\/46866"}],"wp:featuredmedia":[{"embeddable":true,"href":"https:\/\/somdepapo.com.br\/portal\/wp-json\/wp\/v2\/media\/46865"}],"wp:attachment":[{"href":"https:\/\/somdepapo.com.br\/portal\/wp-json\/wp\/v2\/media?parent=46864"}],"wp:term":[{"taxonomy":"category","embeddable":true,"href":"https:\/\/somdepapo.com.br\/portal\/wp-json\/wp\/v2\/categories?post=46864"},{"taxonomy":"post_tag","embeddable":true,"href":"https:\/\/somdepapo.com.br\/portal\/wp-json\/wp\/v2\/tags?post=46864"}],"curies":[{"name":"wp","href":"https:\/\/api.w.org\/{rel}","templated":true}]}}