{"id":46873,"date":"2026-02-21T06:26:12","date_gmt":"2026-02-21T09:26:12","guid":{"rendered":"https:\/\/somdepapo.com.br\/portal\/?p=46873"},"modified":"2026-02-20T19:31:11","modified_gmt":"2026-02-20T22:31:11","slug":"ansiedade-na-mulher-contemporanea","status":"publish","type":"post","link":"https:\/\/somdepapo.com.br\/portal\/ansiedade-na-mulher-contemporanea\/","title":{"rendered":"Ansiedade na Mulher Contempor\u00e2nea"},"content":{"rendered":"<p style=\"text-align: right;\">Por Cris Oliveira&nbsp;<\/p>\n<p style=\"text-align: justify;\">&nbsp;<\/p>\n<p style=\"text-align: justify;\">Ol\u00e1, eu sou Cris Oliveira, psicoterapeuta especialista em Sa\u00fade Emocional Corporativa e mestranda em Neuroci\u00eancias.<\/p>\n<p style=\"text-align: justify;\">Antes dos t\u00edtulos, por\u00e9m, existe uma mulher que, assim como tantas outras, aprendeu a conciliar m\u00faltiplos pap\u00e9is: m\u00e3e, esposa, profissional, estudante, cuidadora, sonhadora. Carrego comigo hist\u00f3rias, desafios e supera\u00e7\u00f5es \u2014 e \u00e9 dessa combina\u00e7\u00e3o entre ci\u00eancia e vida real que nasce esta coluna. Aqui, quero conversar com voc\u00ea de um jeito simples, profundo e humano. Quero acolher, ensinar e, principalmente, caminhar ao seu lado.<\/p>\n<p style=\"text-align: justify;\">E para essa primeira conversa, escolhi um tema que atravessa silenciosamente o cotidiano da mulher contempor\u00e2nea: a ansiedade.<\/p>\n<p style=\"text-align: justify;\">Vivemos em um tempo bonito e dif\u00edcil ao mesmo tempo. Bonito porque conquistamos espa\u00e7os que antes n\u00e3o eram nossos: estudo, carreira, independ\u00eancia emocional e financeira, projetos pessoais e voz ativa. Dif\u00edcil porque, junto com essas conquistas, vieram tamb\u00e9m novas press\u00f5es \u2014 internas e externas \u2014 que nem sempre conseguimos nomear.<\/p>\n<p style=\"text-align: justify;\">A neuroci\u00eancia explica que o c\u00e9rebro humano foi moldado para sobreviv\u00eancia, n\u00e3o para lidar com a avalanche de est\u00edmulos, demandas e compara\u00e7\u00f5es do s\u00e9culo XXI.<\/p>\n<p style=\"text-align: justify;\">A mulher contempor\u00e2nea acorda pensando em metas, crian\u00e7as, prazos, expectativas, corpo, produtividade, relacionamentos, trabalho, estudos, autocuidado\u2026 tudo ao mesmo tempo. E quando o c\u00e9rebro interpreta que \u201ctem coisa demais acontecendo\u201d, ele aciona um mecanismo de prote\u00e7\u00e3o: a am\u00edgdala, regi\u00e3o respons\u00e1vel pelo estado de alerta.<\/p>\n<p style=\"text-align: justify;\">Esse estado ativado repetidamente aumenta a libera\u00e7\u00e3o de cortisol e adrenalina \u2014 horm\u00f4nios necess\u00e1rios para sobreviv\u00eancia, mas desgastantes quando permanecem circulando diariamente. O resultado? Sensa\u00e7\u00f5es que voc\u00ea provavelmente j\u00e1 viveu:<\/p>\n<p style=\"text-align: justify;\">* a mente acelerada mesmo quando o corpo est\u00e1 exausto<\/p>\n<p style=\"text-align: justify;\">* preocupa\u00e7\u00e3o constante com o futuro<\/p>\n<p style=\"text-align: justify;\">* sensa\u00e7\u00e3o de nunca estar fazendo o suficiente<\/p>\n<p style=\"text-align: justify;\">* dificuldade de descansar de verdade<\/p>\n<p style=\"text-align: justify;\">* irritabilidade sem motivo claro<\/p>\n<p style=\"text-align: justify;\">* cora\u00e7\u00e3o acelerado<\/p>\n<p style=\"text-align: justify;\">* medo de falhar<\/p>\n<p style=\"text-align: justify;\">* um cansa\u00e7o emocional que parece maior do que o f\u00edsico<\/p>\n<p style=\"text-align: justify;\">E ainda assim, seguimos. Porque fomos ensinadas a sermos fortes, resilientes, controladas. Aprendemos que pedir ajuda \u00e9 fraqueza, que pausa \u00e9 perda de tempo e que ser mulher \u00e9 \u201cdar conta de tudo\u201d.<\/p>\n<p style=\"text-align: justify;\">Mas a verdade \u2014 sustentada tanto pela ci\u00eancia quanto pela experi\u00eancia de vida \u2014 \u00e9 que a ansiedade n\u00e3o \u00e9 um defeito, n\u00e3o \u00e9 frescura, n\u00e3o \u00e9 falta de f\u00e9 e muito menos falta de for\u00e7a.<\/p>\n<p style=\"text-align: justify;\">A ansiedade \u00e9 um sinal.<\/p>\n<p style=\"text-align: justify;\">Um alerta.<\/p>\n<p style=\"text-align: justify;\">Uma tentativa do c\u00e9rebro de nos proteger da sobrecarga.&nbsp;<\/p>\n<p style=\"text-align: justify;\">E quando compreendemos esse processo, algo importante acontece: deixamos de sentir culpa pelo que sentimos e passamos a sentir responsabilidade por como nos cuidamos.<\/p>\n<p style=\"text-align: justify;\">A mulher contempor\u00e2nea vive em uma sociedade acelerada, visual, comparativa. Redes sociais influenciam percep\u00e7\u00f5es, padr\u00f5es imposs\u00edveis moldam expectativas, e a sensa\u00e7\u00e3o de que sempre falta algo se torna constante. Por isso, entender o c\u00e9rebro se torna um ato de liberdade.<\/p>\n<p style=\"text-align: justify;\">A neuroci\u00eancia nos mostra que o c\u00e9rebro \u00e9 pl\u00e1stico: ele muda, se reorganiza, cria novas rotas, aprende e se adapta. Isso significa que, mesmo diante da ansiedade, h\u00e1 caminhos poss\u00edveis, saud\u00e1veis e acess\u00edveis para reorganizar a mente.<\/p>\n<p style=\"text-align: justify;\">A regula\u00e7\u00e3o emocional, os exerc\u00edcios de neur\u00f3bica, os h\u00e1bitos que promovem neuroplasticidade positiva, a respira\u00e7\u00e3o consciente, o sono adequado, a medita\u00e7\u00e3o guiada e a hipnoterapia s\u00e3o recursos poderosos que ensinam o c\u00e9rebro a reduzir o estado de alerta e a construir novas respostas diante do estresse.<\/p>\n<p style=\"text-align: justify;\">E \u00e9 justamente aqui que mora minha paix\u00e3o:<\/p>\n<p style=\"text-align: justify;\">mostrar que ci\u00eancia e cuidado caminham juntas.<\/p>\n<p style=\"text-align: justify;\">Que sa\u00fade mental n\u00e3o \u00e9 luxo, \u00e9 necessidade.<\/p>\n<p style=\"text-align: justify;\">Que conhecer o c\u00e9rebro \u00e9 conhecer a si mesma.<\/p>\n<p style=\"text-align: justify;\">E que a ansiedade, embora desconfort\u00e1vel, pode ser uma porta para mudan\u00e7as profundas.<\/p>\n<p style=\"text-align: justify;\">Esta coluna nasce para ser um espa\u00e7o seu. Um espa\u00e7o nosso.<\/p>\n<p style=\"text-align: justify;\">Um lugar para aprender, refletir, desacelerar e, principalmente, sentir-se compreendida.<\/p>\n<p style=\"text-align: justify;\">Ao longo das pr\u00f3ximas semanas, vou trazer temas como regula\u00e7\u00e3o emocional, neuroci\u00eancia aplicada ao dia a dia, h\u00e1bitos que fortalecem a sa\u00fade mental, hipnoterapia, autocuidado real (n\u00e3o romantizado) e estrat\u00e9gias pr\u00e1ticas para lidar com a ansiedade sem culpa e sem exig\u00eancias imposs\u00edveis.<\/p>\n<p style=\"text-align: justify;\">Porque, no fim das contas, ser mulher contempor\u00e2nea n\u00e3o \u00e9 sobre ser perfeita.<\/p>\n<p style=\"text-align: justify;\">\u00c9 sobre ser poss\u00edvel.<\/p>\n<p style=\"text-align: justify;\">\u00c9 sobre se reconhecer.<\/p>\n<p style=\"text-align: justify;\">\u00c9 sobre voltar para si.<\/p>\n<p style=\"text-align: justify;\">E, acima de tudo, \u00e9 sobre ser cuidada \u2014 por voc\u00ea e por quem caminha ao seu lado.<\/p>\n<p style=\"text-align: justify;\">Nos vemos na pr\u00f3xima coluna. \ud83d\udc97<\/p>\n<p style=\"text-align: justify;\">Cris Oliveira<\/p>\n<p style=\"text-align: justify;\">Psicoterapeuta \u2022 Mestranda em Neuroci\u00eancias \u2022 Especialista em Sa\u00fade Emocional Corporativa<\/p>\n<p style=\"text-align: justify;\">&nbsp;<\/p>\n<p style=\"text-align: justify;\">&nbsp;<\/p>\n<p style=\"text-align: justify;\">&nbsp;<\/p>\n","protected":false},"excerpt":{"rendered":"<p>Por Cris Oliveira&nbsp; &nbsp; Ol\u00e1, eu sou Cris Oliveira, psicoterapeuta especialista em Sa\u00fade Emocional Corporativa e mestranda em Neuroci\u00eancias. Antes dos t\u00edtulos, por\u00e9m, existe uma mulher que, assim como tantas outras, aprendeu a conciliar m\u00faltiplos pap\u00e9is: m\u00e3e, esposa, profissional, estudante, cuidadora, sonhadora. Carrego comigo hist\u00f3rias, desafios e supera\u00e7\u00f5es \u2014 e \u00e9 dessa combina\u00e7\u00e3o entre ci\u00eancia [&hellip;]<\/p>\n","protected":false},"author":1,"featured_media":46875,"comment_status":"open","ping_status":"open","sticky":false,"template":"","format":"standard","meta":{"ngg_post_thumbnail":0,"footnotes":""},"categories":[2,377,31,41],"tags":[],"class_list":["post-46873","post","type-post","status-publish","format-standard","has-post-thumbnail","hentry","category-destaques","category-neurociencia","category-noticias","category-ultimasnoticias"],"_links":{"self":[{"href":"https:\/\/somdepapo.com.br\/portal\/wp-json\/wp\/v2\/posts\/46873","targetHints":{"allow":["GET"]}}],"collection":[{"href":"https:\/\/somdepapo.com.br\/portal\/wp-json\/wp\/v2\/posts"}],"about":[{"href":"https:\/\/somdepapo.com.br\/portal\/wp-json\/wp\/v2\/types\/post"}],"author":[{"embeddable":true,"href":"https:\/\/somdepapo.com.br\/portal\/wp-json\/wp\/v2\/users\/1"}],"replies":[{"embeddable":true,"href":"https:\/\/somdepapo.com.br\/portal\/wp-json\/wp\/v2\/comments?post=46873"}],"version-history":[{"count":1,"href":"https:\/\/somdepapo.com.br\/portal\/wp-json\/wp\/v2\/posts\/46873\/revisions"}],"predecessor-version":[{"id":46874,"href":"https:\/\/somdepapo.com.br\/portal\/wp-json\/wp\/v2\/posts\/46873\/revisions\/46874"}],"wp:featuredmedia":[{"embeddable":true,"href":"https:\/\/somdepapo.com.br\/portal\/wp-json\/wp\/v2\/media\/46875"}],"wp:attachment":[{"href":"https:\/\/somdepapo.com.br\/portal\/wp-json\/wp\/v2\/media?parent=46873"}],"wp:term":[{"taxonomy":"category","embeddable":true,"href":"https:\/\/somdepapo.com.br\/portal\/wp-json\/wp\/v2\/categories?post=46873"},{"taxonomy":"post_tag","embeddable":true,"href":"https:\/\/somdepapo.com.br\/portal\/wp-json\/wp\/v2\/tags?post=46873"}],"curies":[{"name":"wp","href":"https:\/\/api.w.org\/{rel}","templated":true}]}}