{"id":47091,"date":"2026-03-03T06:43:54","date_gmt":"2026-03-03T09:43:54","guid":{"rendered":"https:\/\/somdepapo.com.br\/portal\/?p=47091"},"modified":"2026-03-02T22:46:29","modified_gmt":"2026-03-03T01:46:29","slug":"autonomo-voce-e-seu-proprio-ativo","status":"publish","type":"post","link":"https:\/\/somdepapo.com.br\/portal\/autonomo-voce-e-seu-proprio-ativo\/","title":{"rendered":"Aut\u00f4nomo: voc\u00ea \u00e9 seu pr\u00f3prio ativo"},"content":{"rendered":"<p style=\"text-align: right;\">Por Caio Melo<\/p>\n<p style=\"text-align: right;\">@caiomelo<\/p>\n<p style=\"text-align: justify;\">Para o profissional aut\u00f4nomo, a principal fonte de receita n\u00e3o \u00e9 uma empresa estruturada, uma m\u00e1quina ou um contrato de longo prazo. \u00c9 a pr\u00f3pria capacidade de trabalhar. \u00c9 a sua sa\u00fade. \u00c9 a sua energia. \u00c9 a sua presen\u00e7a ativa no dia a dia.<\/p>\n<p style=\"text-align: justify;\">Enquanto um empregado formal pode contar com afastamentos remunerados, benef\u00edcios corporativos ou estabilidade provis\u00f3ria em determinadas situa\u00e7\u00f5es, o aut\u00f4nomo vive outra realidade: se n\u00e3o trabalha, n\u00e3o recebe.<\/p>\n<p style=\"text-align: justify;\">E \u00e9 justamente por isso que o seguro de vida \u2014 especialmente na sua vertente de prote\u00e7\u00e3o em vida \u2014 deixa de ser um produto associado exclusivamente \u00e0 morte e passa a ser uma ferramenta estrat\u00e9gica de continuidade financeira.<\/p>\n<p style=\"text-align: justify;\">O risco invis\u00edvel que poucos calculam<\/p>\n<p style=\"text-align: justify;\">Imagine a seguinte situa\u00e7\u00e3o: um profissional liberal sofre uma fratura e precisa ficar 60 dias afastado. Um corretor aut\u00f4nomo tem um infarto e precisa reduzir drasticamente o ritmo por seis meses. Um empres\u00e1rio individual descobre um c\u00e2ncer em est\u00e1gio inicial e inicia tratamento imediato.<\/p>\n<p style=\"text-align: justify;\">N\u00e3o estamos falando de fatalidade. Estamos falando de eventos poss\u00edveis \u2014 e cada vez mais comuns.<\/p>\n<p style=\"text-align: justify;\">Interna\u00e7\u00f5es, cirurgias, AVC, infarto, doen\u00e7as graves, invalidez parcial ou tempor\u00e1ria. Mesmo situa\u00e7\u00f5es consideradas \u201csimples\u201d, como uma quebra de ossos ou uma h\u00e9rnia de disco, podem afastar um profissional por semanas ou meses.<\/p>\n<p style=\"text-align: justify;\">A pergunta central \u00e9: Como ficam as contas durante esse per\u00edodo?<\/p>\n<p style=\"text-align: justify;\">Aluguel do escrit\u00f3rio. Escola dos filhos. Plano de sa\u00fade. Financiamentos. Funcion\u00e1rios. Impostos. Custos fixos continuam existindo \u2014 mesmo quando a receita para.<\/p>\n<p style=\"text-align: justify;\">Para a maioria da popula\u00e7\u00e3o, o seguro de vida \u00e9 importante. Para o aut\u00f4nomo, ele \u00e9 imprescind\u00edvel.<\/p>\n<p style=\"text-align: justify;\">Prote\u00e7\u00e3o em vida: renda quando voc\u00ea mais precisa<\/p>\n<p style=\"text-align: justify;\">A estrutura moderna do seguro de vida vai muito al\u00e9m da indeniza\u00e7\u00e3o por morte. Hoje, ele pode oferecer cobertura para doen\u00e7as graves, indeniza\u00e7\u00e3o por invalidez, di\u00e1rias por incapacidade tempor\u00e1ria, suporte financeiro em casos de interna\u00e7\u00e3o e antecipa\u00e7\u00e3o de capital em caso de diagn\u00f3stico severo.<\/p>\n<p style=\"text-align: justify;\">Na pr\u00e1tica, isso significa liquidez imediata quando a sua capacidade produtiva \u00e9 afetada.<\/p>\n<p style=\"text-align: justify;\">&nbsp;<\/p>\n<p style=\"text-align: justify;\">Liquidez \u00e9 liberdade. Liquidez \u00e9 tempo para tratamento adequado. Liquidez \u00e9 evitar vender patrim\u00f4nio \u00e0s pressas.<\/p>\n<p style=\"text-align: justify;\">Sem prote\u00e7\u00e3o, muitos aut\u00f4nomos s\u00e3o obrigados a utilizar reservas de emerg\u00eancia, vender ativos ou recorrer a empr\u00e9stimos caros exatamente no momento de maior fragilidade emocional e f\u00edsica.<\/p>\n<p style=\"text-align: justify;\">Com prote\u00e7\u00e3o estruturada, o foco pode ser o que realmente importa: recuperar a sa\u00fade.<\/p>\n<p style=\"text-align: justify;\">O maior erro do aut\u00f4nomo bem-sucedido<\/p>\n<p style=\"text-align: justify;\">Existe um comportamento recorrente entre profissionais aut\u00f4nomos de alta performance: eles investem no neg\u00f3cio, na expans\u00e3o, em marketing, em equipamentos \u2014 mas negligenciam a pr\u00f3pria prote\u00e7\u00e3o.<\/p>\n<p style=\"text-align: justify;\">Se a sua renda depende exclusivamente da sua capacidade de trabalhar, voc\u00ea \u00e9 o principal ativo do seu neg\u00f3cio. E todo ativo estrat\u00e9gico precisa estar protegido.<\/p>\n<p style=\"text-align: justify;\">Empresas fazem seguro de frota. Ind\u00fastrias fazem seguro de m\u00e1quinas. Construtoras fazem seguro de obras. Por que o profissional aut\u00f4nomo n\u00e3o protegeria o seu pr\u00f3prio potencial produtivo?<\/p>\n<p style=\"text-align: justify;\">Estrat\u00e9gia de longo prazo: fam\u00edlia e neg\u00f3cios protegidos<\/p>\n<p style=\"text-align: justify;\">Al\u00e9m da prote\u00e7\u00e3o em vida, o seguro tamb\u00e9m cumpre um papel fundamental na organiza\u00e7\u00e3o patrimonial e na seguran\u00e7a da fam\u00edlia.<\/p>\n<p style=\"text-align: justify;\">Caso ocorra um evento mais grave, a indeniza\u00e7\u00e3o n\u00e3o entra em invent\u00e1rio, n\u00e3o sofre bloqueio judicial e chega diretamente aos benefici\u00e1rios indicados, com agilidade.<\/p>\n<p style=\"text-align: justify;\">Isso garante continuidade financeira da fam\u00edlia, manuten\u00e7\u00e3o do padr\u00e3o de vida, prote\u00e7\u00e3o dos filhos, organiza\u00e7\u00e3o da sucess\u00e3o e preserva\u00e7\u00e3o do neg\u00f3cio constru\u00eddo ao longo dos anos.<\/p>\n<p style=\"text-align: justify;\">N\u00e3o \u00e9 custo. \u00c9 blindagem financeira.<\/p>\n<p style=\"text-align: justify;\">Seguro de vida n\u00e3o \u00e9 despesa. \u00c9 blindagem.<\/p>\n<p style=\"text-align: justify;\">\u00c9 a cria\u00e7\u00e3o de um colch\u00e3o financeiro que n\u00e3o depende da sua produtividade di\u00e1ria. \u00c9 um mecanismo que garante estabilidade mesmo quando o imprevisto acontece.<\/p>\n<p style=\"text-align: justify;\">Prote\u00e7\u00e3o em vida \u00e9 sobre responsabilidade. \u00c9 sobre vis\u00e3o de longo prazo. \u00c9 sobre continuidade. N\u00e3o se trata apenas de proteger contra a morte. Trata-se de proteger a sua renda, sua fam\u00edlia e o neg\u00f3cio que voc\u00ea construiu com tanto esfor\u00e7o.<\/p>\n<p style=\"text-align: justify;\">Para o aut\u00f4nomo, seguro de vida n\u00e3o \u00e9 luxo. \u00c9 fundamento.<\/p>\n<p style=\"text-align: justify;\">E quanto antes essa estrutura for organizada, menor o custo e maior a efici\u00eancia da prote\u00e7\u00e3o. Porque no fim das contas, o seu maior patrim\u00f4nio \u00e9 a sua capacidade de produzir. E patrim\u00f4nio estrat\u00e9gico n\u00e3o se deixa desprotegido.<\/p>\n<p style=\"text-align: justify;\">&nbsp;<\/p>\n<p style=\"text-align: justify;\">&nbsp;<\/p>\n<p style=\"text-align: justify;\">Caio Melo &#8211; 81994703845<\/p>\n<p style=\"text-align: justify;\">MBA gest\u00e3o de projetos, Engenheiro Eletricista pela UFPE, com mais de 10 anos de experiencia em gigante multinacional do setor energ\u00e9tico, especialista em gest\u00e3o de riscos, atualmente executivo franqueado da Prudential do Brasil.<\/p>\n<p style=\"text-align: justify;\">&nbsp;<\/p>\n","protected":false},"excerpt":{"rendered":"<p>Por Caio Melo @caiomelo Para o profissional aut\u00f4nomo, a principal fonte de receita n\u00e3o \u00e9 uma empresa estruturada, uma m\u00e1quina ou um contrato de longo prazo. \u00c9 a pr\u00f3pria capacidade de trabalhar. \u00c9 a sua sa\u00fade. \u00c9 a sua energia. \u00c9 a sua presen\u00e7a ativa no dia a dia. Enquanto um empregado formal pode contar [&hellip;]<\/p>\n","protected":false},"author":1,"featured_media":47092,"comment_status":"open","ping_status":"open","sticky":false,"template":"","format":"standard","meta":{"ngg_post_thumbnail":0,"footnotes":""},"categories":[2,395,41],"tags":[],"class_list":["post-47091","post","type-post","status-publish","format-standard","has-post-thumbnail","hentry","category-destaques","category-gestao-de-risco","category-ultimasnoticias"],"_links":{"self":[{"href":"https:\/\/somdepapo.com.br\/portal\/wp-json\/wp\/v2\/posts\/47091","targetHints":{"allow":["GET"]}}],"collection":[{"href":"https:\/\/somdepapo.com.br\/portal\/wp-json\/wp\/v2\/posts"}],"about":[{"href":"https:\/\/somdepapo.com.br\/portal\/wp-json\/wp\/v2\/types\/post"}],"author":[{"embeddable":true,"href":"https:\/\/somdepapo.com.br\/portal\/wp-json\/wp\/v2\/users\/1"}],"replies":[{"embeddable":true,"href":"https:\/\/somdepapo.com.br\/portal\/wp-json\/wp\/v2\/comments?post=47091"}],"version-history":[{"count":1,"href":"https:\/\/somdepapo.com.br\/portal\/wp-json\/wp\/v2\/posts\/47091\/revisions"}],"predecessor-version":[{"id":47093,"href":"https:\/\/somdepapo.com.br\/portal\/wp-json\/wp\/v2\/posts\/47091\/revisions\/47093"}],"wp:featuredmedia":[{"embeddable":true,"href":"https:\/\/somdepapo.com.br\/portal\/wp-json\/wp\/v2\/media\/47092"}],"wp:attachment":[{"href":"https:\/\/somdepapo.com.br\/portal\/wp-json\/wp\/v2\/media?parent=47091"}],"wp:term":[{"taxonomy":"category","embeddable":true,"href":"https:\/\/somdepapo.com.br\/portal\/wp-json\/wp\/v2\/categories?post=47091"},{"taxonomy":"post_tag","embeddable":true,"href":"https:\/\/somdepapo.com.br\/portal\/wp-json\/wp\/v2\/tags?post=47091"}],"curies":[{"name":"wp","href":"https:\/\/api.w.org\/{rel}","templated":true}]}}