{"id":47119,"date":"2026-03-04T08:08:26","date_gmt":"2026-03-04T11:08:26","guid":{"rendered":"https:\/\/somdepapo.com.br\/portal\/?p=47119"},"modified":"2026-03-04T08:08:50","modified_gmt":"2026-03-04T11:08:50","slug":"chivas-em-minas-gerais-e-o-papel-invisivel-da-ocupacao-em-app-nos-desastres","status":"publish","type":"post","link":"https:\/\/somdepapo.com.br\/portal\/chivas-em-minas-gerais-e-o-papel-invisivel-da-ocupacao-em-app-nos-desastres\/","title":{"rendered":"Chuvas em Minas Gerais e o papel invis\u00edvel da ocupa\u00e7\u00e3o em APP nos desastres"},"content":{"rendered":"<p style=\"text-align: right;\">Por Andr\u00e9 Henrique&nbsp;<\/p>\n<p style=\"text-align: justify;\">&nbsp;<\/p>\n<p style=\"text-align: justify;\">As chuvas que atingiram a Zona da Mata de Minas Gerais no in\u00edcio do ano voltaram a expor uma realidade conhecida, mas frequentemente ignorada: desastres naturais raramente s\u00e3o apenas naturais. Em munic\u00edpios como Juiz de Fora e Ub\u00e1, eventos extremos de precipita\u00e7\u00e3o provocaram enchentes e deslizamentos que deixaram dezenas de mortos, milhares de desabrigados e bairros inteiros isolados. Estimativas recentes indicam mais de 70 mortes e milhares de pessoas deslocadas ap\u00f3s chuvas muito acima da m\u00e9dia hist\u00f3rica para o m\u00eas de fevereiro.&nbsp;<\/p>\n<p style=\"text-align: justify;\">Embora o volume de chuva tenha sido excepcional, chegando a quatro vezes a m\u00e9dia mensal em algumas \u00e1reas, a magnitude da trag\u00e9dia n\u00e3o pode ser explicada apenas pela meteorologia. Um fator central \u00e9 o padr\u00e3o hist\u00f3rico de ocupa\u00e7\u00e3o urbana em \u00e1reas ambientalmente sens\u00edveis, especialmente em \u00c1reas de Preserva\u00e7\u00e3o Permanente (APPs) e encostas inst\u00e1veis. Minas Gerais \u00e9 atualmente o estado brasileiro com maior \u00e1rea urbana constru\u00edda em terrenos de alta declividade, com cerca de 14,5 mil hectares ocupados em locais com risco elevado de deslizamento.&nbsp;<\/p>\n<p style=\"text-align: justify;\">Esse cen\u00e1rio cria uma combina\u00e7\u00e3o perigosa entre processos naturais e vulnerabilidade humana.<\/p>\n<p style=\"text-align: justify;\">O que s\u00e3o APPs e por que elas existem<\/p>\n<p style=\"text-align: justify;\">As \u00c1reas de Preserva\u00e7\u00e3o Permanente s\u00e3o zonas protegidas definidas pelo C\u00f3digo Florestal brasileiro com o objetivo de manter fun\u00e7\u00f5es ecol\u00f3gicas essenciais. Entre essas \u00e1reas est\u00e3o margens de rios, nascentes, encostas \u00edngremes, topos de morro e \u00e1reas sujeitas a instabilidade geol\u00f3gica.<\/p>\n<p style=\"text-align: justify;\">Essas \u00e1reas cumprem fun\u00e7\u00f5es ambientais cr\u00edticas:<\/p>\n<p style=\"text-align: justify;\">Prote\u00e7\u00e3o contra eros\u00e3o e deslizamentos<\/p>\n<p style=\"text-align: justify;\">Regula\u00e7\u00e3o do escoamento da \u00e1gua da chuva<\/p>\n<p style=\"text-align: justify;\">Redu\u00e7\u00e3o de enchentes e assoreamento<\/p>\n<p style=\"text-align: justify;\">Prote\u00e7\u00e3o de nascentes e recursos h\u00eddricos<\/p>\n<p style=\"text-align: justify;\">Em outras palavras, as APPs s\u00e3o uma esp\u00e9cie de \u201cinfraestrutura natural de seguran\u00e7a\u201d. Quando preservadas, funcionam como barreiras naturais contra desastres hidrol\u00f3gicos e geol\u00f3gicos.<\/p>\n<p style=\"text-align: justify;\">Quando a APP vira bairro<\/p>\n<p style=\"text-align: justify;\">O problema come\u00e7a quando essas \u00e1reas deixam de cumprir sua fun\u00e7\u00e3o ecol\u00f3gica e passam a ser ocupadas por moradias, ruas e loteamentos.<\/p>\n<p style=\"text-align: justify;\">Nas margens de rios, a retirada da vegeta\u00e7\u00e3o ciliar reduz a capacidade do solo de infiltrar \u00e1gua e aumenta o escoamento superficial. O resultado \u00e9 um aumento r\u00e1pido do volume de \u00e1gua nos cursos d\u2019\u00e1gua, elevando o risco de enchentes.<\/p>\n<p style=\"text-align: justify;\">Nas encostas, o impacto \u00e9 ainda mais cr\u00edtico. A vegeta\u00e7\u00e3o exerce um papel fundamental na estabilidade do solo, pois:<\/p>\n<p style=\"text-align: justify;\">suas ra\u00edzes ajudam a manter o solo coeso;<\/p>\n<p style=\"text-align: justify;\">a cobertura vegetal reduz o impacto direto da chuva;<\/p>\n<p style=\"text-align: justify;\">a infiltra\u00e7\u00e3o da \u00e1gua ocorre de forma mais lenta.<\/p>\n<p style=\"text-align: justify;\">Quando essa vegeta\u00e7\u00e3o \u00e9 removida para abrir espa\u00e7o para constru\u00e7\u00f5es, o solo se torna mais suscet\u00edvel \u00e0 satura\u00e7\u00e3o h\u00eddrica e \u00e0 perda de resist\u00eancia. Em eventos de chuva intensa, isso pode desencadear movimentos de massa os conhecidos deslizamentos.<\/p>\n<p style=\"text-align: justify;\">O desastre anunciado<\/p>\n<p style=\"text-align: justify;\">Em muitos casos, os locais mais afetados por trag\u00e9dias clim\u00e1ticas s\u00e3o justamente aqueles que, pela legisla\u00e7\u00e3o ambiental, nunca deveriam ter sido ocupados.<\/p>\n<p style=\"text-align: justify;\">Nas chuvas recentes em Minas Gerais, muitos deslizamentos ocorreram em \u00e1reas urbanizadas em encostas ou pr\u00f3ximas a cursos d\u2019\u00e1gua. Essas \u00e1reas acumulam tr\u00eas fatores de risco simultaneamente:<\/p>\n<p style=\"text-align: justify;\">Chuvas intensas<\/p>\n<p style=\"text-align: justify;\">Solo saturado<\/p>\n<p style=\"text-align: justify;\">Ocupa\u00e7\u00e3o irregular ou mal planejada<\/p>\n<p style=\"text-align: justify;\">Quando esses tr\u00eas elementos se combinam, o desastre deixa de ser uma possibilidade e passa a ser uma probabilidade.<\/p>\n<p style=\"text-align: justify;\">Mudan\u00e7as clim\u00e1ticas amplificam o problema<\/p>\n<p style=\"text-align: justify;\">Outro elemento que intensifica esse cen\u00e1rio \u00e9 o aumento da frequ\u00eancia de eventos extremos de chuva, associado \u00e0s mudan\u00e7as clim\u00e1ticas. Cientistas j\u00e1 alertam que tempestades mais intensas e concentradas est\u00e3o se tornando mais comuns no Brasil.&nbsp;<\/p>\n<p style=\"text-align: justify;\">Isso significa que \u00e1reas urbanas constru\u00eddas em zonas de risco enfrentar\u00e3o eventos cada vez mais severos. O que antes era considerado uma chuva \u201cexcepcional\u201d pode se tornar cada vez mais frequente.<\/p>\n<p style=\"text-align: justify;\">Se a ocupa\u00e7\u00e3o irregular continuar avan\u00e7ando sobre APPs, o resultado tende a ser uma escalada de trag\u00e9dias.<\/p>\n<p style=\"text-align: justify;\">Desastres naturais ou desastres de planejamento?<\/p>\n<p style=\"text-align: justify;\">Diante desse cen\u00e1rio, surge uma pergunta inc\u00f4moda: at\u00e9 que ponto essas trag\u00e9dias s\u00e3o realmente naturais?<\/p>\n<p style=\"text-align: justify;\">Chuvas fortes sempre fizeram parte da din\u00e2mica clim\u00e1tica do Sudeste brasileiro. O que mudou foi a forma como o territ\u00f3rio foi ocupado.<\/p>\n<p style=\"text-align: justify;\">Quando margens de rios s\u00e3o transformadas em bairros, quando encostas viram loteamentos e quando \u00e1reas de risco s\u00e3o ocupadas sem planejamento, a natureza apenas reage \u00e0s altera\u00e7\u00f5es feitas pelo pr\u00f3prio ser humano.<\/p>\n<p style=\"text-align: justify;\">Assim, muitos dos chamados \u201cdesastres naturais\u201d s\u00e3o, na verdade, desastres de planejamento urbano e de gest\u00e3o ambiental.<\/p>\n<p style=\"text-align: justify;\">O papel da gest\u00e3o ambiental<\/p>\n<p style=\"text-align: justify;\">A preven\u00e7\u00e3o de trag\u00e9dias passa por tr\u00eas pilares fundamentais:<\/p>\n<p style=\"text-align: justify;\">Respeito \u00e0s APPs e ao C\u00f3digo Florestal<\/p>\n<p style=\"text-align: justify;\">Planejamento urbano baseado em risco geol\u00f3gico e hidrol\u00f3gico<\/p>\n<p style=\"text-align: justify;\">Recupera\u00e7\u00e3o ambiental de \u00e1reas degradadas<\/p>\n<p style=\"text-align: justify;\">Investir em vegeta\u00e7\u00e3o ciliar, drenagem urbana sustent\u00e1vel e controle da ocupa\u00e7\u00e3o em encostas n\u00e3o \u00e9 apenas uma quest\u00e3o ambiental \u00e9 uma pol\u00edtica de prote\u00e7\u00e3o \u00e0 vida.<\/p>\n<p style=\"text-align: justify;\">Conclus\u00e3o<\/p>\n<p style=\"text-align: justify;\">As chuvas em Minas Gerais s\u00e3o mais um alerta de que a rela\u00e7\u00e3o entre sociedade e territ\u00f3rio precisa ser repensada. O problema n\u00e3o \u00e9 apenas a intensidade da chuva, mas onde e como escolhemos viver.<\/p>\n<p style=\"text-align: justify;\">APPs n\u00e3o foram criadas para impedir o desenvolvimento urbano, mas para evitar que a ocupa\u00e7\u00e3o humana aconte\u00e7a justamente nos locais onde a natureza cobra o pre\u00e7o mais alto.<\/p>\n<p style=\"text-align: justify;\">Ignorar essa l\u00f3gica significa transformar eventos clim\u00e1ticos em trag\u00e9dias humanas.<\/p>\n<p style=\"text-align: justify;\">E, infelizmente, o Brasil ainda insiste em aprender essa li\u00e7\u00e3o da forma mais dolorosa poss\u00edvel.<\/p>\n<p style=\"text-align: justify;\">Se voc\u00ea deseja aprender mais sobre como iniciar na \u00e1rea ambiental e fazer a diferen\u00e7a no mercado de trabalho, confira o eBook &#8220;Como Iniciar sua Consultoria Ambiental&#8221; dispon\u00edvel na Hotmart. Com ele, voc\u00ea ter\u00e1 um guia pr\u00e1tico para iniciar nas carreiras ambientais.<\/p>\n<p style=\"text-align: justify;\">Andr\u00e9 Henrique de Rezende Almeida<\/p>\n<p style=\"text-align: justify;\">@BIOLOGOANDREHENRIQUE<\/p>\n<p style=\"text-align: justify;\">Bi\u00f3logo CRBIO 02: 60.945<\/p>\n<p style=\"text-align: justify;\">Engenheiro Ambiental CREA: ES-055476\/D<\/p>\n<p style=\"text-align: justify;\">&nbsp;<\/p>\n<p style=\"text-align: justify;\">&nbsp;<\/p>\n","protected":false},"excerpt":{"rendered":"<p>Por Andr\u00e9 Henrique&nbsp; &nbsp; As chuvas que atingiram a Zona da Mata de Minas Gerais no in\u00edcio do ano voltaram a expor uma realidade conhecida, mas frequentemente ignorada: desastres naturais raramente s\u00e3o apenas naturais. Em munic\u00edpios como Juiz de Fora e Ub\u00e1, eventos extremos de precipita\u00e7\u00e3o provocaram enchentes e deslizamentos que deixaram dezenas de mortos, [&hellip;]<\/p>\n","protected":false},"author":1,"featured_media":47120,"comment_status":"open","ping_status":"open","sticky":false,"template":"","format":"standard","meta":{"ngg_post_thumbnail":0,"footnotes":""},"categories":[2,345,31,41],"tags":[],"class_list":["post-47119","post","type-post","status-publish","format-standard","has-post-thumbnail","hentry","category-destaques","category-meio-ambiente","category-noticias","category-ultimasnoticias"],"_links":{"self":[{"href":"https:\/\/somdepapo.com.br\/portal\/wp-json\/wp\/v2\/posts\/47119","targetHints":{"allow":["GET"]}}],"collection":[{"href":"https:\/\/somdepapo.com.br\/portal\/wp-json\/wp\/v2\/posts"}],"about":[{"href":"https:\/\/somdepapo.com.br\/portal\/wp-json\/wp\/v2\/types\/post"}],"author":[{"embeddable":true,"href":"https:\/\/somdepapo.com.br\/portal\/wp-json\/wp\/v2\/users\/1"}],"replies":[{"embeddable":true,"href":"https:\/\/somdepapo.com.br\/portal\/wp-json\/wp\/v2\/comments?post=47119"}],"version-history":[{"count":2,"href":"https:\/\/somdepapo.com.br\/portal\/wp-json\/wp\/v2\/posts\/47119\/revisions"}],"predecessor-version":[{"id":47122,"href":"https:\/\/somdepapo.com.br\/portal\/wp-json\/wp\/v2\/posts\/47119\/revisions\/47122"}],"wp:featuredmedia":[{"embeddable":true,"href":"https:\/\/somdepapo.com.br\/portal\/wp-json\/wp\/v2\/media\/47120"}],"wp:attachment":[{"href":"https:\/\/somdepapo.com.br\/portal\/wp-json\/wp\/v2\/media?parent=47119"}],"wp:term":[{"taxonomy":"category","embeddable":true,"href":"https:\/\/somdepapo.com.br\/portal\/wp-json\/wp\/v2\/categories?post=47119"},{"taxonomy":"post_tag","embeddable":true,"href":"https:\/\/somdepapo.com.br\/portal\/wp-json\/wp\/v2\/tags?post=47119"}],"curies":[{"name":"wp","href":"https:\/\/api.w.org\/{rel}","templated":true}]}}