{"id":47163,"date":"2026-03-06T06:22:14","date_gmt":"2026-03-06T09:22:14","guid":{"rendered":"https:\/\/somdepapo.com.br\/portal\/?p=47163"},"modified":"2026-03-06T08:11:39","modified_gmt":"2026-03-06T11:11:39","slug":"aguerrasilenciosa","status":"publish","type":"post","link":"https:\/\/somdepapo.com.br\/portal\/aguerrasilenciosa\/","title":{"rendered":"A Guerra Silenciosa que muitas mulheres enfrentam. Entre for\u00e7a, culpa e exaust\u00e3o emocional"},"content":{"rendered":"<p style=\"text-align: right;\">Por Leandro Liz<\/p>\n<p style=\"text-align: right;\">Psicanalista<\/p>\n<p style=\"text-align: right;\">@psicanalistalizes<\/p>\n<p style=\"text-align: justify;\">*A guerra silenciosa que muitas mulheres enfrentam*<\/p>\n<p style=\"text-align: justify;\">*Entre for\u00e7a, culpa e exaust\u00e3o emocional*<\/p>\n<p style=\"text-align: justify;\">Vivemos um tempo em que a mulher \u00e9 constantemente chamada de forte.<\/p>\n<p style=\"text-align: justify;\">Forte para trabalhar, cuidar da fam\u00edlia, sustentar rela\u00e7\u00f5es e lidar com press\u00f5es que muitas vezes ningu\u00e9m v\u00ea.<\/p>\n<p style=\"text-align: justify;\">Mas existe algo que quase nunca \u00e9 dito: por tr\u00e1s dessa imagem de for\u00e7a, muitas mulheres vivem uma guerra silenciosa.<\/p>\n<p style=\"text-align: justify;\">Uma guerra entre o que sentem e aquilo que acreditam que precisam suportar.<\/p>\n<p style=\"text-align: justify;\">Desde cedo, muitas aprendem a cuidar de todos, menos de si mesmas. Aprendem a silenciar sentimentos e, muitas vezes, confundem amor com sacrif\u00edcio.<\/p>\n<p style=\"text-align: justify;\">E quando o cansa\u00e7o aparece, surge tamb\u00e9m a culpa. Culpa por n\u00e3o dar conta de tudo, por querer espa\u00e7o ou por desejar uma vida diferente.<\/p>\n<p style=\"text-align: justify;\">A psican\u00e1lise nos mostra algo importante: algu\u00e9m pode parecer forte por fora e, ainda assim, estar emocionalmente exausto por dentro.<\/p>\n<p style=\"text-align: justify;\">Muitas mulheres vivem uma cobran\u00e7a interna constante para serem boas em tudo. Mas ningu\u00e9m sustenta tantas expectativas sem pagar um pre\u00e7o emocional.<\/p>\n<p style=\"text-align: justify;\">Positividade n\u00e3o \u00e9 exigir que a mulher seja forte o tempo todo.<\/p>\n<p style=\"text-align: justify;\">Positividade \u00e9 permitir que ela seja humana.<\/p>\n<p style=\"text-align: justify;\">Reconhecer limites, elaborar dores e romper padr\u00f5es que geram sofrimento tamb\u00e9m fazem parte do amadurecimento emocional.<\/p>\n<p style=\"text-align: justify;\">Porque for\u00e7a de verdade n\u00e3o \u00e9 suportar tudo em sil\u00eancio, mas ter coragem de olhar para a pr\u00f3pria hist\u00f3ria e decidir que ela pode ser diferente.<\/p>\n<p style=\"text-align: justify;\">A pergunta que fica \u00e9 simples:<\/p>\n<p style=\"text-align: justify;\">Voc\u00ea est\u00e1 vivendo a sua vida ou apenas sustentando expectativas que colocaram sobre voc\u00ea?<\/p>\n<p style=\"text-align: justify;\">Imagem ilustrativa criada com o uso de Intelig\u00eancia Artificial.<\/p>\n<p style=\"text-align: justify;\">Se essa reflex\u00e3o despertou algo em voc\u00ea, talvez seja o momento de olhar para sua pr\u00f3pria hist\u00f3ria com mais profundidade.<\/p>\n<p style=\"text-align: justify;\">Sou psicanalista cl\u00ednico e, desde 2019, ajudo pessoas a compreenderem seus conflitos emocionais e desenvolverem maior consci\u00eancia sobre si mesmas.<\/p>\n<p style=\"text-align: justify;\">Se sentir que chegou o momento de se escutar com mais verdade, te convido para um atendimento psicanal\u00edtico terap\u00eautico online.<\/p>\n<p style=\"text-align: justify;\">\u201cSer positivo n\u00e3o \u00e9 negar a dor.<\/p>\n<p style=\"text-align: justify;\">\u00c9 decidir n\u00e3o ser governado por ela.\u201d<\/p>\n","protected":false},"excerpt":{"rendered":"<p>Por Leandro Liz Psicanalista @psicanalistalizes *A guerra silenciosa que muitas mulheres enfrentam* *Entre for\u00e7a, culpa e exaust\u00e3o emocional* Vivemos um tempo em que a mulher \u00e9 constantemente chamada de forte. Forte para trabalhar, cuidar da fam\u00edlia, sustentar rela\u00e7\u00f5es e lidar com press\u00f5es que muitas vezes ningu\u00e9m v\u00ea. Mas existe algo que quase nunca \u00e9 dito: [&hellip;]<\/p>\n","protected":false},"author":1,"featured_media":47161,"comment_status":"open","ping_status":"open","sticky":false,"template":"","format":"standard","meta":{"ngg_post_thumbnail":0,"footnotes":""},"categories":[2,36,41],"tags":[],"class_list":["post-47163","post","type-post","status-publish","format-standard","has-post-thumbnail","hentry","category-destaques","category-positividade","category-ultimasnoticias"],"_links":{"self":[{"href":"https:\/\/somdepapo.com.br\/portal\/wp-json\/wp\/v2\/posts\/47163","targetHints":{"allow":["GET"]}}],"collection":[{"href":"https:\/\/somdepapo.com.br\/portal\/wp-json\/wp\/v2\/posts"}],"about":[{"href":"https:\/\/somdepapo.com.br\/portal\/wp-json\/wp\/v2\/types\/post"}],"author":[{"embeddable":true,"href":"https:\/\/somdepapo.com.br\/portal\/wp-json\/wp\/v2\/users\/1"}],"replies":[{"embeddable":true,"href":"https:\/\/somdepapo.com.br\/portal\/wp-json\/wp\/v2\/comments?post=47163"}],"version-history":[{"count":3,"href":"https:\/\/somdepapo.com.br\/portal\/wp-json\/wp\/v2\/posts\/47163\/revisions"}],"predecessor-version":[{"id":47166,"href":"https:\/\/somdepapo.com.br\/portal\/wp-json\/wp\/v2\/posts\/47163\/revisions\/47166"}],"wp:featuredmedia":[{"embeddable":true,"href":"https:\/\/somdepapo.com.br\/portal\/wp-json\/wp\/v2\/media\/47161"}],"wp:attachment":[{"href":"https:\/\/somdepapo.com.br\/portal\/wp-json\/wp\/v2\/media?parent=47163"}],"wp:term":[{"taxonomy":"category","embeddable":true,"href":"https:\/\/somdepapo.com.br\/portal\/wp-json\/wp\/v2\/categories?post=47163"},{"taxonomy":"post_tag","embeddable":true,"href":"https:\/\/somdepapo.com.br\/portal\/wp-json\/wp\/v2\/tags?post=47163"}],"curies":[{"name":"wp","href":"https:\/\/api.w.org\/{rel}","templated":true}]}}