{"id":47168,"date":"2026-03-06T06:35:28","date_gmt":"2026-03-06T09:35:28","guid":{"rendered":"https:\/\/somdepapo.com.br\/portal\/?p=47168"},"modified":"2026-03-05T18:39:22","modified_gmt":"2026-03-05T21:39:22","slug":"mudar-tambem-e-um-tipo-de-luto","status":"publish","type":"post","link":"https:\/\/somdepapo.com.br\/portal\/mudar-tambem-e-um-tipo-de-luto\/","title":{"rendered":"Mudar tamb\u00e9m \u00e9 um tipo de Luto"},"content":{"rendered":"<p style=\"text-align: right;\">Por Jo\u00e3o Costa Bezerra&nbsp;<\/p>\n<p style=\"text-align: right;\">@psi.joaocosta<\/p>\n<p style=\"text-align: justify;\">&nbsp;<\/p>\n<p style=\"text-align: justify;\">Na psicologia, compreendemos que toda mudan\u00e7a carrega camadas invis\u00edveis de perdas e adapta\u00e7\u00f5es.<\/p>\n<p style=\"text-align: justify;\">N\u00e3o se trata apenas de decidir algo novo ou alterar um comportamento.<\/p>\n<p style=\"text-align: justify;\">Mudar envolve mexer em estruturas internas, questionar cren\u00e7as, rever v\u00ednculos e, muitas vezes, despedir-se de partes de si mesmo.<\/p>\n<p style=\"text-align: justify;\">Por isso, os processos de transforma\u00e7\u00e3o nem sempre s\u00e3o leves.<\/p>\n<p style=\"text-align: justify;\">Eles podem trazer sofrimento, d\u00favidas e at\u00e9 resist\u00eancia. Afinal, mudar exige abrir m\u00e3o de zonas conhecidas \u2014 mesmo quando essas zonas j\u00e1 n\u00e3o nos fazem bem.<\/p>\n<p style=\"text-align: justify;\">Existe um luto presente em toda mudan\u00e7a.<\/p>\n<p style=\"text-align: justify;\">\u00c9 o luto do que ficou para tr\u00e1s.<\/p>\n<p style=\"text-align: justify;\">O luto do que poderia ter sido.<\/p>\n<p style=\"text-align: justify;\">O luto das vers\u00f5es de n\u00f3s mesmos que j\u00e1 n\u00e3o cabem mais na vida que estamos tentando construir.<\/p>\n<p style=\"text-align: justify;\">Nem sempre falamos sobre isso.<\/p>\n<p style=\"text-align: justify;\">Vivemos em uma cultura que valoriza o novo, o crescimento e a supera\u00e7\u00e3o, mas raramente reconhece o quanto transformar-se tamb\u00e9m exige atravessar perdas.<\/p>\n<p style=\"text-align: justify;\">Entre o que j\u00e1 n\u00e3o somos e aquilo que ainda estamos nos tornando existe um espa\u00e7o de incerteza.<\/p>\n<p style=\"text-align: justify;\">Um territ\u00f3rio interno onde o novo come\u00e7a a surgir \u2014 ainda fr\u00e1gil, ainda sem forma definida.<\/p>\n<p style=\"text-align: justify;\">Esse espa\u00e7o pode gerar medo, confus\u00e3o e at\u00e9 a sensa\u00e7\u00e3o de estar perdido.<\/p>\n<p style=\"text-align: justify;\">Mas tamb\u00e9m pode ser um espa\u00e7o f\u00e9rtil.<\/p>\n<p style=\"text-align: justify;\">\u00c9 justamente nesse lugar que a psicoterapia pode oferecer um apoio importante: criando um ambiente seguro para acolher o que d\u00f3i, compreender o que resiste e fortalecer aquilo que deseja nascer.<\/p>\n<p style=\"text-align: justify;\">Mudar n\u00e3o \u00e9 apenas conquistar algo novo.<\/p>\n<p style=\"text-align: justify;\">\u00c9 tamb\u00e9m ter coragem de atravessar aquilo que precisa ser deixado para tr\u00e1s.<\/p>\n<p style=\"text-align: justify;\">E talvez a pergunta que fique seja:<\/p>\n<p style=\"text-align: justify;\">O que em sua vida est\u00e1 pedindo mudan\u00e7a \u2014 e que despedidas voc\u00ea tem evitado fazer para que o novo possa surgir?<\/p>\n<p style=\"text-align: justify;\">Mini Curr\u00edculo&nbsp;<\/p>\n<p style=\"text-align: justify;\">Jo\u00e3o Costa Bezerra, psicoterapeuta com atua\u00e7\u00e3o cl\u00ednica voltada ao desenvolvimento emocional e \u00e0 sa\u00fade mental. Utiliza uma abordagem integrativa que re\u00fane TCC, DBT, Psicologia Anal\u00edtica, atendendo crian\u00e7as, adolescentes e adultos com foco em autoconhecimento e regula\u00e7\u00e3o emocional<\/p>\n<p style=\"text-align: justify;\">Contato Profissional<\/p>\n<p style=\"text-align: justify;\">@psi.joaocosta<\/p>\n<p style=\"text-align: justify;\">www.psijoaocosta.com.br<\/p>\n<p style=\"text-align: justify;\">(11) 98436-1978<\/p>\n<p style=\"text-align: justify;\">Atendimento pela Plataforma Zenklub<\/p>\n<p style=\"text-align: justify;\">Busque: Jo\u00e3o Costa Bezerra<\/p>\n<p style=\"text-align: justify;\">&nbsp;<\/p>\n<p style=\"text-align: justify;\">Refer\u00eancias bibliogr\u00e1ficas<\/p>\n<p style=\"text-align: justify;\">BOWLBY, John. Perda: tristeza e depress\u00e3o. S\u00e3o Paulo: Martins Fontes, 2004.<\/p>\n<p style=\"text-align: justify;\">K\u00dcBLER-ROSS, Elisabeth. Sobre a morte e o morrer. S\u00e3o Paulo: Martins Fontes, 2017.<\/p>\n<p style=\"text-align: justify;\">WORDEN, J. William. Terapia do luto: um manual para o profissional de sa\u00fade mental. Porto Alegre: Artmed, 2013.<\/p>\n<p style=\"text-align: justify;\">&nbsp;<\/p>\n<p style=\"text-align: justify;\">&nbsp;<\/p>\n<p style=\"text-align: justify;\">&nbsp;<\/p>\n<p style=\"text-align: justify;\">&nbsp;<\/p>\n<p style=\"text-align: justify;\">&nbsp;<\/p>\n","protected":false},"excerpt":{"rendered":"<p>Por Jo\u00e3o Costa Bezerra&nbsp; @psi.joaocosta &nbsp; Na psicologia, compreendemos que toda mudan\u00e7a carrega camadas invis\u00edveis de perdas e adapta\u00e7\u00f5es. N\u00e3o se trata apenas de decidir algo novo ou alterar um comportamento. Mudar envolve mexer em estruturas internas, questionar cren\u00e7as, rever v\u00ednculos e, muitas vezes, despedir-se de partes de si mesmo. Por isso, os processos de [&hellip;]<\/p>\n","protected":false},"author":1,"featured_media":47170,"comment_status":"open","ping_status":"open","sticky":false,"template":"","format":"standard","meta":{"ngg_post_thumbnail":0,"footnotes":""},"categories":[391,2,41],"tags":[],"class_list":["post-47168","post","type-post","status-publish","format-standard","has-post-thumbnail","hentry","category-atencao-psicossocial","category-destaques","category-ultimasnoticias"],"_links":{"self":[{"href":"https:\/\/somdepapo.com.br\/portal\/wp-json\/wp\/v2\/posts\/47168","targetHints":{"allow":["GET"]}}],"collection":[{"href":"https:\/\/somdepapo.com.br\/portal\/wp-json\/wp\/v2\/posts"}],"about":[{"href":"https:\/\/somdepapo.com.br\/portal\/wp-json\/wp\/v2\/types\/post"}],"author":[{"embeddable":true,"href":"https:\/\/somdepapo.com.br\/portal\/wp-json\/wp\/v2\/users\/1"}],"replies":[{"embeddable":true,"href":"https:\/\/somdepapo.com.br\/portal\/wp-json\/wp\/v2\/comments?post=47168"}],"version-history":[{"count":1,"href":"https:\/\/somdepapo.com.br\/portal\/wp-json\/wp\/v2\/posts\/47168\/revisions"}],"predecessor-version":[{"id":47169,"href":"https:\/\/somdepapo.com.br\/portal\/wp-json\/wp\/v2\/posts\/47168\/revisions\/47169"}],"wp:featuredmedia":[{"embeddable":true,"href":"https:\/\/somdepapo.com.br\/portal\/wp-json\/wp\/v2\/media\/47170"}],"wp:attachment":[{"href":"https:\/\/somdepapo.com.br\/portal\/wp-json\/wp\/v2\/media?parent=47168"}],"wp:term":[{"taxonomy":"category","embeddable":true,"href":"https:\/\/somdepapo.com.br\/portal\/wp-json\/wp\/v2\/categories?post=47168"},{"taxonomy":"post_tag","embeddable":true,"href":"https:\/\/somdepapo.com.br\/portal\/wp-json\/wp\/v2\/tags?post=47168"}],"curies":[{"name":"wp","href":"https:\/\/api.w.org\/{rel}","templated":true}]}}