{"id":47209,"date":"2026-03-06T17:25:27","date_gmt":"2026-03-06T20:25:27","guid":{"rendered":"https:\/\/somdepapo.com.br\/portal\/?p=47209"},"modified":"2026-03-06T17:25:27","modified_gmt":"2026-03-06T20:25:27","slug":"entre-o-silencio-e-a-confissao-o-medo-de-ser-julgado-na-terapia","status":"publish","type":"post","link":"https:\/\/somdepapo.com.br\/portal\/entre-o-silencio-e-a-confissao-o-medo-de-ser-julgado-na-terapia\/","title":{"rendered":"Entre o Sil\u00eancio e a Confiss\u00e3o: o Medo de ser julgado na Terapia"},"content":{"rendered":"<p style=\"text-align: justify;\">Entre o Sil\u00eancio e a Confiss\u00e3o: o Medo de Ser Julgado na Terapia<\/p>\n<p style=\"text-align: justify;\">Por Thiago Alves Eduardo &#8211; Psic\u00f3logo&nbsp;<\/p>\n<p style=\"text-align: justify;\">@thiagoalvespsic<\/p>\n<p style=\"text-align: justify;\">O medo de ser julgado \u00e9 uma das barreiras mais silenciosas e poderosas que muitas pessoas enfrentam ao iniciar ou participar de um processo terap\u00eautico. Paradoxalmente, a terapia \u00e9 um espa\u00e7o criado justamente para acolher fragilidades, contradi\u00e7\u00f5es e sentimentos dif\u00edceis, mas ainda assim o receio de exposi\u00e7\u00e3o pode fazer com que algu\u00e9m hesite em falar, omita partes importantes de sua hist\u00f3ria ou at\u00e9 mesmo desista de continuar. Refletir sobre esse medo \u00e9 essencial para compreender como ele se forma, como se manifesta e, principalmente, como pode ser transformado ao longo do processo terap\u00eautico.<\/p>\n<p style=\"text-align: justify;\">Desde muito cedo, aprendemos que nossas atitudes, pensamentos e emo\u00e7\u00f5es podem ser avaliados pelos outros. Na fam\u00edlia, na escola e em diferentes ambientes sociais, somos constantemente ensinados sobre o que \u00e9 considerado \u201ccerto\u201d ou \u201cerrado\u201d, \u201cadequado\u201d ou \u201cinadequado\u201d. Esse processo de socializa\u00e7\u00e3o \u00e9 importante para a conviv\u00eancia em sociedade, mas tamb\u00e9m pode gerar um sentimento constante de vigil\u00e2ncia sobre si mesmo. Com o tempo, muitas pessoas internalizam essa expectativa de julgamento, passando a acreditar que seus pensamentos mais \u00edntimos ou suas experi\u00eancias mais dif\u00edceis ser\u00e3o automaticamente condenados pelos outros.<\/p>\n<p style=\"text-align: justify;\">Quando algu\u00e9m decide procurar terapia, essa bagagem emocional n\u00e3o desaparece. Pelo contr\u00e1rio, muitas vezes ela se intensifica. A pessoa entra em um espa\u00e7o desconhecido, diante de um profissional que ainda n\u00e3o conhece, e se v\u00ea convidada a falar sobre aspectos profundos de sua vida. \u00c9 natural que surja a pergunta: \u201cE se o terapeuta achar que estou errado?\u201d, \u201cE se ele pensar que sou fraco, exagerado ou problem\u00e1tico?\u201d. Esse tipo de pensamento revela n\u00e3o apenas o medo de ser julgado, mas tamb\u00e9m o receio de n\u00e3o ser aceito em sua totalidade.<\/p>\n<p style=\"text-align: justify;\">Esse medo pode se manifestar de v\u00e1rias formas dentro da terapia. Algumas pessoas evitam certos assuntos, especialmente aqueles que envolvem culpa, vergonha ou arrependimento. Outras contam suas hist\u00f3rias de forma superficial, sem entrar em detalhes que consideram embara\u00e7osos. H\u00e1 tamb\u00e9m quem tente organizar o discurso para parecer mais coerente ou \u201cmelhor resolvido\u201d do que realmente se sente. Em todos esses casos, o medo do julgamento funciona como uma esp\u00e9cie de filtro, limitando a profundidade do processo terap\u00eautico.<\/p>\n<p style=\"text-align: justify;\">No entanto, a terapia \u00e9 justamente um dos poucos espa\u00e7os onde o julgamento n\u00e3o deveria ocupar lugar central. O papel do terapeuta n\u00e3o \u00e9 condenar, moralizar ou avaliar a pessoa como \u201cboa\u201d ou \u201cm\u00e1\u201d, mas compreender sua experi\u00eancia, seus sentimentos e os significados que ela atribui \u00e0s pr\u00f3prias viv\u00eancias. A escuta terap\u00eautica busca ser emp\u00e1tica, aberta e acolhedora, criando um ambiente seguro para que o indiv\u00edduo possa explorar aspectos de si mesmo que talvez nunca tenha compartilhado com ningu\u00e9m.<\/p>\n<p style=\"text-align: justify;\">Com o tempo, muitas pessoas percebem que aquilo que mais temiam revelar acaba sendo recebido com compreens\u00e3o, e n\u00e3o com cr\u00edtica. Essa experi\u00eancia pode ser profundamente transformadora. Quando algu\u00e9m fala sobre algo que considera vergonhoso e encontra acolhimento em vez de reprova\u00e7\u00e3o, ocorre uma quebra importante na expectativa de julgamento. Aos poucos, o indiv\u00edduo come\u00e7a a questionar cren\u00e7as antigas sobre si mesmo, como a ideia de que seus sentimentos s\u00e3o inadequados ou que seus erros o definem completamente.<\/p>\n<p style=\"text-align: justify;\">Esse processo tamb\u00e9m envolve aprender a lidar com a pr\u00f3pria autocr\u00edtica. Muitas vezes, o julgamento mais duro n\u00e3o vem do terapeuta nem das outras pessoas, mas da pr\u00f3pria pessoa consigo mesma. A voz interna que diz \u201cvoc\u00ea deveria ser diferente\u201d, \u201cisso \u00e9 rid\u00edculo\u201d, ou \u201cningu\u00e9m pode saber disso\u201d pode ser mais r\u00edgida e cruel do que qualquer cr\u00edtica externa. A terapia oferece a oportunidade de reconhecer essa voz, compreender suas origens e desenvolver uma rela\u00e7\u00e3o mais compassiva consigo mesmo.<\/p>\n<p style=\"text-align: justify;\">Al\u00e9m disso, enfrentar o medo de ser julgado na terapia pode ter efeitos que se estendem para outras \u00e1reas da vida. Quando a pessoa se sente segura para expressar seus pensamentos e emo\u00e7\u00f5es sem m\u00e1scaras, ela come\u00e7a a desenvolver maior autenticidade. Isso n\u00e3o significa perder o cuidado com o que se diz ou ignorar normas sociais, mas sim encontrar um equil\u00edbrio entre ser verdadeiro consigo mesmo e se relacionar com os outros de forma saud\u00e1vel.<\/p>\n<p style=\"text-align: justify;\">\u00c9 importante reconhecer que superar o medo de julgamento n\u00e3o acontece de forma imediata. Trata-se de um processo gradual, constru\u00eddo ao longo das sess\u00f5es e baseado na confian\u00e7a entre terapeuta e paciente. Cada pequena revela\u00e7\u00e3o, cada momento de vulnerabilidade compartilhada, contribui para fortalecer essa rela\u00e7\u00e3o e ampliar o espa\u00e7o de seguran\u00e7a emocional.<\/p>\n<p style=\"text-align: justify;\">Em \u00faltima an\u00e1lise, o medo de ser julgado na terapia revela algo profundamente humano: o desejo de ser aceito. Todos n\u00f3s, em algum n\u00edvel, queremos ser vistos e compreendidos sem sermos rejeitados por aquilo que somos. A terapia se prop\u00f5e a ser um espa\u00e7o onde esse desejo pode ser explorado e acolhido, permitindo que a pessoa descubra que suas imperfei\u00e7\u00f5es, d\u00favidas e fragilidades n\u00e3o a tornam menos digna de cuidado ou de compreens\u00e3o.<\/p>\n<p style=\"text-align: justify;\">Assim, enfrentar esse medo pode se tornar um dos passos mais importantes do processo terap\u00eautico. Ao atravessar a barreira do julgamento real ou imaginado o indiv\u00edduo abre caminho para uma experi\u00eancia mais honesta consigo mesmo. Nesse caminho, a terapia deixa de ser apenas um lugar para falar sobre problemas e passa a se tornar um espa\u00e7o de autoconhecimento, crescimento e reconstru\u00e7\u00e3o da pr\u00f3pria rela\u00e7\u00e3o com quem se \u00e9.<\/p>\n<p style=\"text-align: justify;\">Escrito por Thiago Alves Eduardo, psic\u00f3logo e neurocientista, psicoterapeuta cognitivo-comportamental, especialista em Sexualidade Humana e p\u00f3s-graduado em Psicologia e Sa\u00fade. Dedica seu trabalho a promover sa\u00fade mental e bem-estar, compartilhando reflex\u00f5es e dicas pr\u00e1ticas para ajudar as pessoas a viverem com mais equil\u00edbrio e qualidade de vida.<\/p>\n<p style=\"text-align: justify;\">&nbsp;<\/p>\n","protected":false},"excerpt":{"rendered":"<p>Entre o Sil\u00eancio e a Confiss\u00e3o: o Medo de Ser Julgado na Terapia Por Thiago Alves Eduardo &#8211; Psic\u00f3logo&nbsp; @thiagoalvespsic O medo de ser julgado \u00e9 uma das barreiras mais silenciosas e poderosas que muitas pessoas enfrentam ao iniciar ou participar de um processo terap\u00eautico. Paradoxalmente, a terapia \u00e9 um espa\u00e7o criado justamente para acolher [&hellip;]<\/p>\n","protected":false},"author":1,"featured_media":47211,"comment_status":"open","ping_status":"open","sticky":false,"template":"","format":"standard","meta":{"ngg_post_thumbnail":0,"footnotes":""},"categories":[2,352,41],"tags":[],"class_list":["post-47209","post","type-post","status-publish","format-standard","has-post-thumbnail","hentry","category-destaques","category-terapias","category-ultimasnoticias"],"_links":{"self":[{"href":"https:\/\/somdepapo.com.br\/portal\/wp-json\/wp\/v2\/posts\/47209","targetHints":{"allow":["GET"]}}],"collection":[{"href":"https:\/\/somdepapo.com.br\/portal\/wp-json\/wp\/v2\/posts"}],"about":[{"href":"https:\/\/somdepapo.com.br\/portal\/wp-json\/wp\/v2\/types\/post"}],"author":[{"embeddable":true,"href":"https:\/\/somdepapo.com.br\/portal\/wp-json\/wp\/v2\/users\/1"}],"replies":[{"embeddable":true,"href":"https:\/\/somdepapo.com.br\/portal\/wp-json\/wp\/v2\/comments?post=47209"}],"version-history":[{"count":1,"href":"https:\/\/somdepapo.com.br\/portal\/wp-json\/wp\/v2\/posts\/47209\/revisions"}],"predecessor-version":[{"id":47212,"href":"https:\/\/somdepapo.com.br\/portal\/wp-json\/wp\/v2\/posts\/47209\/revisions\/47212"}],"wp:featuredmedia":[{"embeddable":true,"href":"https:\/\/somdepapo.com.br\/portal\/wp-json\/wp\/v2\/media\/47211"}],"wp:attachment":[{"href":"https:\/\/somdepapo.com.br\/portal\/wp-json\/wp\/v2\/media?parent=47209"}],"wp:term":[{"taxonomy":"category","embeddable":true,"href":"https:\/\/somdepapo.com.br\/portal\/wp-json\/wp\/v2\/categories?post=47209"},{"taxonomy":"post_tag","embeddable":true,"href":"https:\/\/somdepapo.com.br\/portal\/wp-json\/wp\/v2\/tags?post=47209"}],"curies":[{"name":"wp","href":"https:\/\/api.w.org\/{rel}","templated":true}]}}