{"id":47254,"date":"2026-03-09T06:40:24","date_gmt":"2026-03-09T09:40:24","guid":{"rendered":"https:\/\/somdepapo.com.br\/portal\/?p=47254"},"modified":"2026-03-08T19:44:21","modified_gmt":"2026-03-08T22:44:21","slug":"fadiga-cronica-quando-o-cansaco-deixa-de-ser-normal","status":"publish","type":"post","link":"https:\/\/somdepapo.com.br\/portal\/fadiga-cronica-quando-o-cansaco-deixa-de-ser-normal\/","title":{"rendered":"Fadiga Cr\u00f4nica: quando o cansa\u00e7o deixa de ser normal"},"content":{"rendered":"<p style=\"text-align: right;\">Por Kamila Gimenes&nbsp;<\/p>\n<p style=\"text-align: justify;\">Sentir-se cansado ao final de um dia intenso \u00e9 esperado. O corpo humano foi projetado para alternar per\u00edodos de esfor\u00e7o e recupera\u00e7\u00e3o. Dormimos, descansamos, reorganizamos nossas reservas metab\u00f3licas e no dia seguinte retomamos a rotina. O problema come\u00e7a quando o cansa\u00e7o deixa de ser epis\u00f3dico e passa a ser um estado permanente. \u00c9 nesse ponto que entramos no territ\u00f3rio da fadiga cr\u00f4nica \u2014 um fen\u00f4meno cada vez mais comum na vida moderna.<\/p>\n<p style=\"text-align: justify;\">A fadiga cr\u00f4nica n\u00e3o \u00e9 simplesmente \u201cestar cansado\u201d. Trata-se de uma sensa\u00e7\u00e3o persistente de esgotamento f\u00edsico e mental que n\u00e3o melhora adequadamente com descanso. Muitos pacientes relatam acordar pela manh\u00e3 j\u00e1 sem energia, como se a noite de sono n\u00e3o tivesse cumprido seu papel restaurador. Outros descrevem dificuldade de concentra\u00e7\u00e3o, redu\u00e7\u00e3o de produtividade, irritabilidade e at\u00e9 perda de motiva\u00e7\u00e3o para atividades que antes eram prazerosas.<\/p>\n<p style=\"text-align: justify;\">Embora frequentemente seja tratada como um problema puramente psicol\u00f3gico ou relacionado ao estresse, a fadiga cr\u00f4nica costuma ter ra\u00edzes fisiol\u00f3gicas complexas. O corpo humano funciona por meio de sistemas integrados, e quando esses sistemas entram em descompasso, a energia simplesmente deixa de circular como deveria.<\/p>\n<p style=\"text-align: justify;\">Um dos principais eixos envolvidos \u00e9 o chamado eixo adrenal\u2013tireoide\u2013p\u00e2ncreas. As gl\u00e2ndulas adrenais participam da regula\u00e7\u00e3o do cortisol, horm\u00f4nio central na resposta ao estresse e na organiza\u00e7\u00e3o do ritmo circadiano. Pela manh\u00e3, n\u00edveis adequados de cortisol ajudam a despertar o organismo, aumentar o estado de alerta e mobilizar energia. \u00c0 noite, esse horm\u00f4nio deveria naturalmente cair, permitindo que o corpo entre em modo de recupera\u00e7\u00e3o.<\/p>\n<p style=\"text-align: justify;\">O problema \u00e9 que os h\u00e1bitos modernos frequentemente sabotam esse mecanismo ancestral. Luzes artificiais intensas durante a noite, exposi\u00e7\u00e3o constante a telas, refei\u00e7\u00f5es tardias, priva\u00e7\u00e3o de sono e n\u00edveis elevados de estresse emocional mant\u00eam o organismo em estado de alerta prolongado. Com o tempo, o ritmo do cortisol perde sua cad\u00eancia natural.<\/p>\n<p style=\"text-align: justify;\">Quando isso acontece, a fadiga pode surgir de formas paradoxais. Algumas pessoas apresentam dificuldade para acordar pela manh\u00e3 e dependem de m\u00faltiplas x\u00edcaras de caf\u00e9 para come\u00e7ar o dia. Outras vivem o fen\u00f4meno conhecido como \u201csegundo f\u00f4lego noturno\u201d: passam o dia arrastadas, mas \u00e0 noite sentem-se inesperadamente mais despertas.<\/p>\n<p style=\"text-align: justify;\">A tireoide tamb\u00e9m desempenha papel fundamental nesse cen\u00e1rio. Ela regula a taxa metab\u00f3lica do corpo, influenciando diretamente a produ\u00e7\u00e3o e utiliza\u00e7\u00e3o de energia pelas c\u00e9lulas. Entretanto, mesmo quando os exames laboratoriais mostram valores aparentemente normais, o metabolismo pode n\u00e3o estar funcionando de maneira eficiente. Em situa\u00e7\u00f5es de estresse prolongado, por exemplo, o organismo pode aumentar a produ\u00e7\u00e3o de T3 reverso, uma forma inativa do horm\u00f4nio tireoidiano que reduz o ritmo metab\u00f3lico como estrat\u00e9gia de prote\u00e7\u00e3o.<\/p>\n<p style=\"text-align: justify;\">Do ponto de vista biol\u00f3gico, faz sentido. Em ambientes de amea\u00e7a ou escassez, o corpo economiza energia. O problema \u00e9 que a vida moderna mant\u00e9m esse estado de alerta sem oferecer o descanso necess\u00e1rio para restaurar o equil\u00edbrio.<\/p>\n<p style=\"text-align: justify;\">Outro fator frequentemente ignorado \u00e9 o impacto do metabolismo da glicose. Oscila\u00e7\u00f5es repetidas de a\u00e7\u00facar no sangue \u2014 provocadas por dietas ricas em carboidratos refinados ou longos per\u00edodos de jejum seguidos por grandes refei\u00e7\u00f5es \u2014 podem gerar ciclos de energia e queda abrupta de disposi\u00e7\u00e3o. Muitas pessoas interpretam esses epis\u00f3dios apenas como \u201cfalta de caf\u00e9\u201d, quando na verdade representam uma instabilidade metab\u00f3lica mais ampla.<\/p>\n<p style=\"text-align: justify;\">Al\u00e9m disso, a inflama\u00e7\u00e3o silenciosa de baixo grau, cada vez mais associada ao estilo de vida contempor\u00e2neo, tamb\u00e9m pode contribuir para o quadro. Dist\u00farbios intestinais, alimenta\u00e7\u00e3o ultraprocessada, priva\u00e7\u00e3o de sono e sedentarismo alimentam um ambiente inflamat\u00f3rio que afeta diretamente o funcionamento cerebral e a sensa\u00e7\u00e3o subjetiva de energia.<\/p>\n<p style=\"text-align: justify;\">\u00c9 importante compreender que fadiga cr\u00f4nica n\u00e3o \u00e9 sinal de fraqueza ou falta de disciplina. Na maioria das vezes, ela \u00e9 um sinal de que o organismo est\u00e1 tentando comunicar um desequil\u00edbrio. Ignorar esse sinal e tentar \u201cempurrar o corpo\u201d apenas com estimulantes ou for\u00e7a de vontade costuma agravar o problema.<\/p>\n<p style=\"text-align: justify;\">A abordagem adequada exige uma vis\u00e3o mais ampla. Avaliar qualidade do sono, ritmo circadiano, alimenta\u00e7\u00e3o, atividade f\u00edsica, sa\u00fade intestinal, n\u00edveis de estresse e fun\u00e7\u00e3o hormonal \u00e9 essencial para compreender a origem do cansa\u00e7o persistente.<\/p>\n<p style=\"text-align: justify;\">Felizmente, muitas interven\u00e7\u00f5es simples podem iniciar um processo de recupera\u00e7\u00e3o. Resgatar um ritmo regular de sono, reduzir exposi\u00e7\u00e3o a luz intensa durante a noite, buscar contato com luz natural pela manh\u00e3, organizar hor\u00e1rios de refei\u00e7\u00e3o e manter atividade f\u00edsica regular ajudam a restabelecer a comunica\u00e7\u00e3o entre os sistemas metab\u00f3licos.<\/p>\n<p style=\"text-align: justify;\">Curiosamente, essas estrat\u00e9gias n\u00e3o s\u00e3o novas. Na verdade, elas refletem pr\u00e1ticas que acompanharam a humanidade por s\u00e9culos: dormir quando escurece, acordar com a luz do dia, movimentar o corpo regularmente e manter uma alimenta\u00e7\u00e3o menos industrializada.<\/p>\n<p style=\"text-align: justify;\">Em um mundo que valoriza produtividade constante, o descanso passou a ser visto quase como um luxo. No entanto, do ponto de vista biol\u00f3gico, ele \u00e9 uma necessidade fundamental. Energia n\u00e3o \u00e9 apenas uma quest\u00e3o de motiva\u00e7\u00e3o ou for\u00e7a de vontade; \u00e9 resultado de um organismo funcionando em harmonia.<\/p>\n<p style=\"text-align: justify;\">Quando o corpo encontra novamente seu ritmo natural, algo interessante acontece: a disposi\u00e7\u00e3o retorna de forma quase silenciosa. A clareza mental melhora, o humor se estabiliza e tarefas cotidianas deixam de parecer montanhas intranspon\u00edveis.<\/p>\n<p style=\"text-align: justify;\">Talvez a li\u00e7\u00e3o mais importante seja esta: cansa\u00e7o ocasional faz parte da vida. Mas viver permanentemente exausto n\u00e3o deveria ser considerado normal.<\/p>\n<p style=\"text-align: justify;\">&nbsp;<\/p>\n","protected":false},"excerpt":{"rendered":"<p>Por Kamila Gimenes&nbsp; Sentir-se cansado ao final de um dia intenso \u00e9 esperado. O corpo humano foi projetado para alternar per\u00edodos de esfor\u00e7o e recupera\u00e7\u00e3o. Dormimos, descansamos, reorganizamos nossas reservas metab\u00f3licas e no dia seguinte retomamos a rotina. O problema come\u00e7a quando o cansa\u00e7o deixa de ser epis\u00f3dico e passa a ser um estado permanente. [&hellip;]<\/p>\n","protected":false},"author":1,"featured_media":47255,"comment_status":"open","ping_status":"open","sticky":false,"template":"","format":"standard","meta":{"ngg_post_thumbnail":0,"footnotes":""},"categories":[2,396,31,41],"tags":[],"class_list":["post-47254","post","type-post","status-publish","format-standard","has-post-thumbnail","hentry","category-destaques","category-genetica-e-metabolismo","category-noticias","category-ultimasnoticias"],"_links":{"self":[{"href":"https:\/\/somdepapo.com.br\/portal\/wp-json\/wp\/v2\/posts\/47254","targetHints":{"allow":["GET"]}}],"collection":[{"href":"https:\/\/somdepapo.com.br\/portal\/wp-json\/wp\/v2\/posts"}],"about":[{"href":"https:\/\/somdepapo.com.br\/portal\/wp-json\/wp\/v2\/types\/post"}],"author":[{"embeddable":true,"href":"https:\/\/somdepapo.com.br\/portal\/wp-json\/wp\/v2\/users\/1"}],"replies":[{"embeddable":true,"href":"https:\/\/somdepapo.com.br\/portal\/wp-json\/wp\/v2\/comments?post=47254"}],"version-history":[{"count":3,"href":"https:\/\/somdepapo.com.br\/portal\/wp-json\/wp\/v2\/posts\/47254\/revisions"}],"predecessor-version":[{"id":47258,"href":"https:\/\/somdepapo.com.br\/portal\/wp-json\/wp\/v2\/posts\/47254\/revisions\/47258"}],"wp:featuredmedia":[{"embeddable":true,"href":"https:\/\/somdepapo.com.br\/portal\/wp-json\/wp\/v2\/media\/47255"}],"wp:attachment":[{"href":"https:\/\/somdepapo.com.br\/portal\/wp-json\/wp\/v2\/media?parent=47254"}],"wp:term":[{"taxonomy":"category","embeddable":true,"href":"https:\/\/somdepapo.com.br\/portal\/wp-json\/wp\/v2\/categories?post=47254"},{"taxonomy":"post_tag","embeddable":true,"href":"https:\/\/somdepapo.com.br\/portal\/wp-json\/wp\/v2\/tags?post=47254"}],"curies":[{"name":"wp","href":"https:\/\/api.w.org\/{rel}","templated":true}]}}